{"id":321180,"date":"2026-09-01T09:10:03","date_gmt":"2026-09-01T12:10:03","guid":{"rendered":"https:\/\/www.caririemacao.com\/1\/?p=321180"},"modified":"2026-09-01T09:10:03","modified_gmt":"2026-09-01T12:10:03","slug":"eleicoes-2026-saiba-o-que-e-permitido-e-proibido-no-dia-da-votacao","status":"publish","type":"post","link":"https:\/\/www.caririemacao.com\/1\/2026\/09\/01\/eleicoes-2026-saiba-o-que-e-permitido-e-proibido-no-dia-da-votacao\/","title":{"rendered":"Elei\u00e7\u00f5es 2026: saiba o que \u00e9 permitido e proibido no dia da vota\u00e7\u00e3o"},"content":{"rendered":"<div class=\"header-noticia full-width\">\n<div class=\"linha-fina-noticia\" style=\"text-align: center;\"><strong><em>Primeiro turno ser\u00e1 em 4 de outubro; eventual segundo turno, dia 25<\/em><\/strong><\/div>\n<\/div>\n<div>\n<p>Com a proximidade do primeiro turno das Elei\u00e7\u00f5es 2026, em 4 de outubro, muitos eleitores se perguntam sobre o que podem e o que n\u00e3o podem fazer antes e durante a vota\u00e7\u00e3o.\u00a0<img decoding=\"async\" src=\"https:\/\/agenciabrasil.ebc.com.br\/ebc.png?id=1700949&amp;o=node\" \/><img decoding=\"async\" src=\"https:\/\/agenciabrasil.ebc.com.br\/ebc.gif?id=1700949&amp;o=node\" \/><\/p>\n<p>Para orient\u00e1-los, o Tribunal Superior Eleitoral (TSE) formulou o\u00a0<em>Manual do Eleitor<\/em>, que re\u00fane em um \u00fanico documento um resumo explicativo das principais normas e orienta\u00e7\u00f5es para os cidad\u00e3os e cidad\u00e3s exercerem seu direito ao voto.<\/p>\n<p>O manual \u00e9 fruto da\u00a0<a href=\"https:\/\/www.tse.jus.br\/legislacao\/compilada\/res\/2026\/resolucao-no-23-759-de-26-de-fevereiro-de-2026\" target=\"_blank\" rel=\"noopener\">Resolu\u00e7\u00e3o n\u00ba 23.759<\/a>\u00a0que o TSE publicou em mar\u00e7o deste ano. Dedicada exclusivamente \u00e0 participa\u00e7\u00e3o popular no processo eleitoral, a norma re\u00fane, em 13 cap\u00edtulos, o conjunto de regras que balizam as elei\u00e7\u00f5es.<\/p>\n<p>\u201cS\u00e3o orienta\u00e7\u00f5es pr\u00e1ticas sobre o exerc\u00edcio do voto, como a necessidade de apresenta\u00e7\u00e3o de documento oficial com foto e a proibi\u00e7\u00e3o do ingresso com aparelho celular na cabine de vota\u00e7\u00e3o\u201d, explicou o presidente do TSE, ministro Kassio Nunes Marques, ao apresentar o manual, em junho.<\/p>\n<p>Para Marques, a publica\u00e7\u00e3o facilita a consulta \u00e0s informa\u00e7\u00f5es necess\u00e1rias ao exerc\u00edcio consciente do voto e ao fortalecimento da cidadania.<\/p>\n<p>A vota\u00e7\u00e3o ocorrer\u00e1 em todo o Brasil, das 8 horas \u00e0s 17 horas (hor\u00e1rio de Bras\u00edlia). O segundo turno, se houver, ser\u00e1 realizado no dia 25 de outubro.<\/p>\n<p>Cada eleitor votar\u00e1 em um candidato a deputado federal, estadual (distrital no caso do Distrito Federal) e em dois candidatos ao Senado, al\u00e9m dos votos para presidente da Rep\u00fablica e governadores, bem como seus respectivos vices.<\/p>\n<p>Confira, abaixo, alguns itens obrigat\u00f3rios, permitidos ou proibidos:<\/p>\n<ul>\n<li>O voto \u00e9\u00a0<strong>obrigat\u00f3rio<\/strong>\u00a0a partir dos 18 anos e\u00a0<strong>facultativo<\/strong>\u00a0para jovens de 16 e 17 anos; maiores de 70 anos e analfabetos. Mas aten\u00e7\u00e3o: quem est\u00e1 com o t\u00edtulo de eleitor cancelado\u00a0<strong>n\u00e3o pode<\/strong>\u00a0votar<\/li>\n<li>Para votar, \u00e9\u00a0<strong>obrigat\u00f3rio<\/strong>\u00a0apresentar um documento oficial original, com foto (RG; CNH; passaporte etc)<\/li>\n<li>O eleitor cujo t\u00edtulo eleitoral estiver em situa\u00e7\u00e3o regular\u00a0<strong>pode<\/strong>\u00a0votar mesmo que n\u00e3o tenha coletado a biometria<\/li>\n<li>Pessoas transg\u00eanero\u00a0<strong>t\u00eam o direito<\/strong>\u00a0de ter sua identidade de g\u00eanero e nome social respeitados no cadastro eleitoral<\/li>\n<li>\u00c9\u00a0<strong>proibido<\/strong>\u00a0colar propaganda eleitoral em ve\u00edculos particulares, exceto adesivos microperfurados at\u00e9 a extens\u00e3o total do para-brisa traseiro e, em outras posi\u00e7\u00f5es, adesivos at\u00e9 a dimens\u00e3o m\u00e1xima fixada<\/li>\n<li>Eleitoras e eleitores que n\u00e3o estiverem em seu domic\u00edlio eleitoral no dia do pleito\u00a0<strong>t\u00eam direito<\/strong>\u00a0a votar em tr\u00e2nsito nas capitais e nos munic\u00edpios com eleitorado superior a cem mil habitantes, mas o prazo obrigat\u00f3rio para pedir a transfer\u00eancia tempor\u00e1ria terminou em 20 de agosto<\/li>\n<\/ul>\n<h2>No dia da elei\u00e7\u00e3o<\/h2>\n<ul>\n<li>\u00c9\u00a0<strong>proibido<\/strong>\u00a0ingressar na cabine de vota\u00e7\u00e3o com aparelhos de telefone celular, que devem ser deixados em local indicado pelos mes\u00e1rios<\/li>\n<li>O eleitor\u00a0<strong>pode levar<\/strong>\u00a0os nomes e n\u00fameros de registro de seus candidatos anotados em um papel e utiliz\u00e1-lo na hora de votar<\/li>\n<li>Todo eleitor\u00a0<strong>tem direito<\/strong>, conforme a necessidade, a se ausentar do servi\u00e7o pelo tempo necess\u00e1rio para votar, sem sofrer descontos salariais ou qualquer outro preju\u00edzo<\/li>\n<li>S\u00e3o\u00a0<strong>proibidas<\/strong>\u00a0a boca de urna e aglomera\u00e7\u00f5es com roupas padronizadas<\/li>\n<li>O eleitor\u00a0<strong>pode<\/strong>\u00a0manifestar sua prefer\u00eancia pol\u00edtica de forma individual e silenciosa por meio do uso de bandeiras, broches, adesivos e camisetas<\/li>\n<li>Candidatos ou partidos pol\u00edticos\u00a0<strong>est\u00e3o proibidos<\/strong>\u00a0de oferecer transporte ou refei\u00e7\u00f5es para os eleitores em troca de votos<\/li>\n<li>Pessoas com defici\u00eancia ou mobilidade reduzida\u00a0<strong>t\u00eam direito<\/strong>\u00a0a ser auxiliadas por algu\u00e9m de sua escolha na hora de votar, al\u00e9m de poder acessar a urna na companhia de um c\u00e3o-guia<\/li>\n<li>O voto dos eleitores ind\u00edgenas\u00a0<strong>deve ser<\/strong>\u00a0assegurado, independentemente deles falarem ou n\u00e3o a l\u00edngua portuguesa, podendo se expressar em suas l\u00ednguas maternas<\/li>\n<li>Os port\u00f5es dos locais de vota\u00e7\u00e3o ser\u00e3o fechados \u00e0s 17 horas (hor\u00e1rio de Bras\u00edlia). A partir deste momento, s\u00f3 quem j\u00e1 estiver na fila de vota\u00e7\u00e3o\u00a0<strong>poder\u00e1<\/strong>\u00a0votar<\/li>\n<\/ul>\n<h2>Depois da elei\u00e7\u00e3o<\/h2>\n<p>Eleitores obrigadas a votar que n\u00e3o o fizeram precisam justificar a aus\u00eancia at\u00e9 3 de dezembro (se deixar de votar no 1\u00ba turno) e at\u00e9 8 de janeiro de 2027 (caso n\u00e3o votem no 2\u00ba turno).<\/p>\n<p>A justificativa pode ser\u00a0<a href=\"https:\/\/justifica.tse.jus.br\/\" target=\"_blank\" rel=\"noopener\">apresentada pela Internet<\/a>, pelo aplicativo e-T\u00edtulo ou no cart\u00f3rio eleitoral.<\/p>\n<p>CARIRI EM A\u00c7\u00c3O<\/p>\n<p>Com Ag\u00eancia Brasil<\/p>\n<\/div>\n<div class=\"subheader\">\n<div class=\"container-autoria\" style=\"text-align: center;\"><\/div>\n<\/div>\n","protected":false},"excerpt":{"rendered":"<p>Primeiro turno ser\u00e1 em 4 de outubro; eventual segundo turno, dia 25 Com a proximidade do primeiro turno das Elei\u00e7\u00f5es 2026, em 4 de outubro, muitos eleitores se perguntam sobre o que podem e o que n\u00e3o podem fazer antes e durante a vota\u00e7\u00e3o.\u00a0 Para orient\u00e1-los, o Tribunal Superior Eleitoral (TSE) formulou o\u00a0Manual do Eleitor, que re\u00fane em um \u00fanico documento um resumo explicativo das principais normas e orienta\u00e7\u00f5es para os cidad\u00e3os e cidad\u00e3s exercerem seu direito ao voto. O manual \u00e9 fruto da\u00a0Resolu\u00e7\u00e3o n\u00ba 23.759\u00a0que o TSE publicou em mar\u00e7o deste ano. Dedicada exclusivamente \u00e0 participa\u00e7\u00e3o popular no processo eleitoral, a norma re\u00fane, em 13 cap\u00edtulos, o conjunto de regras que balizam as elei\u00e7\u00f5es. \u201cS\u00e3o orienta\u00e7\u00f5es pr\u00e1ticas sobre o exerc\u00edcio do voto, como a necessidade de apresenta\u00e7\u00e3o de documento oficial com foto e a proibi\u00e7\u00e3o do ingresso com aparelho celular na cabine de vota\u00e7\u00e3o\u201d, explicou o presidente do TSE, ministro Kassio Nunes Marques, ao apresentar o manual, em junho. Para Marques, a publica\u00e7\u00e3o facilita a consulta \u00e0s informa\u00e7\u00f5es necess\u00e1rias ao exerc\u00edcio consciente do voto e ao fortalecimento da cidadania. A vota\u00e7\u00e3o ocorrer\u00e1 em todo o Brasil, das 8 horas \u00e0s 17 horas (hor\u00e1rio de Bras\u00edlia). O segundo turno, se houver, ser\u00e1 realizado no dia 25 de outubro. Cada eleitor votar\u00e1 em um candidato a deputado federal, estadual (distrital no caso do Distrito Federal) e em dois candidatos ao Senado, al\u00e9m dos votos para presidente da Rep\u00fablica e governadores, bem como seus respectivos vices. Confira, abaixo, alguns itens obrigat\u00f3rios, permitidos ou proibidos: O voto \u00e9\u00a0obrigat\u00f3rio\u00a0a partir dos 18 anos e\u00a0facultativo\u00a0para jovens de 16 e 17 anos; maiores de 70 anos e analfabetos. Mas aten\u00e7\u00e3o: quem est\u00e1 com o t\u00edtulo de eleitor cancelado\u00a0n\u00e3o pode\u00a0votar Para votar, \u00e9\u00a0obrigat\u00f3rio\u00a0apresentar um documento oficial original, com foto (RG; CNH; passaporte etc) O eleitor cujo t\u00edtulo eleitoral estiver em situa\u00e7\u00e3o regular\u00a0pode\u00a0votar mesmo que n\u00e3o tenha coletado a biometria Pessoas transg\u00eanero\u00a0t\u00eam o direito\u00a0de ter sua identidade de g\u00eanero e nome social respeitados no cadastro eleitoral \u00c9\u00a0proibido\u00a0colar propaganda eleitoral em ve\u00edculos particulares, exceto adesivos microperfurados at\u00e9 a extens\u00e3o total do para-brisa traseiro e, em outras posi\u00e7\u00f5es, adesivos at\u00e9 a dimens\u00e3o m\u00e1xima fixada Eleitoras e eleitores que n\u00e3o estiverem em seu domic\u00edlio eleitoral no dia do pleito\u00a0t\u00eam direito\u00a0a votar em tr\u00e2nsito nas capitais e nos munic\u00edpios com eleitorado superior a cem mil habitantes, mas o prazo obrigat\u00f3rio para pedir a transfer\u00eancia tempor\u00e1ria terminou em 20 de agosto No dia da elei\u00e7\u00e3o \u00c9\u00a0proibido\u00a0ingressar na cabine de vota\u00e7\u00e3o com aparelhos de telefone celular, que devem ser deixados em local indicado pelos mes\u00e1rios O eleitor\u00a0pode levar\u00a0os nomes e n\u00fameros de registro de seus candidatos anotados em um papel e utiliz\u00e1-lo na hora de votar Todo eleitor\u00a0tem direito, conforme a necessidade, a se ausentar do servi\u00e7o pelo tempo necess\u00e1rio para votar, sem sofrer descontos salariais ou qualquer outro preju\u00edzo S\u00e3o\u00a0proibidas\u00a0a boca de urna e aglomera\u00e7\u00f5es com roupas padronizadas O eleitor\u00a0pode\u00a0manifestar sua prefer\u00eancia pol\u00edtica de forma individual e silenciosa por meio do uso de bandeiras, broches, adesivos e camisetas Candidatos ou partidos pol\u00edticos\u00a0est\u00e3o proibidos\u00a0de oferecer transporte ou refei\u00e7\u00f5es para os eleitores em troca de votos Pessoas com defici\u00eancia ou mobilidade reduzida\u00a0t\u00eam direito\u00a0a ser auxiliadas por algu\u00e9m de sua escolha na hora de votar, al\u00e9m de poder acessar a urna na companhia de um c\u00e3o-guia O voto dos eleitores ind\u00edgenas\u00a0deve ser\u00a0assegurado, independentemente deles falarem ou n\u00e3o a l\u00edngua portuguesa, podendo se expressar em suas l\u00ednguas maternas Os port\u00f5es dos locais de vota\u00e7\u00e3o ser\u00e3o fechados \u00e0s 17 horas (hor\u00e1rio de Bras\u00edlia). A partir deste momento, s\u00f3 quem j\u00e1 estiver na fila de vota\u00e7\u00e3o\u00a0poder\u00e1\u00a0votar Depois da elei\u00e7\u00e3o Eleitores obrigadas a votar que n\u00e3o o fizeram precisam justificar a aus\u00eancia at\u00e9 3 de dezembro (se deixar de votar no 1\u00ba turno) e at\u00e9 8 de janeiro de 2027 (caso n\u00e3o votem no 2\u00ba turno). A justificativa pode ser\u00a0apresentada pela Internet, pelo aplicativo e-T\u00edtulo ou no cart\u00f3rio eleitoral. CARIRI EM A\u00c7\u00c3O Com Ag\u00eancia Brasil<\/p>\n","protected":false},"author":6,"featured_media":321181,"comment_status":"closed","ping_status":"closed","sticky":false,"template":"","format":"standard","meta":{"sfsi_plus_gutenberg_text_before_share":"","sfsi_plus_gutenberg_show_text_before_share":"","sfsi_plus_gutenberg_icon_type":"","sfsi_plus_gutenberg_icon_alignemt":"","sfsi_plus_gutenburg_max_per_row":"","footnotes":""},"categories":[50,161,11],"tags":[],"class_list":["post-321180","post","type-post","status-publish","format-standard","has-post-thumbnail","hentry","category-destaque","category-eleicoes-2026","category-politica"],"_links":{"self":[{"href":"https:\/\/www.caririemacao.com\/1\/wp-json\/wp\/v2\/posts\/321180","targetHints":{"allow":["GET"]}}],"collection":[{"href":"https:\/\/www.caririemacao.com\/1\/wp-json\/wp\/v2\/posts"}],"about":[{"href":"https:\/\/www.caririemacao.com\/1\/wp-json\/wp\/v2\/types\/post"}],"author":[{"embeddable":true,"href":"https:\/\/www.caririemacao.com\/1\/wp-json\/wp\/v2\/users\/6"}],"replies":[{"embeddable":true,"href":"https:\/\/www.caririemacao.com\/1\/wp-json\/wp\/v2\/comments?post=321180"}],"version-history":[{"count":1,"href":"https:\/\/www.caririemacao.com\/1\/wp-json\/wp\/v2\/posts\/321180\/revisions"}],"predecessor-version":[{"id":321182,"href":"https:\/\/www.caririemacao.com\/1\/wp-json\/wp\/v2\/posts\/321180\/revisions\/321182"}],"wp:featuredmedia":[{"embeddable":true,"href":"https:\/\/www.caririemacao.com\/1\/wp-json\/wp\/v2\/media\/321181"}],"wp:attachment":[{"href":"https:\/\/www.caririemacao.com\/1\/wp-json\/wp\/v2\/media?parent=321180"}],"wp:term":[{"taxonomy":"category","embeddable":true,"href":"https:\/\/www.caririemacao.com\/1\/wp-json\/wp\/v2\/categories?post=321180"},{"taxonomy":"post_tag","embeddable":true,"href":"https:\/\/www.caririemacao.com\/1\/wp-json\/wp\/v2\/tags?post=321180"}],"curies":[{"name":"wp","href":"https:\/\/api.w.org\/{rel}","templated":true}]}}