{"id":321185,"date":"2026-09-01T10:23:07","date_gmt":"2026-09-01T13:23:07","guid":{"rendered":"https:\/\/www.caririemacao.com\/1\/?p=321185"},"modified":"2026-09-01T10:23:07","modified_gmt":"2026-09-01T13:23:07","slug":"eleicoes-2026-solicitacao-de-transporte-para-votar-na-pb-comeca-nesta-terca-feira-1o","status":"publish","type":"post","link":"https:\/\/www.caririemacao.com\/1\/2026\/09\/01\/eleicoes-2026-solicitacao-de-transporte-para-votar-na-pb-comeca-nesta-terca-feira-1o\/","title":{"rendered":"Elei\u00e7\u00f5es 2026: solicita\u00e7\u00e3o de transporte para votar na PB come\u00e7a nesta ter\u00e7a-feira (1\u00ba)"},"content":{"rendered":"<p>Urna eletr\u00f4nica<br \/>\nDivulga\u00e7\u00e3o<br \/>\nCome\u00e7a nesta ter\u00e7a-feira (1\u00ba) o prazo para solicitar transporte especial para as elei\u00e7\u00f5es 2026 na Para\u00edba. O servi\u00e7o gratuito ser\u00e1 oferecido pelo Tribunal Regional Eleitoral da Para\u00edba (TRE-PB) a eleitoras e eleitores com defici\u00eancia ou dificuldade de locomo\u00e7\u00e3o que n\u00e3o tenham meios pr\u00f3prios para chegar ao local de vota\u00e7\u00e3o. O transporte ser\u00e1 disponibilizado pelo programa Seu Voto Importa, criado pelo Tribunal Superior Eleitoral (TSE) e executado pelos Tribunais Regionais Eleitorais.<\/p>\n<p>Agora no g1<br \/>\nNa Para\u00edba, a iniciativa ser\u00e1 realizada em 143 munic\u00edpios, que re\u00fanem 1.005.087 eleitoras e eleitores. Como solicitar transporte especial para as elei\u00e7\u00f5es 2026 na Para\u00edba<br \/>\nAs inscri\u00e7\u00f5es ficam abertas de 1\u00ba a 14 de setembro. Para fazer o pedido, o eleitor deve acessar o formul\u00e1rio de solicita\u00e7\u00e3o.<\/p>\n<p>Tamb\u00e9m \u00e9 poss\u00edvel chegar ao formul\u00e1rio pelo WhatsApp do TRE-PB, no n\u00famero (83) 3512-1500. No formul\u00e1rio, ser\u00e1 necess\u00e1rio informar os dados usados na an\u00e1lise do pedido e apresentar a documenta\u00e7\u00e3o que comprove a defici\u00eancia ou a dificuldade de locomo\u00e7\u00e3o, de acordo com as regras do programa. Quem pode solicitar o transporte para votar<br \/>\nO servi\u00e7o \u00e9 destinado a pessoas que n\u00e3o tenham meios pr\u00f3prios para chegar \u00e0 se\u00e7\u00e3o eleitoral e que apresentem defici\u00eancia ou dificuldade de locomo\u00e7\u00e3o.<\/p>\n<p>Segundo a secret\u00e1ria de Gest\u00e3o Estrat\u00e9gica e Moderniza\u00e7\u00e3o do TRE-PB, Alexandra Cordeiro, tamb\u00e9m poder\u00e3o solicitar o transporte pessoas com defici\u00eancia f\u00edsica tempor\u00e1ria, idosos, gestantes com risco de perda gestacional e pessoas obesas. Quem tiver a solicita\u00e7\u00e3o atendida receber\u00e1 informa\u00e7\u00f5es sobre o hor\u00e1rio aproximado em que ser\u00e1 buscado. Durante o embarque e o desembarque, os respons\u00e1veis pelo transporte dever\u00e3o auxiliar os passageiros, principalmente aqueles com baixa ou nenhuma mobilidade.<\/p>\n<p>A solicita\u00e7\u00e3o ser\u00e1 analisada individualmente pelo TRE-PB, que levar\u00e1 em considera\u00e7\u00e3o crit\u00e9rios como a dist\u00e2ncia entre a resid\u00eancia e o local de vota\u00e7\u00e3o.<\/p>\n<p>Cidades da Para\u00edba que ter\u00e3o transporte especial<br \/>\nO programa ser\u00e1 realizado nos seguintes 143 munic\u00edpios:<br \/>\nAguiar<br \/>\nAlagoa Grande<br \/>\nAlagoa Nova<br \/>\nAlagoinha<br \/>\nAlcantil<br \/>\nAlgod\u00e3o de Janda\u00edra<br \/>\nAmparo<br \/>\nAreia<br \/>\nAreia de Bara\u00fanas<br \/>\nAreial<br \/>\nAssun\u00e7\u00e3o<br \/>\nBara\u00fana<br \/>\nBarra de S\u00e3o Miguel<br \/>\nBel\u00e9m do Brejo do Cruz<br \/>\nBernardino Batista<br \/>\nBoa Ventura<br \/>\nBoa Vista<br \/>\nBom Jesus<br \/>\nBom Sucesso<br \/>\nBoqueir\u00e3o<br \/>\nBorborema<br \/>\nBrejo dos Santos<br \/>\nCabaceiras<br \/>\nCachoeira dos \u00cdndios<br \/>\nCacimba de Areia<br \/>\nCacimbas<br \/>\nCai\u00e7ara<br \/>\nCajazeiras<br \/>\nCajazeirinhas<br \/>\nCaldas Brand\u00e3o<br \/>\nCamala\u00fa<br \/>\nCara\u00fabas<br \/>\nCarrapateira<br \/>\nCasserengue<br \/>\nCatingueira<br \/>\nCaturit\u00e9<br \/>\nConcei\u00e7\u00e3o<br \/>\nCongo<br \/>\nCondado<br \/>\nCoxixola<br \/>\nCuitegi<br \/>\nCurral de Cima<br \/>\nCurral Velho<br \/>\nDami\u00e3o<br \/>\nDesterro<br \/>\nDiamante<br \/>\nDuas Estradas<br \/>\nEmas<br \/>\nFrei Martinho<br \/>\nGurj\u00e3o<br \/>\nIbiara<br \/>\nIgaracy<br \/>\nItabaiana<br \/>\nItaporanga<br \/>\nJacara\u00fa<br \/>\nJoca Claudino<br \/>\nJuarez T\u00e1vora<br \/>\nJuazeirinho<br \/>\nJunco do Serid\u00f3<br \/>\nJuripiranga<br \/>\nLagoa<br \/>\nLagoa Seca<br \/>\nLastro<br \/>\nLivramento<br \/>\nLogradouro<br \/>\nLucena<br \/>\nM\u00e3e D&#8217;\u00c1gua<br \/>\nMalta<br \/>\nMariz\u00f3polis<br \/>\nMataraca<br \/>\nMato Grosso<br \/>\nMatinhas<br \/>\nMatur\u00e9ia<br \/>\nMogeiro<br \/>\nMontadas<br \/>\nMonte Horebe<br \/>\nMonteiro<br \/>\nNatuba<br \/>\nNazarezinho<br \/>\nNova Palmeira<br \/>\nNova Olinda<br \/>\nOlivedos<br \/>\nOuro Velho<br \/>\nParari<br \/>\nPassagem<br \/>\nPedra Branca<br \/>\nPedra Lavrada<br \/>\nPedras de Fogo<br \/>\nPedro R\u00e9gis<br \/>\nPianc\u00f3<br \/>\nPilar<br \/>\nPicu\u00ed<br \/>\nPil\u00f5es<br \/>\nPil\u00f5ezinhos<br \/>\nPo\u00e7o Dantas<br \/>\nPo\u00e7o de Jos\u00e9 de Moura<br \/>\nPombal<br \/>\nPrata<br \/>\nQuixaba<br \/>\nRiach\u00e3o<br \/>\nRiach\u00e3o do Bacamarte<br \/>\nRiach\u00e3o do Po\u00e7o<br \/>\nRiacho de Santo Ant\u00f4nio<br \/>\nSalgadinho<br \/>\nSalgado de S\u00e3o F\u00e9lix<br \/>\nSanta Cruz<br \/>\nSanta Helena<br \/>\nSanta In\u00eas<br \/>\nSanta Teresinha<br \/>\nSantana de Mangueira<br \/>\nSantana dos Garrotes<br \/>\nSanto Andr\u00e9<br \/>\nS\u00e3o Bentinho<br \/>\nS\u00e3o Domingos<br \/>\nS\u00e3o Domingos do Cariri<br \/>\nS\u00e3o Francisco<br \/>\nS\u00e3o Jo\u00e3o do Cariri<br \/>\nS\u00e3o Jo\u00e3o do Tigre<br \/>\nS\u00e3o Jos\u00e9 de Caiana<br \/>\nS\u00e3o Jos\u00e9 de Espinharas<br \/>\nS\u00e3o Jos\u00e9 de Princesa<br \/>\nS\u00e3o Jos\u00e9 de Sabugi<br \/>\nS\u00e3o Jos\u00e9 do Bonfim<br \/>\nS\u00e3o Jos\u00e9 do Brejo do Cruz<br \/>\nS\u00e3o Jos\u00e9 dos Cordeiros<br \/>\nS\u00e3o Jos\u00e9 dos Ramos<br \/>\nS\u00e3o Miguel de Taipu<br \/>\nS\u00e3o Sebasti\u00e3o do Umbuzeiro<br \/>\nSerra da Raiz<br \/>\nSerra Grande<br \/>\nSerra Redonda<br \/>\nSerraria<br \/>\nSert\u00e3ozinho<br \/>\nSoss\u00eago<br \/>\nSum\u00e9<br \/>\nTapero\u00e1<br \/>\nTen\u00f3rio<br \/>\nTeixeira<br \/>\nUira\u00fana<br \/>\nV\u00e1rzea<br \/>\nVieir\u00f3polis<br \/>\nVista Serrana<br \/>\nZabel\u00ea<br \/>\nV\u00eddeos mais assistidos do g1 Para\u00edba<\/p>\n<p><em>Fonte: G1 Para\u00edba<\/em><\/p>\n","protected":false},"excerpt":{"rendered":"<p>Urna eletr\u00f4nica Divulga\u00e7\u00e3o Come\u00e7a nesta ter\u00e7a-feira (1\u00ba) o prazo para solicitar transporte especial para as elei\u00e7\u00f5es 2026 na Para\u00edba. O servi\u00e7o gratuito ser\u00e1 oferecido pelo Tribunal Regional Eleitoral da Para\u00edba (TRE-PB) a eleitoras e eleitores com defici\u00eancia ou dificuldade de locomo\u00e7\u00e3o que n\u00e3o tenham meios pr\u00f3prios para chegar ao local de vota\u00e7\u00e3o. &#x2705; Clique aqui para seguir o canal do g1 PB no WhatsApp O transporte ser\u00e1 disponibilizado pelo programa Seu Voto Importa, criado pelo Tribunal Superior Eleitoral (TSE) e executado pelos Tribunais Regionais Eleitorais. Agora no g1 Na Para\u00edba, a iniciativa ser\u00e1 realizada em 143 munic\u00edpios, que re\u00fanem 1.005.087 eleitoras e eleitores. Como solicitar transporte especial para as elei\u00e7\u00f5es 2026 na Para\u00edba As inscri\u00e7\u00f5es ficam abertas de 1\u00ba a 14 de setembro. Para fazer o pedido, o eleitor deve acessar o formul\u00e1rio de solicita\u00e7\u00e3o. Tamb\u00e9m \u00e9 poss\u00edvel chegar ao formul\u00e1rio pelo WhatsApp do TRE-PB, no n\u00famero (83) 3512-1500. No formul\u00e1rio, ser\u00e1 necess\u00e1rio informar os dados usados na an\u00e1lise do pedido e apresentar a documenta\u00e7\u00e3o que comprove a defici\u00eancia ou a dificuldade de locomo\u00e7\u00e3o, de acordo com as regras do programa. Quem pode solicitar o transporte para votar O servi\u00e7o \u00e9 destinado a pessoas que n\u00e3o tenham meios pr\u00f3prios para chegar \u00e0 se\u00e7\u00e3o eleitoral e que apresentem defici\u00eancia ou dificuldade de locomo\u00e7\u00e3o. Segundo a secret\u00e1ria de Gest\u00e3o Estrat\u00e9gica e Moderniza\u00e7\u00e3o do TRE-PB, Alexandra Cordeiro, tamb\u00e9m poder\u00e3o solicitar o transporte pessoas com defici\u00eancia f\u00edsica tempor\u00e1ria, idosos, gestantes com risco de perda gestacional e pessoas obesas. Quem tiver a solicita\u00e7\u00e3o atendida receber\u00e1 informa\u00e7\u00f5es sobre o hor\u00e1rio aproximado em que ser\u00e1 buscado. Durante o embarque e o desembarque, os respons\u00e1veis pelo transporte dever\u00e3o auxiliar os passageiros, principalmente aqueles com baixa ou nenhuma mobilidade. A solicita\u00e7\u00e3o ser\u00e1 analisada individualmente pelo TRE-PB, que levar\u00e1 em considera\u00e7\u00e3o crit\u00e9rios como a dist\u00e2ncia entre a resid\u00eancia e o local de vota\u00e7\u00e3o. Cidades da Para\u00edba que ter\u00e3o transporte especial O programa ser\u00e1 realizado nos seguintes 143 munic\u00edpios: Aguiar Alagoa Grande Alagoa Nova Alagoinha Alcantil Algod\u00e3o de Janda\u00edra Amparo Areia Areia de Bara\u00fanas Areial Assun\u00e7\u00e3o Bara\u00fana Barra de S\u00e3o Miguel Bel\u00e9m do Brejo do Cruz Bernardino Batista Boa Ventura Boa Vista Bom Jesus Bom Sucesso Boqueir\u00e3o Borborema Brejo dos Santos Cabaceiras Cachoeira dos \u00cdndios Cacimba de Areia Cacimbas Cai\u00e7ara Cajazeiras Cajazeirinhas Caldas Brand\u00e3o Camala\u00fa Cara\u00fabas Carrapateira Casserengue Catingueira Caturit\u00e9 Concei\u00e7\u00e3o Congo Condado Coxixola Cuitegi Curral de Cima Curral Velho Dami\u00e3o Desterro Diamante Duas Estradas Emas Frei Martinho Gurj\u00e3o Ibiara Igaracy Itabaiana Itaporanga Jacara\u00fa Joca Claudino Juarez T\u00e1vora Juazeirinho Junco do Serid\u00f3 Juripiranga Lagoa Lagoa Seca Lastro Livramento Logradouro Lucena M\u00e3e D&#8217;\u00c1gua Malta Mariz\u00f3polis Mataraca Mato Grosso Matinhas Matur\u00e9ia Mogeiro Montadas Monte Horebe Monteiro Natuba Nazarezinho Nova Palmeira Nova Olinda Olivedos Ouro Velho Parari Passagem Pedra Branca Pedra Lavrada Pedras de Fogo Pedro R\u00e9gis Pianc\u00f3 Pilar Picu\u00ed Pil\u00f5es Pil\u00f5ezinhos Po\u00e7o Dantas Po\u00e7o de Jos\u00e9 de Moura Pombal Prata Quixaba Riach\u00e3o Riach\u00e3o do Bacamarte Riach\u00e3o do Po\u00e7o Riacho de Santo Ant\u00f4nio Salgadinho Salgado de S\u00e3o F\u00e9lix Santa Cruz Santa Helena Santa In\u00eas Santa Teresinha Santana de Mangueira Santana dos Garrotes Santo Andr\u00e9 S\u00e3o Bentinho S\u00e3o Domingos S\u00e3o Domingos do Cariri S\u00e3o Francisco S\u00e3o Jo\u00e3o do Cariri S\u00e3o Jo\u00e3o do Tigre S\u00e3o Jos\u00e9 de Caiana S\u00e3o Jos\u00e9 de Espinharas S\u00e3o Jos\u00e9 de Princesa S\u00e3o Jos\u00e9 de Sabugi S\u00e3o Jos\u00e9 do Bonfim S\u00e3o Jos\u00e9 do Brejo do Cruz S\u00e3o Jos\u00e9 dos Cordeiros S\u00e3o Jos\u00e9 dos Ramos S\u00e3o Miguel de Taipu S\u00e3o Sebasti\u00e3o do Umbuzeiro Serra da Raiz Serra Grande Serra Redonda Serraria Sert\u00e3ozinho Soss\u00eago Sum\u00e9 Tapero\u00e1 Ten\u00f3rio Teixeira Uira\u00fana V\u00e1rzea Vieir\u00f3polis Vista Serrana Zabel\u00ea V\u00eddeos mais assistidos do g1 Para\u00edba<\/p>\n","protected":false},"author":0,"featured_media":321186,"comment_status":"closed","ping_status":"closed","sticky":false,"template":"","format":"standard","meta":{"sfsi_plus_gutenberg_text_before_share":"","sfsi_plus_gutenberg_show_text_before_share":"","sfsi_plus_gutenberg_icon_type":"","sfsi_plus_gutenberg_icon_alignemt":"","sfsi_plus_gutenburg_max_per_row":"","footnotes":""},"categories":[104],"tags":[],"class_list":["post-321185","post","type-post","status-publish","format-standard","has-post-thumbnail","hentry","category-paraiba"],"_links":{"self":[{"href":"https:\/\/www.caririemacao.com\/1\/wp-json\/wp\/v2\/posts\/321185","targetHints":{"allow":["GET"]}}],"collection":[{"href":"https:\/\/www.caririemacao.com\/1\/wp-json\/wp\/v2\/posts"}],"about":[{"href":"https:\/\/www.caririemacao.com\/1\/wp-json\/wp\/v2\/types\/post"}],"replies":[{"embeddable":true,"href":"https:\/\/www.caririemacao.com\/1\/wp-json\/wp\/v2\/comments?post=321185"}],"version-history":[{"count":1,"href":"https:\/\/www.caririemacao.com\/1\/wp-json\/wp\/v2\/posts\/321185\/revisions"}],"predecessor-version":[{"id":321187,"href":"https:\/\/www.caririemacao.com\/1\/wp-json\/wp\/v2\/posts\/321185\/revisions\/321187"}],"wp:featuredmedia":[{"embeddable":true,"href":"https:\/\/www.caririemacao.com\/1\/wp-json\/wp\/v2\/media\/321186"}],"wp:attachment":[{"href":"https:\/\/www.caririemacao.com\/1\/wp-json\/wp\/v2\/media?parent=321185"}],"wp:term":[{"taxonomy":"category","embeddable":true,"href":"https:\/\/www.caririemacao.com\/1\/wp-json\/wp\/v2\/categories?post=321185"},{"taxonomy":"post_tag","embeddable":true,"href":"https:\/\/www.caririemacao.com\/1\/wp-json\/wp\/v2\/tags?post=321185"}],"curies":[{"name":"wp","href":"https:\/\/api.w.org\/{rel}","templated":true}]}}