{"id":321188,"date":"2026-09-01T10:23:13","date_gmt":"2026-09-01T13:23:13","guid":{"rendered":"https:\/\/www.caririemacao.com\/1\/?p=321188"},"modified":"2026-09-01T10:23:13","modified_gmt":"2026-09-01T13:23:13","slug":"promotor-de-justica-solicita-proibicao-de-dois-grupos-de-torcida-do-botafogo-pb-por-ate-cinco-anos","status":"publish","type":"post","link":"https:\/\/www.caririemacao.com\/1\/2026\/09\/01\/promotor-de-justica-solicita-proibicao-de-dois-grupos-de-torcida-do-botafogo-pb-por-ate-cinco-anos\/","title":{"rendered":"Promotor de Justi\u00e7a solicita proibi\u00e7\u00e3o de dois grupos de torcida do Botafogo-PB por at\u00e9 cinco anos"},"content":{"rendered":"<p>Um promotor de justi\u00e7a pediu a proibi\u00e7\u00e3o de dois grupos organizados da torcida do Botafogo-PB, com pena de at\u00e9 cinco anos de deten\u00e7\u00e3o. A a\u00e7\u00e3o foi movida pelo Minist\u00e9rio P\u00fablico em resposta a atitudes consideradas inadequadas pelos membros dos grupos durante eventos esportivos. Segundo o promotor, as condutas observadas representam comportamento que fere o esp\u00edrito esportivo e podem gerar conflitos entre torcedores. O pedido busca garantir que a competi\u00e7\u00e3o seja realizada de forma saud\u00e1vel e respeitosa. As autoridades aguardam a decis\u00e3o sobre a aplica\u00e7\u00e3o das medidas disciplinares contra os grupos envolvidos.<\/p>\n<p><em>Fonte: Portal Correio<\/em><\/p>\n","protected":false},"excerpt":{"rendered":"<p>Um promotor de justi\u00e7a pediu a proibi\u00e7\u00e3o de dois grupos organizados da torcida do Botafogo-PB, com pena de at\u00e9 cinco anos de deten\u00e7\u00e3o. A a\u00e7\u00e3o foi movida pelo Minist\u00e9rio P\u00fablico em resposta a atitudes consideradas inadequadas pelos membros dos grupos durante eventos esportivos. Segundo o promotor, as condutas observadas representam comportamento que fere o esp\u00edrito esportivo e podem gerar conflitos entre torcedores. O pedido busca garantir que a competi\u00e7\u00e3o seja realizada de forma saud\u00e1vel e respeitosa. As autoridades aguardam a decis\u00e3o sobre a aplica\u00e7\u00e3o das medidas disciplinares contra os grupos envolvidos. Fonte: Portal Correio<\/p>\n","protected":false},"author":0,"featured_media":321189,"comment_status":"closed","ping_status":"closed","sticky":false,"template":"","format":"standard","meta":{"sfsi_plus_gutenberg_text_before_share":"","sfsi_plus_gutenberg_show_text_before_share":"","sfsi_plus_gutenberg_icon_type":"","sfsi_plus_gutenberg_icon_alignemt":"","sfsi_plus_gutenburg_max_per_row":"","footnotes":""},"categories":[1],"tags":[],"class_list":["post-321188","post","type-post","status-publish","format-standard","has-post-thumbnail","hentry","category-o-site"],"_links":{"self":[{"href":"https:\/\/www.caririemacao.com\/1\/wp-json\/wp\/v2\/posts\/321188","targetHints":{"allow":["GET"]}}],"collection":[{"href":"https:\/\/www.caririemacao.com\/1\/wp-json\/wp\/v2\/posts"}],"about":[{"href":"https:\/\/www.caririemacao.com\/1\/wp-json\/wp\/v2\/types\/post"}],"replies":[{"embeddable":true,"href":"https:\/\/www.caririemacao.com\/1\/wp-json\/wp\/v2\/comments?post=321188"}],"version-history":[{"count":1,"href":"https:\/\/www.caririemacao.com\/1\/wp-json\/wp\/v2\/posts\/321188\/revisions"}],"predecessor-version":[{"id":321190,"href":"https:\/\/www.caririemacao.com\/1\/wp-json\/wp\/v2\/posts\/321188\/revisions\/321190"}],"wp:featuredmedia":[{"embeddable":true,"href":"https:\/\/www.caririemacao.com\/1\/wp-json\/wp\/v2\/media\/321189"}],"wp:attachment":[{"href":"https:\/\/www.caririemacao.com\/1\/wp-json\/wp\/v2\/media?parent=321188"}],"wp:term":[{"taxonomy":"category","embeddable":true,"href":"https:\/\/www.caririemacao.com\/1\/wp-json\/wp\/v2\/categories?post=321188"},{"taxonomy":"post_tag","embeddable":true,"href":"https:\/\/www.caririemacao.com\/1\/wp-json\/wp\/v2\/tags?post=321188"}],"curies":[{"name":"wp","href":"https:\/\/api.w.org\/{rel}","templated":true}]}}