{"id":321191,"date":"2026-09-01T11:23:12","date_gmt":"2026-09-01T14:23:12","guid":{"rendered":"https:\/\/www.caririemacao.com\/1\/?p=321191"},"modified":"2026-09-01T11:23:12","modified_gmt":"2026-09-01T14:23:12","slug":"mulher-morta-localizada-em-saco-plastico-nas-ruas-de-carrapateira-e-nazarezinho-no-sertao-da-paraiba","status":"publish","type":"post","link":"https:\/\/www.caririemacao.com\/1\/2026\/09\/01\/mulher-morta-localizada-em-saco-plastico-nas-ruas-de-carrapateira-e-nazarezinho-no-sertao-da-paraiba\/","title":{"rendered":"Mulher morta localizada em saco pl\u00e1stico nas ruas de Carrapateira e Nazarezinho, no Sert\u00e3o da Para\u00edba"},"content":{"rendered":"<p>Na regi\u00e3o dos munic\u00edpios de Carrapateira e Nazarezinho, situada no Sert\u00e3o da Para\u00edba, ocorreu o hallar de um corpo feminino na madrugada de segunda-feira (1\u00ba). A Pol\u00edcia Militar recebeu a den\u00fancia quando a v\u00edtima foi encontrada no trajeto de uma rodovia. Ao chegar ao local, os agentes constataram que a jovem estava parcialmente envolvida em sacos pl\u00e1sticos pretos.<\/p>\n<p>De acordo com a Pol\u00edcia Militar, durante a inspe\u00e7\u00e3o inicial foram identificadas perfura\u00e7\u00f5es na regi\u00e3o cef\u00e1lica da v\u00edtima. Contudo, nenhuma evid\u00eancia de acidente de tr\u00e2nsito foi constatada no trecho rodovi\u00e1rio. Os policiais interpretam que a presen\u00e7a do corpo no local sugere que ele tenha sido abandonado ali.<\/p>\n<p>A \u00e1rea foi isolada e preservada para que n\u00e3o houvessem altera\u00e7\u00f5es que possam comprometer a investiga\u00e7\u00e3o. Al\u00e9m da Pol\u00edcia Militar, a Pol\u00edcia Civil e peritos do Instituto de Pol\u00edcia Cient\u00edfica (IPC) foram mobilizados para conduzir a per\u00edcia t\u00e9cnica. Ap\u00f3s a conclus\u00e3o das opera\u00e7\u00f5es no local, o corpo foi transportado para o N\u00facleo de Medicina e Odontologia Legal (Numol).<\/p>\n<p>At\u00e9 o momento, a identidade da mulher n\u00e3o p\u00f4de ser confirmada. A Pol\u00edcia Civil informou que as circunst\u00e2ncias da morte, bem como a motiva\u00e7\u00e3o e a responsabilidade criminal por tr\u00e1s do crime, estar\u00e3o sob escrut\u00ednio pelas autoridades investigativas.<\/p>\n<p><em>Fonte: G1 Para\u00edba<\/em><\/p>\n","protected":false},"excerpt":{"rendered":"<p>Corpo de mulher \u00e9 encontrado em saco pl\u00e1stico \u00e0s margens de rodovia na Para\u00edba Reprodu\u00e7\u00e3o \/ Pol\u00edcia Militar O corpo de uma mulher foi encontrado em um saco pl\u00e1stico \u00e0s margens da PB-394, entre os munic\u00edpios de Carrapateira e Nazarezinho, no Sert\u00e3o da Para\u00edba, na manh\u00e3 desta ter\u00e7a-feira (1\u00ba). &#x2705; Clique aqui para seguir o canal do g1 PB no WhatsApp A Pol\u00edcia Militar foi acionada ap\u00f3s o corpo de uma jovem ser localizado no trecho da rodovia. Quando chegaram ao local, os policiais encontraram a v\u00edtima parcialmente envolvida em sacos pl\u00e1sticos pretos. Agora no g1 Segundo a Pol\u00edcia Militar, foram observadas, inicialmente, perfura\u00e7\u00f5es na regi\u00e3o da cabe\u00e7a. N\u00e3o foram encontrados sinais de acidente de tr\u00e2nsito no trecho. Para os policiais, a situa\u00e7\u00e3o indica a possibilidade de o corpo ter sido deixado no local. A Pol\u00edcia Militar isolou e preservou a \u00e1rea para evitar altera\u00e7\u00f5es nos vest\u00edgios. A Pol\u00edcia Civil e peritos do Instituto de Pol\u00edcia Cient\u00edfica (IPC) foram chamados para realizar a per\u00edcia. Depois dos procedimentos no local, o corpo ser\u00e1 encaminhado ao N\u00facleo de Medicina e Odontologia Legal (Numol). At\u00e9 a publica\u00e7\u00e3o desta reportagem, a identidade da mulher encontrada na PB-394 n\u00e3o havia sido confirmada. As circunst\u00e2ncias da morte, a motiva\u00e7\u00e3o e a autoria do crime ser\u00e3o investigadas pela Pol\u00edcia Civil. V\u00eddeos mais assistidos do g1 Para\u00edba<\/p>\n","protected":false},"author":0,"featured_media":321192,"comment_status":"closed","ping_status":"closed","sticky":false,"template":"","format":"standard","meta":{"sfsi_plus_gutenberg_text_before_share":"","sfsi_plus_gutenberg_show_text_before_share":"","sfsi_plus_gutenberg_icon_type":"","sfsi_plus_gutenberg_icon_alignemt":"","sfsi_plus_gutenburg_max_per_row":"","footnotes":""},"categories":[12],"tags":[],"class_list":["post-321191","post","type-post","status-publish","format-standard","has-post-thumbnail","hentry","category-policia"],"_links":{"self":[{"href":"https:\/\/www.caririemacao.com\/1\/wp-json\/wp\/v2\/posts\/321191","targetHints":{"allow":["GET"]}}],"collection":[{"href":"https:\/\/www.caririemacao.com\/1\/wp-json\/wp\/v2\/posts"}],"about":[{"href":"https:\/\/www.caririemacao.com\/1\/wp-json\/wp\/v2\/types\/post"}],"replies":[{"embeddable":true,"href":"https:\/\/www.caririemacao.com\/1\/wp-json\/wp\/v2\/comments?post=321191"}],"version-history":[{"count":1,"href":"https:\/\/www.caririemacao.com\/1\/wp-json\/wp\/v2\/posts\/321191\/revisions"}],"predecessor-version":[{"id":321193,"href":"https:\/\/www.caririemacao.com\/1\/wp-json\/wp\/v2\/posts\/321191\/revisions\/321193"}],"wp:featuredmedia":[{"embeddable":true,"href":"https:\/\/www.caririemacao.com\/1\/wp-json\/wp\/v2\/media\/321192"}],"wp:attachment":[{"href":"https:\/\/www.caririemacao.com\/1\/wp-json\/wp\/v2\/media?parent=321191"}],"wp:term":[{"taxonomy":"category","embeddable":true,"href":"https:\/\/www.caririemacao.com\/1\/wp-json\/wp\/v2\/categories?post=321191"},{"taxonomy":"post_tag","embeddable":true,"href":"https:\/\/www.caririemacao.com\/1\/wp-json\/wp\/v2\/tags?post=321191"}],"curies":[{"name":"wp","href":"https:\/\/api.w.org\/{rel}","templated":true}]}}