{"id":321194,"date":"2026-09-01T11:23:14","date_gmt":"2026-09-01T14:23:14","guid":{"rendered":"https:\/\/www.caririemacao.com\/1\/?p=321194"},"modified":"2026-09-01T11:23:14","modified_gmt":"2026-09-01T14:23:14","slug":"candidato-a-deputado-federal-tem-candidatura-indeferida-pelo-tre-pb","status":"publish","type":"post","link":"https:\/\/www.caririemacao.com\/1\/2026\/09\/01\/candidato-a-deputado-federal-tem-candidatura-indeferida-pelo-tre-pb\/","title":{"rendered":"Candidato a deputado federal tem candidatura indeferida pelo TRE-PB"},"content":{"rendered":"<p>O Tribunal Regional Eleitoral da Para\u00edba (TRE-PB) indeferiu a candidatura de Aledson Moura (PL) para deputado federal. A decis\u00e3o foi tomada nessa segunda-feira (31). \u00c9 a terceira candidatura indeferida pela Justi\u00e7a Eleitoral na Para\u00edba.<\/p>\n<p>A decis\u00e3o pelo indeferimento foi tomada pela desembargadora Helena Delgado Ramos Fialho Moreira. Ela Aledson apresenta restri\u00e7\u00e3o ativa em seu cadastro eleitoral, por ter tido suas contas de campanha relativas \u00e0s Elei\u00e7\u00f5es de 2022 julgadas n\u00e3o prestadas.<\/p>\n<p>Aledson Moura j\u00e1 disputou elei\u00e7\u00f5es para vereador, em 2004, no munic\u00edpio de Jequi\u00e1 da Praia-AL; para prefeito de Princesa Isabel, em 2012; para vice-prefeito de Princesa Isabel, em 2016, sendo eleito; para deputado estadual em 2018 e 2022, quando ficou na supl\u00eancia nas duas elei\u00e7\u00f5es.<\/p>\n<p>Al\u00e9m de Aledson Moura, tamb\u00e9m tiveram as candidaturas indeferidas <a href=\"https:\/\/portalcorreio.com.br\/justica-indefere-mais-uma-candidatura-das-eleicoes-2026-na-paraiba\/\" target=\"_blank\" rel=\"noreferrer noopener\">Maria Teresa Carneiro<\/a> (MDB) e <a href=\"https:\/\/portalcorreio.com.br\/tre-indefere-primeira-candidatura-das-eleicoes-2026-na-paraiba\/\" target=\"_blank\" rel=\"noreferrer noopener\">Nosman Barreiro<\/a> (MDB), ambos para deputado estadual.<\/p>\n<p>Segundo o sistema de acompanhamento de estat\u00edsticas de candidaturas do Tribunal Superior Eleitoral (TSE), dos 446 pedidos de candidaturas registrados na Para\u00edba, 343 foram deferidos, 83 aguardam julgamento, 14 est\u00e3o como ren\u00fancias, tr\u00eas foram indeferidas, duas est\u00e3o como indeferidas emprazo recursal ou com recurso e uma como cancelada.<\/p>\n<p><strong><a href=\"https:\/\/whatsapp.com\/channel\/0029VaM11seEFeXpuU94Sz2i\" target=\"_blank\" rel=\"noopener\"><\/a><\/strong><\/p>\n<p><em>Fonte: Portal Correio<\/em><\/p>\n","protected":false},"excerpt":{"rendered":"<p>O Tribunal Regional Eleitoral da Para\u00edba (TRE-PB) indeferiu a candidatura de Aledson Moura (PL) para deputado federal. A decis\u00e3o foi tomada nessa segunda-feira (31). \u00c9 a terceira candidatura indeferida pela Justi\u00e7a Eleitoral na Para\u00edba. A decis\u00e3o pelo indeferimento foi tomada pela desembargadora Helena Delgado Ramos Fialho Moreira. Ela Aledson apresenta restri\u00e7\u00e3o ativa em seu cadastro [\u2026]<\/p>\n","protected":false},"author":0,"featured_media":321195,"comment_status":"closed","ping_status":"closed","sticky":false,"template":"","format":"standard","meta":{"sfsi_plus_gutenberg_text_before_share":"","sfsi_plus_gutenberg_show_text_before_share":"","sfsi_plus_gutenberg_icon_type":"","sfsi_plus_gutenberg_icon_alignemt":"","sfsi_plus_gutenburg_max_per_row":"","footnotes":""},"categories":[104],"tags":[],"class_list":["post-321194","post","type-post","status-publish","format-standard","has-post-thumbnail","hentry","category-paraiba"],"_links":{"self":[{"href":"https:\/\/www.caririemacao.com\/1\/wp-json\/wp\/v2\/posts\/321194","targetHints":{"allow":["GET"]}}],"collection":[{"href":"https:\/\/www.caririemacao.com\/1\/wp-json\/wp\/v2\/posts"}],"about":[{"href":"https:\/\/www.caririemacao.com\/1\/wp-json\/wp\/v2\/types\/post"}],"replies":[{"embeddable":true,"href":"https:\/\/www.caririemacao.com\/1\/wp-json\/wp\/v2\/comments?post=321194"}],"version-history":[{"count":1,"href":"https:\/\/www.caririemacao.com\/1\/wp-json\/wp\/v2\/posts\/321194\/revisions"}],"predecessor-version":[{"id":321196,"href":"https:\/\/www.caririemacao.com\/1\/wp-json\/wp\/v2\/posts\/321194\/revisions\/321196"}],"wp:featuredmedia":[{"embeddable":true,"href":"https:\/\/www.caririemacao.com\/1\/wp-json\/wp\/v2\/media\/321195"}],"wp:attachment":[{"href":"https:\/\/www.caririemacao.com\/1\/wp-json\/wp\/v2\/media?parent=321194"}],"wp:term":[{"taxonomy":"category","embeddable":true,"href":"https:\/\/www.caririemacao.com\/1\/wp-json\/wp\/v2\/categories?post=321194"},{"taxonomy":"post_tag","embeddable":true,"href":"https:\/\/www.caririemacao.com\/1\/wp-json\/wp\/v2\/tags?post=321194"}],"curies":[{"name":"wp","href":"https:\/\/api.w.org\/{rel}","templated":true}]}}