{"id":321197,"date":"2026-09-01T11:54:40","date_gmt":"2026-09-01T14:54:40","guid":{"rendered":"https:\/\/www.caririemacao.com\/1\/?p=321197"},"modified":"2026-09-01T11:54:40","modified_gmt":"2026-09-01T14:54:40","slug":"monteiro-dr-romualdo-defende-fortalecimento-da-uepb-e-articulacao-de-recursos-para-construcao-de-segundo-bloco","status":"publish","type":"post","link":"https:\/\/www.caririemacao.com\/1\/2026\/09\/01\/monteiro-dr-romualdo-defende-fortalecimento-da-uepb-e-articulacao-de-recursos-para-construcao-de-segundo-bloco\/","title":{"rendered":"Monteiro: Dr. Romualdo defende fortalecimento da UEPB e articula\u00e7\u00e3o de recursos para constru\u00e7\u00e3o de segundo bloco"},"content":{"rendered":"<p>O deputado estadual Dr. Romualdo (PCdoB) defendeu, durante sess\u00e3o da Assembleia Legislativa da Para\u00edba nesta ter\u00e7a-feira (1\u00ba), o fortalecimento da Universidade Estadual da Para\u00edba (UEPB) no Cariri. Entre as demandas destacadas pelo parlamentar est\u00e1 a constru\u00e7\u00e3o de um segundo bloco de salas de aula no campus de Monteiro, reivindica\u00e7\u00e3o da comunidade acad\u00eamica.<\/p>\n<p>Segundo Romualdo, a amplia\u00e7\u00e3o da estrutura da universidade ser\u00e1 tratada como prioridade na articula\u00e7\u00e3o junto ao Governo do Estado. O deputado afirmou ainda que pretende buscar outras fontes de financiamento para viabilizar a obra, inclusive por meio de emendas parlamentares da bancada federal.<\/p>\n<p>\u201cAcredito que temos um governador sens\u00edvel \u00e0s pautas da nossa regi\u00e3o. Essa ser\u00e1 uma prioridade nossa junto ao Governo do Estado, mas tamb\u00e9m vamos buscar outras fontes, inclusive deputados federais que possam contribuir com recursos para tornar esse segundo bloco uma realidade\u201d, afirmou.<\/p>\n<p><img fetchpriority=\"high\" decoding=\"async\" class=\" wp-image-321199 aligncenter\" src=\"https:\/\/www.caririemacao.com\/1\/wp-content\/uploads\/2026\/09\/WhatsApp-Image-2026-09-01-at-11.44.46-AM-300x187.jpeg\" alt=\"\" width=\"380\" height=\"237\" srcset=\"https:\/\/www.caririemacao.com\/1\/wp-content\/uploads\/2026\/09\/WhatsApp-Image-2026-09-01-at-11.44.46-AM-300x187.jpeg 300w, https:\/\/www.caririemacao.com\/1\/wp-content\/uploads\/2026\/09\/WhatsApp-Image-2026-09-01-at-11.44.46-AM-768x478.jpeg 768w, https:\/\/www.caririemacao.com\/1\/wp-content\/uploads\/2026\/09\/WhatsApp-Image-2026-09-01-at-11.44.46-AM.jpeg 1234w\" sizes=\"(max-width: 380px) 100vw, 380px\" \/><br \/>\nDurante a fala, Romualdo tamb\u00e9m ressaltou que o apoio ao Governo do Estado n\u00e3o impedir\u00e1 o mandato de cobrar solu\u00e7\u00f5es para os problemas enfrentados pela popula\u00e7\u00e3o de Monteiro. O parlamentar relembrou a recente crise no abastecimento de \u00e1gua do munic\u00edpio, quando, segundo ele, foi a \u00fanica voz pol\u00edtica a cobrar publicamente provid\u00eancias, buscar solu\u00e7\u00f5es e recorrer \u00e0 Justi\u00e7a para garantir o fornecimento de \u00e1gua \u00e0 popula\u00e7\u00e3o.<\/p>\n<p>\u201cQuando Monteiro ficou sem \u00e1gua nas torneiras, fomos os \u00fanicos a cobrar, buscar solu\u00e7\u00f5es e ir \u00e0 Justi\u00e7a para defender a popula\u00e7\u00e3o. Enquanto muitos escolheram o sil\u00eancio, n\u00f3s escolhemos ficar ao lado do povo. Estar na base do governo n\u00e3o muda isso\u201d, afirmou.<br \/>\nPara o parlamentar, o fortalecimento da UEPB em Monteiro \u00e9 estrat\u00e9gico n\u00e3o apenas para o munic\u00edpio, mas para todo o Cariri, ampliando a estrutura dispon\u00edvel para estudantes e criando condi\u00e7\u00f5es para a expans\u00e3o do ensino superior p\u00fablico na regi\u00e3o.<\/p>\n","protected":false},"excerpt":{"rendered":"<p>O deputado estadual Dr. Romualdo (PCdoB) defendeu, durante sess\u00e3o da Assembleia Legislativa da Para\u00edba nesta ter\u00e7a-feira (1\u00ba), o fortalecimento da Universidade Estadual da Para\u00edba (UEPB) no Cariri. Entre as demandas destacadas pelo parlamentar est\u00e1 a constru\u00e7\u00e3o de um segundo bloco de salas de aula no campus de Monteiro, reivindica\u00e7\u00e3o da comunidade acad\u00eamica. Segundo Romualdo, a amplia\u00e7\u00e3o da estrutura da universidade ser\u00e1 tratada como prioridade na articula\u00e7\u00e3o junto ao Governo do Estado. O deputado afirmou ainda que pretende buscar outras fontes de financiamento para viabilizar a obra, inclusive por meio de emendas parlamentares da bancada federal. \u201cAcredito que temos um governador sens\u00edvel \u00e0s pautas da nossa regi\u00e3o. Essa ser\u00e1 uma prioridade nossa junto ao Governo do Estado, mas tamb\u00e9m vamos buscar outras fontes, inclusive deputados federais que possam contribuir com recursos para tornar esse segundo bloco uma realidade\u201d, afirmou. Durante a fala, Romualdo tamb\u00e9m ressaltou que o apoio ao Governo do Estado n\u00e3o impedir\u00e1 o mandato de cobrar solu\u00e7\u00f5es para os problemas enfrentados pela popula\u00e7\u00e3o de Monteiro. O parlamentar relembrou a recente crise no abastecimento de \u00e1gua do munic\u00edpio, quando, segundo ele, foi a \u00fanica voz pol\u00edtica a cobrar publicamente provid\u00eancias, buscar solu\u00e7\u00f5es e recorrer \u00e0 Justi\u00e7a para garantir o fornecimento de \u00e1gua \u00e0 popula\u00e7\u00e3o. \u201cQuando Monteiro ficou sem \u00e1gua nas torneiras, fomos os \u00fanicos a cobrar, buscar solu\u00e7\u00f5es e ir \u00e0 Justi\u00e7a para defender a popula\u00e7\u00e3o. Enquanto muitos escolheram o sil\u00eancio, n\u00f3s escolhemos ficar ao lado do povo. Estar na base do governo n\u00e3o muda isso\u201d, afirmou. Para o parlamentar, o fortalecimento da UEPB em Monteiro \u00e9 estrat\u00e9gico n\u00e3o apenas para o munic\u00edpio, mas para todo o Cariri, ampliando a estrutura dispon\u00edvel para estudantes e criando condi\u00e7\u00f5es para a expans\u00e3o do ensino superior p\u00fablico na regi\u00e3o.<\/p>\n","protected":false},"author":6,"featured_media":321198,"comment_status":"closed","ping_status":"closed","sticky":false,"template":"","format":"standard","meta":{"sfsi_plus_gutenberg_text_before_share":"","sfsi_plus_gutenberg_show_text_before_share":"","sfsi_plus_gutenberg_icon_type":"","sfsi_plus_gutenberg_icon_alignemt":"","sfsi_plus_gutenburg_max_per_row":"","footnotes":""},"categories":[50,14],"tags":[],"class_list":["post-321197","post","type-post","status-publish","format-standard","has-post-thumbnail","hentry","category-destaque","category-educacao"],"_links":{"self":[{"href":"https:\/\/www.caririemacao.com\/1\/wp-json\/wp\/v2\/posts\/321197","targetHints":{"allow":["GET"]}}],"collection":[{"href":"https:\/\/www.caririemacao.com\/1\/wp-json\/wp\/v2\/posts"}],"about":[{"href":"https:\/\/www.caririemacao.com\/1\/wp-json\/wp\/v2\/types\/post"}],"author":[{"embeddable":true,"href":"https:\/\/www.caririemacao.com\/1\/wp-json\/wp\/v2\/users\/6"}],"replies":[{"embeddable":true,"href":"https:\/\/www.caririemacao.com\/1\/wp-json\/wp\/v2\/comments?post=321197"}],"version-history":[{"count":1,"href":"https:\/\/www.caririemacao.com\/1\/wp-json\/wp\/v2\/posts\/321197\/revisions"}],"predecessor-version":[{"id":321200,"href":"https:\/\/www.caririemacao.com\/1\/wp-json\/wp\/v2\/posts\/321197\/revisions\/321200"}],"wp:featuredmedia":[{"embeddable":true,"href":"https:\/\/www.caririemacao.com\/1\/wp-json\/wp\/v2\/media\/321198"}],"wp:attachment":[{"href":"https:\/\/www.caririemacao.com\/1\/wp-json\/wp\/v2\/media?parent=321197"}],"wp:term":[{"taxonomy":"category","embeddable":true,"href":"https:\/\/www.caririemacao.com\/1\/wp-json\/wp\/v2\/categories?post=321197"},{"taxonomy":"post_tag","embeddable":true,"href":"https:\/\/www.caririemacao.com\/1\/wp-json\/wp\/v2\/tags?post=321197"}],"curies":[{"name":"wp","href":"https:\/\/api.w.org\/{rel}","templated":true}]}}