{"id":321201,"date":"2026-09-01T11:57:11","date_gmt":"2026-09-01T14:57:11","guid":{"rendered":"https:\/\/www.caririemacao.com\/1\/?p=321201"},"modified":"2026-09-01T11:57:11","modified_gmt":"2026-09-01T14:57:11","slug":"prazo-para-adequacao-do-cadastro-imobiliario-municipal-se-encerra-em-dezembro-confira-as-orientacoes","status":"publish","type":"post","link":"https:\/\/www.caririemacao.com\/1\/2026\/09\/01\/prazo-para-adequacao-do-cadastro-imobiliario-municipal-se-encerra-em-dezembro-confira-as-orientacoes\/","title":{"rendered":"Prazo para adequa\u00e7\u00e3o do Cadastro Imobili\u00e1rio Municipal se encerra em dezembro; confira as orienta\u00e7\u00f5es"},"content":{"rendered":"<p>A Confedera\u00e7\u00e3o Nacional de Munic\u00edpios (CNM) lembra aos Munic\u00edpios que o prazo de adequa\u00e7\u00e3o do Cadastro Imobili\u00e1rio Municipal (CIB) se encerra em dezembro. A Reforma Tribut\u00e1ria estabeleceu o CIB como cadastro de identifica\u00e7\u00e3o \u00fanica dos im\u00f3veis urbanos e rurais para fins do Imposto sobre Bens e Servi\u00e7os (IBS) e da Contribui\u00e7\u00e3o sobre Bens e Servi\u00e7os (CBS).<\/p>\n<p>Dessa forma, todos os im\u00f3veis urbanos e rurais devem ser inscritos no CIB, integrante do Sistema Nacional de Gest\u00e3o de Informa\u00e7\u00f5es Territoriais (Sinter). O cadastro tamb\u00e9m ser\u00e1 usado na apura\u00e7\u00e3o do valor de refer\u00eancia dos im\u00f3veis.<\/p>\n<p>Nesse contexto, a qualidade das informa\u00e7\u00f5es produzidas e encaminhadas pelos Munic\u00edpios ganha relev\u00e2ncia para o funcionamento do novo sistema tribut\u00e1rio e para a futura reparti\u00e7\u00e3o das receitas do IBS.<\/p>\n<p><strong>Conv\u00eanio Sinter<\/strong><br \/>\nA adequa\u00e7\u00e3o do CIB deve ocorrer ap\u00f3s a ades\u00e3o do Munic\u00edpio ao Conv\u00eanio Sinter. A administra\u00e7\u00e3o dever\u00e1 habilitar os respons\u00e1veis, preparar e qualificar sua base cadastral, relacionar os campos do sistema local aos atributos previstos no manual operacional, realizar testes, transmitir os dados em produ\u00e7\u00e3o e internalizar os c\u00f3digos CIB gerados.<\/p>\n<p>A ades\u00e3o ao Conv\u00eanio Sinter \u00e9 gratuita e pode ser formalizada por meio de requerimento eletr\u00f4nico dispon\u00edvel no\u00a0<a href=\"https:\/\/cav.receita.fazenda.gov.br\/autenticacao\/login\" target=\"_blank\" rel=\"noopener\"><strong>e-CAC da Receita Federal<\/strong><\/a>.<\/p>\n<p><strong>Orienta\u00e7\u00e3o aos Munic\u00edpios<\/strong><br \/>\nA CNM tem acompanhado o tema e orientado os gestores locais. O CIB e o Sinter s\u00e3o foco da mentoria do Conselho T\u00e9cnico das Administra\u00e7\u00f5es Tribut\u00e1rias Municipais (CTAT). O calend\u00e1rio das capacita\u00e7\u00f5es pode ser conferido\u00a0<a href=\"https:\/\/cnm.org.br\/comunicacao\/noticias\/ctat-realiza-mentorias-sobre-cadastro-imobiliario-prazo-para-envio-de-informacoes-acaba-em-janeiro\" target=\"_blank\" rel=\"noopener\"><strong>aqui<\/strong><\/a>.<\/p>\n<p>O cadastro tamb\u00e9m foi explicado no\u00a0<a href=\"https:\/\/cnm.org.br\/comunicacao\/noticias\/importancia-do-cadastro-imobiliario-brasileiro-e-sinter-para-os-municipios-sao-destacadas-em-bate-papo%C2%A0\" target=\"_blank\" rel=\"noopener\">Bate-Papo Munic\u00edpios em Foco: CNM e a Reforma Tribut\u00e1ria<\/a>\u00a0de julho.<\/p>\n<p>CARIRI EM A\u00c7\u00c3O<\/p>\n<p>Com <em>Ag\u00eancia CNM de <\/em><em>Not\u00edcias<\/em><\/p>\n","protected":false},"excerpt":{"rendered":"<p>A Confedera\u00e7\u00e3o Nacional de Munic\u00edpios (CNM) lembra aos Munic\u00edpios que o prazo de adequa\u00e7\u00e3o do Cadastro Imobili\u00e1rio Municipal (CIB) se encerra em dezembro. A Reforma Tribut\u00e1ria estabeleceu o CIB como cadastro de identifica\u00e7\u00e3o \u00fanica dos im\u00f3veis urbanos e rurais para fins do Imposto sobre Bens e Servi\u00e7os (IBS) e da Contribui\u00e7\u00e3o sobre Bens e Servi\u00e7os (CBS). Dessa forma, todos os im\u00f3veis urbanos e rurais devem ser inscritos no CIB, integrante do Sistema Nacional de Gest\u00e3o de Informa\u00e7\u00f5es Territoriais (Sinter). O cadastro tamb\u00e9m ser\u00e1 usado na apura\u00e7\u00e3o do valor de refer\u00eancia dos im\u00f3veis. Nesse contexto, a qualidade das informa\u00e7\u00f5es produzidas e encaminhadas pelos Munic\u00edpios ganha relev\u00e2ncia para o funcionamento do novo sistema tribut\u00e1rio e para a futura reparti\u00e7\u00e3o das receitas do IBS. Conv\u00eanio Sinter A adequa\u00e7\u00e3o do CIB deve ocorrer ap\u00f3s a ades\u00e3o do Munic\u00edpio ao Conv\u00eanio Sinter. A administra\u00e7\u00e3o dever\u00e1 habilitar os respons\u00e1veis, preparar e qualificar sua base cadastral, relacionar os campos do sistema local aos atributos previstos no manual operacional, realizar testes, transmitir os dados em produ\u00e7\u00e3o e internalizar os c\u00f3digos CIB gerados. A ades\u00e3o ao Conv\u00eanio Sinter \u00e9 gratuita e pode ser formalizada por meio de requerimento eletr\u00f4nico dispon\u00edvel no\u00a0e-CAC da Receita Federal. Orienta\u00e7\u00e3o aos Munic\u00edpios A CNM tem acompanhado o tema e orientado os gestores locais. O CIB e o Sinter s\u00e3o foco da mentoria do Conselho T\u00e9cnico das Administra\u00e7\u00f5es Tribut\u00e1rias Municipais (CTAT). O calend\u00e1rio das capacita\u00e7\u00f5es pode ser conferido\u00a0aqui. O cadastro tamb\u00e9m foi explicado no\u00a0Bate-Papo Munic\u00edpios em Foco: CNM e a Reforma Tribut\u00e1ria\u00a0de julho. CARIRI EM A\u00c7\u00c3O Com Ag\u00eancia CNM de Not\u00edcias<\/p>\n","protected":false},"author":6,"featured_media":321202,"comment_status":"closed","ping_status":"closed","sticky":false,"template":"","format":"standard","meta":{"sfsi_plus_gutenberg_text_before_share":"","sfsi_plus_gutenberg_show_text_before_share":"","sfsi_plus_gutenberg_icon_type":"","sfsi_plus_gutenberg_icon_alignemt":"","sfsi_plus_gutenburg_max_per_row":"","footnotes":""},"categories":[6,50],"tags":[],"class_list":["post-321201","post","type-post","status-publish","format-standard","has-post-thumbnail","hentry","category-cidades","category-destaque"],"_links":{"self":[{"href":"https:\/\/www.caririemacao.com\/1\/wp-json\/wp\/v2\/posts\/321201","targetHints":{"allow":["GET"]}}],"collection":[{"href":"https:\/\/www.caririemacao.com\/1\/wp-json\/wp\/v2\/posts"}],"about":[{"href":"https:\/\/www.caririemacao.com\/1\/wp-json\/wp\/v2\/types\/post"}],"author":[{"embeddable":true,"href":"https:\/\/www.caririemacao.com\/1\/wp-json\/wp\/v2\/users\/6"}],"replies":[{"embeddable":true,"href":"https:\/\/www.caririemacao.com\/1\/wp-json\/wp\/v2\/comments?post=321201"}],"version-history":[{"count":1,"href":"https:\/\/www.caririemacao.com\/1\/wp-json\/wp\/v2\/posts\/321201\/revisions"}],"predecessor-version":[{"id":321203,"href":"https:\/\/www.caririemacao.com\/1\/wp-json\/wp\/v2\/posts\/321201\/revisions\/321203"}],"wp:featuredmedia":[{"embeddable":true,"href":"https:\/\/www.caririemacao.com\/1\/wp-json\/wp\/v2\/media\/321202"}],"wp:attachment":[{"href":"https:\/\/www.caririemacao.com\/1\/wp-json\/wp\/v2\/media?parent=321201"}],"wp:term":[{"taxonomy":"category","embeddable":true,"href":"https:\/\/www.caririemacao.com\/1\/wp-json\/wp\/v2\/categories?post=321201"},{"taxonomy":"post_tag","embeddable":true,"href":"https:\/\/www.caririemacao.com\/1\/wp-json\/wp\/v2\/tags?post=321201"}],"curies":[{"name":"wp","href":"https:\/\/api.w.org\/{rel}","templated":true}]}}