{"id":321204,"date":"2026-09-01T12:23:23","date_gmt":"2026-09-01T15:23:23","guid":{"rendered":"https:\/\/www.caririemacao.com\/1\/?p=321204"},"modified":"2026-09-01T12:23:23","modified_gmt":"2026-09-01T15:23:23","slug":"colombiano-de-27-anos-desaparece-em-joao-pessoa-apos-festa-familia-solicita-ajuda","status":"publish","type":"post","link":"https:\/\/www.caririemacao.com\/1\/2026\/09\/01\/colombiano-de-27-anos-desaparece-em-joao-pessoa-apos-festa-familia-solicita-ajuda\/","title":{"rendered":"Colombiano de 27 anos desaparece em Jo\u00e3o Pessoa ap\u00f3s festa; fam\u00edlia solicita ajuda"},"content":{"rendered":"<p>Um homem de 27 anos, nascido na Col\u00f4mbia e que j\u00e1 reside em Jo\u00e3o Pessoa h\u00e1 dois meses, est\u00e1 desaparecido. O colombiano, chamado David P\u00e9rez, sumiu ap\u00f3s ter participado de uma festa no bairro do Geisel, em Jo\u00e3o Pessoa.<\/p>\n<p>Segundo o programa Correio Verdade, da TV Correio, David P\u00e9rez encontra-se em Jo\u00e3o Pessoa para trabalhar e possui dificuldades na l\u00edngua portuguesa.<\/p>\n<p>As informa\u00e7\u00f5es sobre seu paradeiro devem ser enviadas para o telefone (83) 9 9933-2438, n\u00famero da esposa do colombiano, ou para a Pol\u00edcia Civil, pelo n\u00famero 197.<\/p>\n<p>Caso haja necessidade de contato adicional, pode-se utilizar o canal do WhatsApp dispon\u00edvel online.<\/p>\n<p><em>Fonte: Portal Correio<\/em><\/p>\n","protected":false},"excerpt":{"rendered":"<p>Um homem de 27 anos, nascido na Col\u00f4mbia e que mora em Jo\u00e3o Pessoa h\u00e1 dois meses est\u00e1 desaparecido. Chamado David P\u00e9rez, o colombiano sumiu ap\u00f3s participar de uma festa no bairro do Geisel, em Jo\u00e3o Pessoa. De acordo com o programa Correio Verdade, da TV Correio, o colombiano est\u00e1 em Jo\u00e3o Pessoa para trabalhar [\u2026]<\/p>\n","protected":false},"author":0,"featured_media":321205,"comment_status":"closed","ping_status":"closed","sticky":false,"template":"","format":"standard","meta":{"sfsi_plus_gutenberg_text_before_share":"","sfsi_plus_gutenberg_show_text_before_share":"","sfsi_plus_gutenberg_icon_type":"","sfsi_plus_gutenberg_icon_alignemt":"","sfsi_plus_gutenburg_max_per_row":"","footnotes":""},"categories":[12],"tags":[],"class_list":["post-321204","post","type-post","status-publish","format-standard","has-post-thumbnail","hentry","category-policia"],"_links":{"self":[{"href":"https:\/\/www.caririemacao.com\/1\/wp-json\/wp\/v2\/posts\/321204","targetHints":{"allow":["GET"]}}],"collection":[{"href":"https:\/\/www.caririemacao.com\/1\/wp-json\/wp\/v2\/posts"}],"about":[{"href":"https:\/\/www.caririemacao.com\/1\/wp-json\/wp\/v2\/types\/post"}],"replies":[{"embeddable":true,"href":"https:\/\/www.caririemacao.com\/1\/wp-json\/wp\/v2\/comments?post=321204"}],"version-history":[{"count":1,"href":"https:\/\/www.caririemacao.com\/1\/wp-json\/wp\/v2\/posts\/321204\/revisions"}],"predecessor-version":[{"id":321206,"href":"https:\/\/www.caririemacao.com\/1\/wp-json\/wp\/v2\/posts\/321204\/revisions\/321206"}],"wp:featuredmedia":[{"embeddable":true,"href":"https:\/\/www.caririemacao.com\/1\/wp-json\/wp\/v2\/media\/321205"}],"wp:attachment":[{"href":"https:\/\/www.caririemacao.com\/1\/wp-json\/wp\/v2\/media?parent=321204"}],"wp:term":[{"taxonomy":"category","embeddable":true,"href":"https:\/\/www.caririemacao.com\/1\/wp-json\/wp\/v2\/categories?post=321204"},{"taxonomy":"post_tag","embeddable":true,"href":"https:\/\/www.caririemacao.com\/1\/wp-json\/wp\/v2\/tags?post=321204"}],"curies":[{"name":"wp","href":"https:\/\/api.w.org\/{rel}","templated":true}]}}