{"id":321207,"date":"2026-09-01T13:23:39","date_gmt":"2026-09-01T16:23:39","guid":{"rendered":"https:\/\/www.caririemacao.com\/1\/?p=321207"},"modified":"2026-09-01T13:23:39","modified_gmt":"2026-09-01T16:23:39","slug":"prefeitura-de-joao-pessoa-lanca-inscricoes-para-90-vagas-em-formacao-profissional-gratuita","status":"publish","type":"post","link":"https:\/\/www.caririemacao.com\/1\/2026\/09\/01\/prefeitura-de-joao-pessoa-lanca-inscricoes-para-90-vagas-em-formacao-profissional-gratuita\/","title":{"rendered":"Prefeitura de Jo\u00e3o Pessoa lan\u00e7a inscri\u00e7\u00f5es para 90 vagas em forma\u00e7\u00e3o profissional gratuita"},"content":{"rendered":"<p>Manicure<\/p>\n<p>Pexels\/Divulga\u00e7\u00e3o<\/p>\n<p>A Prefeitura de Jo\u00e3o Pessoa recebe inscri\u00e7\u00f5es, na manh\u00e3 desta quarta-feira (2), para 90 vagas em cursos profissionalizantes gratuitos. As oportunidades est\u00e3o dispon\u00edveis nas \u00e1reas de cria\u00e7\u00e3o de conte\u00fado, atendimento ao cliente para turismo e unhas. Quem desejar participar deve se inscrever presencialmente, das 9h \u00e0s 12h, na sede da Sedest.<\/p>\n<p>O endere\u00e7o \u00e9 Rua Diogo Velho, 150, no Centro. \u00c9 poss\u00edvel se matricular em mais de um curso. As aulas ser\u00e3o realizadas nos dias 15, 16 e 17 de setembro, no Atl\u00e2ntico Praia Hotel, localizado no bairro Tamba\u00fa.<\/p>\n<p>Cada capacita\u00e7\u00e3o tem carga hor\u00e1ria de 20 horas. O curso de cria\u00e7\u00e3o de conte\u00fado ser\u00e1 oferecido das 8h \u00e0s 12h. A turma de atendimento ao cliente para turismo ter\u00e1 aulas das 13h \u00e0s 16h.<\/p>\n<p>J\u00e1 o curso de unhas ocorrer\u00e1 das 18h \u00e0s 21h.<\/p>\n<p><em>Fonte: G1 Para\u00edba<\/em><\/p>\n","protected":false},"excerpt":{"rendered":"<p>Manicure Pexels\/Divulga\u00e7\u00e3o A Prefeitura de Jo\u00e3o Pessoa recebe inscri\u00e7\u00f5es, na manh\u00e3 desta quarta-feira (2), para 90 vagas em cursos profissionalizantes gratuitos. As oportunidades s\u00e3o para as \u00e1reas de cria\u00e7\u00e3o de conte\u00fado, atendimento ao cliente para turismo e unhas. &#x2705; Clique aqui para seguir o canal do g1 PB no WhatsApp Os interessados devem se inscrever presencialmente, das 9h \u00e0s 12h, na sede da Sedest. O endere\u00e7o \u00e9 Rua Diogo Velho, 150, no Centro. \u00c9 poss\u00edvel se matricular em mais de um curso. As aulas ser\u00e3o realizadas nos dias 15, 16 e 17 de setembro, no Atl\u00e2ntico Praia Hotel, localizado no bairro Tamba\u00fa. Cada capacita\u00e7\u00e3o tem carga hor\u00e1ria de 20 horas. O curso de cria\u00e7\u00e3o de conte\u00fado ser\u00e1 oferecido das 8h \u00e0s 12h. A turma de atendimento ao cliente para turismo ter\u00e1 aulas das 13h \u00e0s 16h. J\u00e1 o curso de unhas ocorrer\u00e1 das 18h \u00e0s 21h. Agora no g1 V\u00eddeos mais assistidos do g1 Para\u00edba<\/p>\n","protected":false},"author":0,"featured_media":321208,"comment_status":"closed","ping_status":"closed","sticky":false,"template":"","format":"standard","meta":{"sfsi_plus_gutenberg_text_before_share":"","sfsi_plus_gutenberg_show_text_before_share":"","sfsi_plus_gutenberg_icon_type":"","sfsi_plus_gutenberg_icon_alignemt":"","sfsi_plus_gutenburg_max_per_row":"","footnotes":""},"categories":[104],"tags":[],"class_list":["post-321207","post","type-post","status-publish","format-standard","has-post-thumbnail","hentry","category-paraiba"],"_links":{"self":[{"href":"https:\/\/www.caririemacao.com\/1\/wp-json\/wp\/v2\/posts\/321207","targetHints":{"allow":["GET"]}}],"collection":[{"href":"https:\/\/www.caririemacao.com\/1\/wp-json\/wp\/v2\/posts"}],"about":[{"href":"https:\/\/www.caririemacao.com\/1\/wp-json\/wp\/v2\/types\/post"}],"replies":[{"embeddable":true,"href":"https:\/\/www.caririemacao.com\/1\/wp-json\/wp\/v2\/comments?post=321207"}],"version-history":[{"count":1,"href":"https:\/\/www.caririemacao.com\/1\/wp-json\/wp\/v2\/posts\/321207\/revisions"}],"predecessor-version":[{"id":321209,"href":"https:\/\/www.caririemacao.com\/1\/wp-json\/wp\/v2\/posts\/321207\/revisions\/321209"}],"wp:featuredmedia":[{"embeddable":true,"href":"https:\/\/www.caririemacao.com\/1\/wp-json\/wp\/v2\/media\/321208"}],"wp:attachment":[{"href":"https:\/\/www.caririemacao.com\/1\/wp-json\/wp\/v2\/media?parent=321207"}],"wp:term":[{"taxonomy":"category","embeddable":true,"href":"https:\/\/www.caririemacao.com\/1\/wp-json\/wp\/v2\/categories?post=321207"},{"taxonomy":"post_tag","embeddable":true,"href":"https:\/\/www.caririemacao.com\/1\/wp-json\/wp\/v2\/tags?post=321207"}],"curies":[{"name":"wp","href":"https:\/\/api.w.org\/{rel}","templated":true}]}}