{"id":321210,"date":"2026-09-01T13:23:41","date_gmt":"2026-09-01T16:23:41","guid":{"rendered":"https:\/\/www.caririemacao.com\/1\/?p=321210"},"modified":"2026-09-01T13:23:41","modified_gmt":"2026-09-01T16:23:41","slug":"camara-de-jp-deve-concentrar-votacoes-para-manter-producao-durante-campanha-eleitoral","status":"publish","type":"post","link":"https:\/\/www.caririemacao.com\/1\/2026\/09\/01\/camara-de-jp-deve-concentrar-votacoes-para-manter-producao-durante-campanha-eleitoral\/","title":{"rendered":"C\u00e2mara de JP deve concentrar vota\u00e7\u00f5es para manter produ\u00e7\u00e3o durante campanha eleitoral"},"content":{"rendered":"<p>Os vereadores de Jo\u00e3o Pessoa devem definir, nesta semana, a unifica\u00e7\u00e3o das vota\u00e7\u00f5es na Casa para manter o ritmo de trabalho durante o per\u00edodo de campanha eleitoral. A informa\u00e7\u00e3o foi dada pelos l\u00edderes da situa\u00e7\u00e3o e oposi\u00e7\u00e3o em entrevista ao programa Correio Debate, da Rede Correio SAT, nesta ter\u00e7a-feira (1\u00ba).<\/p>\n<p>Segundo o l\u00edder da oposi\u00e7\u00e3o, Milanez Neto, o tema foi previamente discutido, mas h\u00e1 necessidade de uma reuni\u00e3o com a Mesa Diretora e a Presid\u00eancia para a batido do martelo sobre o assunto.<\/p>\n<p>\u201cNa quinta-feira. \u00c9 importante que a gente tenha uma reuni\u00e3o dos quatro l\u00edderes com o presidente da Casa e a Mesa Diretora para determinar um dia e ficar tudo unificado\u201d, disse Milanez.<\/p>\n<p>J\u00e1 o l\u00edder da situa\u00e7\u00e3o, Bruno Farias, argumentou que a unifica\u00e7\u00e3o das vota\u00e7\u00f5es \u00e9 necess\u00e1ria para manuten\u00e7\u00e3o do ritmo de trabalho.<\/p>\n<p>\u201cQueremos que o trabalho da Casa n\u00e3o seja interrompido ou perca ritmo em raz\u00e3o do processo eleitoral. Existem v\u00e1rios colegas que s\u00e3o candidatos e a gente quer que a produtividade da Casa se mantenha em alta, com ritmo acelerado\u201d, falou Bruno Farias.<\/p>\n<p><strong><a href=\"https:\/\/whatsapp.com\/channel\/0029VaM11seEFeXpuU94Sz2i\" target=\"_blank\" rel=\"noopener\"><\/a><\/strong><\/p>\n<p><em>Fonte: Portal Correio<\/em><\/p>\n","protected":false},"excerpt":{"rendered":"<p>Os vereadores de Jo\u00e3o Pessoa devem definir, nesta semana, a unifica\u00e7\u00e3o das vota\u00e7\u00f5es na Casa para manter o ritmo de trabalho durante o per\u00edodo de campanha eleitoral. A informa\u00e7\u00e3o foi dada pelos l\u00edderes da situa\u00e7\u00e3o e oposi\u00e7\u00e3o em entrevista ao programa Correio Debate, da Rede Correio SAT, nesta ter\u00e7a-feira (1\u00ba). Segundo o l\u00edder da oposi\u00e7\u00e3o, [\u2026]<\/p>\n","protected":false},"author":0,"featured_media":321211,"comment_status":"closed","ping_status":"closed","sticky":false,"template":"","format":"standard","meta":{"sfsi_plus_gutenberg_text_before_share":"","sfsi_plus_gutenberg_show_text_before_share":"","sfsi_plus_gutenberg_icon_type":"","sfsi_plus_gutenberg_icon_alignemt":"","sfsi_plus_gutenburg_max_per_row":"","footnotes":""},"categories":[11],"tags":[],"class_list":["post-321210","post","type-post","status-publish","format-standard","has-post-thumbnail","hentry","category-politica"],"_links":{"self":[{"href":"https:\/\/www.caririemacao.com\/1\/wp-json\/wp\/v2\/posts\/321210","targetHints":{"allow":["GET"]}}],"collection":[{"href":"https:\/\/www.caririemacao.com\/1\/wp-json\/wp\/v2\/posts"}],"about":[{"href":"https:\/\/www.caririemacao.com\/1\/wp-json\/wp\/v2\/types\/post"}],"replies":[{"embeddable":true,"href":"https:\/\/www.caririemacao.com\/1\/wp-json\/wp\/v2\/comments?post=321210"}],"version-history":[{"count":1,"href":"https:\/\/www.caririemacao.com\/1\/wp-json\/wp\/v2\/posts\/321210\/revisions"}],"predecessor-version":[{"id":321212,"href":"https:\/\/www.caririemacao.com\/1\/wp-json\/wp\/v2\/posts\/321210\/revisions\/321212"}],"wp:featuredmedia":[{"embeddable":true,"href":"https:\/\/www.caririemacao.com\/1\/wp-json\/wp\/v2\/media\/321211"}],"wp:attachment":[{"href":"https:\/\/www.caririemacao.com\/1\/wp-json\/wp\/v2\/media?parent=321210"}],"wp:term":[{"taxonomy":"category","embeddable":true,"href":"https:\/\/www.caririemacao.com\/1\/wp-json\/wp\/v2\/categories?post=321210"},{"taxonomy":"post_tag","embeddable":true,"href":"https:\/\/www.caririemacao.com\/1\/wp-json\/wp\/v2\/tags?post=321210"}],"curies":[{"name":"wp","href":"https:\/\/api.w.org\/{rel}","templated":true}]}}