{"id":321216,"date":"2026-09-01T14:24:22","date_gmt":"2026-09-01T17:24:22","guid":{"rendered":"https:\/\/www.caririemacao.com\/1\/?p=321216"},"modified":"2026-09-01T14:24:22","modified_gmt":"2026-09-01T17:24:22","slug":"pericia-confirma-mais-de-50-facadas-tortura-e-tentativa-de-arrancar-mao-de-motociclista-achado-morto-em-jp","status":"publish","type":"post","link":"https:\/\/www.caririemacao.com\/1\/2026\/09\/01\/pericia-confirma-mais-de-50-facadas-tortura-e-tentativa-de-arrancar-mao-de-motociclista-achado-morto-em-jp\/","title":{"rendered":"Per\u00edcia confirma mais de 50 facadas, tortura e tentativa de arrancar m\u00e3o de motociclista achado morto em JP"},"content":{"rendered":"<div class=\"subtitulo mb-3\"><em><strong>Per\u00edcia n\u00e3o conseguiu determinar qual dia exatamente o motociclista morreu por conta das mudan\u00e7as clim\u00e1ticas na Capital.<\/strong><\/em><\/div>\n<div><\/div>\n<div>\n<p class=\"wp-block-paragraph\">Exames periciais confirmaram que o motociclista \u00c9rick Rodrigues Nascimento Ferreira sofreu tortura, foi v\u00edtima de mais de 50 facadas e que os assassinos tentaram arrancar uma das m\u00e3os dele. \u00c9rick foi achado morto no s\u00e1bado (29), cinco dias ap\u00f3s ser dado como desaparecido.<\/p>\n<p><a href=\"https:\/\/youtu.be\/uhlwAmpqnqE?si=wIK6_1n2QoVRCGiJ\">https:\/\/youtu.be\/uhlwAmpqnqE?si=wIK6_1n2QoVRCGiJ\u00a0<\/a><\/p>\n<p class=\"wp-block-paragraph\">Em entrevista ao rep\u00f3rter David Martins, da TV Correio, o chefe do Instituto M\u00e9dico Legal (IML), Fl\u00e1vio Fabres, falou que \u00c9rick apresentava ferimentos por todo o corpo, principalmente nas costas.<\/p>\n<p class=\"wp-block-paragraph\">Ainda segundo Fl\u00e1vio, a per\u00edcia n\u00e3o conseguiu determinar qual dia exatamente o motociclista morreu por conta das mudan\u00e7as clim\u00e1ticas na Capital.<\/p>\n<p class=\"wp-block-paragraph\">\u201cA causa morte ficou estabelecida por a\u00e7\u00e3o perfurocortante. [Foram usadas] uma faca, um punhal ou m\u00faltiplos, porque havia uma grande quantidade de les\u00f5es por todo o corpo. Foi estabelecido tortura, dentro do contexto da per\u00edcia. Essa varia\u00e7\u00e3o do clima dificulta que a gente tenha um estabelecimento desse hor\u00e1rio de forma exata\u201d, relatou o chefe do IML.<\/p>\n<\/div>\n<p>CARIRI EM A\u00c7\u00c3O<\/p>\n<p>Com Portal Correio<\/p>\n","protected":false},"excerpt":{"rendered":"<p>Per\u00edcia n\u00e3o conseguiu determinar qual dia exatamente o motociclista morreu por conta das mudan\u00e7as clim\u00e1ticas na Capital. Exames periciais confirmaram que o motociclista \u00c9rick Rodrigues Nascimento Ferreira sofreu tortura, foi v\u00edtima de mais de 50 facadas e que os assassinos tentaram arrancar uma das m\u00e3os dele. \u00c9rick foi achado morto no s\u00e1bado (29), cinco dias ap\u00f3s ser dado como desaparecido. https:\/\/youtu.be\/uhlwAmpqnqE?si=wIK6_1n2QoVRCGiJ\u00a0 Em entrevista ao rep\u00f3rter David Martins, da TV Correio, o chefe do Instituto M\u00e9dico Legal (IML), Fl\u00e1vio Fabres, falou que \u00c9rick apresentava ferimentos por todo o corpo, principalmente nas costas. Ainda segundo Fl\u00e1vio, a per\u00edcia n\u00e3o conseguiu determinar qual dia exatamente o motociclista morreu por conta das mudan\u00e7as clim\u00e1ticas na Capital. \u201cA causa morte ficou estabelecida por a\u00e7\u00e3o perfurocortante. [Foram usadas] uma faca, um punhal ou m\u00faltiplos, porque havia uma grande quantidade de les\u00f5es por todo o corpo. Foi estabelecido tortura, dentro do contexto da per\u00edcia. Essa varia\u00e7\u00e3o do clima dificulta que a gente tenha um estabelecimento desse hor\u00e1rio de forma exata\u201d, relatou o chefe do IML. CARIRI EM A\u00c7\u00c3O Com Portal Correio<\/p>\n","protected":false},"author":6,"featured_media":321220,"comment_status":"closed","ping_status":"closed","sticky":false,"template":"","format":"standard","meta":{"sfsi_plus_gutenberg_text_before_share":"","sfsi_plus_gutenberg_show_text_before_share":"","sfsi_plus_gutenberg_icon_type":"","sfsi_plus_gutenberg_icon_alignemt":"","sfsi_plus_gutenburg_max_per_row":"","footnotes":""},"categories":[50,12],"tags":[],"class_list":["post-321216","post","type-post","status-publish","format-standard","has-post-thumbnail","hentry","category-destaque","category-policia"],"_links":{"self":[{"href":"https:\/\/www.caririemacao.com\/1\/wp-json\/wp\/v2\/posts\/321216","targetHints":{"allow":["GET"]}}],"collection":[{"href":"https:\/\/www.caririemacao.com\/1\/wp-json\/wp\/v2\/posts"}],"about":[{"href":"https:\/\/www.caririemacao.com\/1\/wp-json\/wp\/v2\/types\/post"}],"author":[{"embeddable":true,"href":"https:\/\/www.caririemacao.com\/1\/wp-json\/wp\/v2\/users\/6"}],"replies":[{"embeddable":true,"href":"https:\/\/www.caririemacao.com\/1\/wp-json\/wp\/v2\/comments?post=321216"}],"version-history":[{"count":1,"href":"https:\/\/www.caririemacao.com\/1\/wp-json\/wp\/v2\/posts\/321216\/revisions"}],"predecessor-version":[{"id":321221,"href":"https:\/\/www.caririemacao.com\/1\/wp-json\/wp\/v2\/posts\/321216\/revisions\/321221"}],"wp:featuredmedia":[{"embeddable":true,"href":"https:\/\/www.caririemacao.com\/1\/wp-json\/wp\/v2\/media\/321220"}],"wp:attachment":[{"href":"https:\/\/www.caririemacao.com\/1\/wp-json\/wp\/v2\/media?parent=321216"}],"wp:term":[{"taxonomy":"category","embeddable":true,"href":"https:\/\/www.caririemacao.com\/1\/wp-json\/wp\/v2\/categories?post=321216"},{"taxonomy":"post_tag","embeddable":true,"href":"https:\/\/www.caririemacao.com\/1\/wp-json\/wp\/v2\/tags?post=321216"}],"curies":[{"name":"wp","href":"https:\/\/api.w.org\/{rel}","templated":true}]}}