{"id":321217,"date":"2026-09-01T14:23:37","date_gmt":"2026-09-01T17:23:37","guid":{"rendered":"https:\/\/www.caririemacao.com\/1\/?p=321217"},"modified":"2026-09-01T14:23:37","modified_gmt":"2026-09-01T17:23:37","slug":"ministro-retira-sigilo-de-relatorio-da-policia-federal-sobre-supostas-mensagens-entre-vorcaro-e-moraes","status":"publish","type":"post","link":"https:\/\/www.caririemacao.com\/1\/2026\/09\/01\/ministro-retira-sigilo-de-relatorio-da-policia-federal-sobre-supostas-mensagens-entre-vorcaro-e-moraes\/","title":{"rendered":"Ministro retira sigilo de relat\u00f3rio da Pol\u00edcia Federal sobre supostas mensagens entre Vorcaro e Moraes"},"content":{"rendered":"<p>No in\u00edcio desta ter\u00e7a-feira (1\u00ba), o ministro Andr\u00e9 Mendon\u00e7a, do Supremo Tribunal Federal, removeu o sigilo de um relat\u00f3rio da Pol\u00edcia Federal que descreve supostas trocas de mensagens entre o ex-banqueiro Daniel Vorcaro e o ministro Alexandre de Moraes. De acordo com a investiga\u00e7\u00e3o, Vorcaro teria solicitado aux\u00edlio ao ministro Moraes para obter informa\u00e7\u00f5es e tentar impedir ou atrasar as medidas de investiga\u00e7\u00e3o ligadas ao Banco Master. A Pol\u00edcia Federal mant\u00e9m o espa\u00e7o dispon\u00edvel para coment\u00e1rios. H\u00e1 tamb\u00e9m tentativas de contato direto com o ministro. Os investigadores descobriram que Vorcaro utilizava um aplicativo de notas do celular para redigir suas mensagens, capturava telas e enviava-as imediatamente para o contato no telefone marcado como &#8216;Alexandre de Moraes BRASILIA&#8217;. Apesar de o conte\u00fado dos aplicativos de mensagem ser automaticamente exclu\u00eddo, os peritos da Pol\u00edcia Federal conseguiram identificar rastros das comunica\u00e7\u00f5es no dispositivo pessoal do ex-banqueiro. O contato associado a Alexandre de Moraes havia ativado, desde 17 de setembro de 2025, a funcionalidade de mensagens tempor\u00e1rias com validade de 24 horas. Contudo, mesmo com esses documentos \u2014 rascunhos de Vorcaro, hor\u00e1rios das a\u00e7\u00f5es e arquivos em PDF \u2014 permanecendo guardados nas pastas internas e nos registros analisados pelos peritos da Pol\u00edcia Federal.<\/p>\n<p><em>Fonte: Portal Correio<\/em><\/p>\n","protected":false},"excerpt":{"rendered":"<p>O ministro do STF (Supremo Tribunal Federal) Andr\u00e9 Mendon\u00e7a retirou nesta ter\u00e7a-feira (1\u00ba) o sigilo de um relat\u00f3rio da Pol\u00edcia Federal que detalha supostas mensagens trocadas pelo ex-banqueiro Daniel Vorcaro com o ministro Alexandre de Moraes. (Essa mat\u00e9ria foi publicada antes pelo portal R7). Segundo a investiga\u00e7\u00e3o, Vorcaro teria buscado a ajuda de Moraes para [\u2026]<\/p>\n","protected":false},"author":0,"featured_media":321218,"comment_status":"closed","ping_status":"closed","sticky":false,"template":"","format":"standard","meta":{"sfsi_plus_gutenberg_text_before_share":"","sfsi_plus_gutenberg_show_text_before_share":"","sfsi_plus_gutenberg_icon_type":"","sfsi_plus_gutenberg_icon_alignemt":"","sfsi_plus_gutenburg_max_per_row":"","footnotes":""},"categories":[12],"tags":[],"class_list":["post-321217","post","type-post","status-publish","format-standard","has-post-thumbnail","hentry","category-policia"],"_links":{"self":[{"href":"https:\/\/www.caririemacao.com\/1\/wp-json\/wp\/v2\/posts\/321217","targetHints":{"allow":["GET"]}}],"collection":[{"href":"https:\/\/www.caririemacao.com\/1\/wp-json\/wp\/v2\/posts"}],"about":[{"href":"https:\/\/www.caririemacao.com\/1\/wp-json\/wp\/v2\/types\/post"}],"replies":[{"embeddable":true,"href":"https:\/\/www.caririemacao.com\/1\/wp-json\/wp\/v2\/comments?post=321217"}],"version-history":[{"count":1,"href":"https:\/\/www.caririemacao.com\/1\/wp-json\/wp\/v2\/posts\/321217\/revisions"}],"predecessor-version":[{"id":321219,"href":"https:\/\/www.caririemacao.com\/1\/wp-json\/wp\/v2\/posts\/321217\/revisions\/321219"}],"wp:featuredmedia":[{"embeddable":true,"href":"https:\/\/www.caririemacao.com\/1\/wp-json\/wp\/v2\/media\/321218"}],"wp:attachment":[{"href":"https:\/\/www.caririemacao.com\/1\/wp-json\/wp\/v2\/media?parent=321217"}],"wp:term":[{"taxonomy":"category","embeddable":true,"href":"https:\/\/www.caririemacao.com\/1\/wp-json\/wp\/v2\/categories?post=321217"},{"taxonomy":"post_tag","embeddable":true,"href":"https:\/\/www.caririemacao.com\/1\/wp-json\/wp\/v2\/tags?post=321217"}],"curies":[{"name":"wp","href":"https:\/\/api.w.org\/{rel}","templated":true}]}}