{"id":321222,"date":"2026-09-01T14:32:58","date_gmt":"2026-09-01T17:32:58","guid":{"rendered":"https:\/\/www.caririemacao.com\/1\/?p=321222"},"modified":"2026-09-01T14:32:58","modified_gmt":"2026-09-01T17:32:58","slug":"ex-cantor-da-banda-calcinha-preta-rogerio-valenca-morre-aos-55-anos","status":"publish","type":"post","link":"https:\/\/www.caririemacao.com\/1\/2026\/09\/01\/ex-cantor-da-banda-calcinha-preta-rogerio-valenca-morre-aos-55-anos\/","title":{"rendered":"Ex-cantor da Banda Calcinha Preta, Rog\u00e9rio Valen\u00e7a morre aos 55 anos"},"content":{"rendered":"<p>O cantor Rog\u00e9rio Valen\u00e7a morreu aos 55 anos ontem segunda-feira (31), em Aracaju.O ex-vocalista das bandas Calcinha Preta e Caviar com Rapadura tratava uma insufici\u00eancia renal e aguardava um transplante de rim. N\u00e3o h\u00e1 informa\u00e7\u00e3o sobre a causa da morte.<\/p>\n<p>O vel\u00f3rio \u00e9 realizado na Rua Laranjeiras, no Centro da capital sergipana. O corpo ser\u00e1 levado para sepultamento em sua cidade natal, em Pernambuco.<\/p>\n<p>Natural de Garanhuns (PE), o cantor atualmente se apresentava no grupo Raio da Silibrina e morava em Sergipe.<\/p>\n<p>Nas redes sociais, a Banda raio da Silibrina publicou nota de pesar : \u201cFicam a saudade, as lembran\u00e7as dos momentos vividos e a gratid\u00e3o por tudo que ele representou.Que Deus conforte o cora\u00e7\u00e3o de toda a fam\u00edlia, amigos e de todos que est\u00e3o sentindo essa perda\u201d, escreveu.<\/p>\n<p>CARIRI EM A\u00c7\u00c3O<\/p>\n<p>Com MaisPB<\/p>\n","protected":false},"excerpt":{"rendered":"<p>O cantor Rog\u00e9rio Valen\u00e7a morreu aos 55 anos ontem segunda-feira (31), em Aracaju.O ex-vocalista das bandas Calcinha Preta e Caviar com Rapadura tratava uma insufici\u00eancia renal e aguardava um transplante de rim. N\u00e3o h\u00e1 informa\u00e7\u00e3o sobre a causa da morte. O vel\u00f3rio \u00e9 realizado na Rua Laranjeiras, no Centro da capital sergipana. O corpo ser\u00e1 levado para sepultamento em sua cidade natal, em Pernambuco. Natural de Garanhuns (PE), o cantor atualmente se apresentava no grupo Raio da Silibrina e morava em Sergipe. Nas redes sociais, a Banda raio da Silibrina publicou nota de pesar : \u201cFicam a saudade, as lembran\u00e7as dos momentos vividos e a gratid\u00e3o por tudo que ele representou.Que Deus conforte o cora\u00e7\u00e3o de toda a fam\u00edlia, amigos e de todos que est\u00e3o sentindo essa perda\u201d, escreveu. CARIRI EM A\u00c7\u00c3O Com MaisPB<\/p>\n","protected":false},"author":6,"featured_media":321223,"comment_status":"closed","ping_status":"closed","sticky":false,"template":"","format":"standard","meta":{"sfsi_plus_gutenberg_text_before_share":"","sfsi_plus_gutenberg_show_text_before_share":"","sfsi_plus_gutenberg_icon_type":"","sfsi_plus_gutenberg_icon_alignemt":"","sfsi_plus_gutenburg_max_per_row":"","footnotes":""},"categories":[50,2],"tags":[],"class_list":["post-321222","post","type-post","status-publish","format-standard","has-post-thumbnail","hentry","category-destaque","category-geral"],"_links":{"self":[{"href":"https:\/\/www.caririemacao.com\/1\/wp-json\/wp\/v2\/posts\/321222","targetHints":{"allow":["GET"]}}],"collection":[{"href":"https:\/\/www.caririemacao.com\/1\/wp-json\/wp\/v2\/posts"}],"about":[{"href":"https:\/\/www.caririemacao.com\/1\/wp-json\/wp\/v2\/types\/post"}],"author":[{"embeddable":true,"href":"https:\/\/www.caririemacao.com\/1\/wp-json\/wp\/v2\/users\/6"}],"replies":[{"embeddable":true,"href":"https:\/\/www.caririemacao.com\/1\/wp-json\/wp\/v2\/comments?post=321222"}],"version-history":[{"count":1,"href":"https:\/\/www.caririemacao.com\/1\/wp-json\/wp\/v2\/posts\/321222\/revisions"}],"predecessor-version":[{"id":321224,"href":"https:\/\/www.caririemacao.com\/1\/wp-json\/wp\/v2\/posts\/321222\/revisions\/321224"}],"wp:featuredmedia":[{"embeddable":true,"href":"https:\/\/www.caririemacao.com\/1\/wp-json\/wp\/v2\/media\/321223"}],"wp:attachment":[{"href":"https:\/\/www.caririemacao.com\/1\/wp-json\/wp\/v2\/media?parent=321222"}],"wp:term":[{"taxonomy":"category","embeddable":true,"href":"https:\/\/www.caririemacao.com\/1\/wp-json\/wp\/v2\/categories?post=321222"},{"taxonomy":"post_tag","embeddable":true,"href":"https:\/\/www.caririemacao.com\/1\/wp-json\/wp\/v2\/tags?post=321222"}],"curies":[{"name":"wp","href":"https:\/\/api.w.org\/{rel}","templated":true}]}}