{"id":321225,"date":"2026-09-01T14:34:25","date_gmt":"2026-09-01T17:34:25","guid":{"rendered":"https:\/\/www.caririemacao.com\/1\/?p=321225"},"modified":"2026-09-01T14:34:25","modified_gmt":"2026-09-01T17:34:25","slug":"orgulho-do-cariri-flavio-jose-completa-75-anos","status":"publish","type":"post","link":"https:\/\/www.caririemacao.com\/1\/2026\/09\/01\/orgulho-do-cariri-flavio-jose-completa-75-anos\/","title":{"rendered":"Orgulho do Cariri: Fl\u00e1vio Jos\u00e9 completa 75 anos"},"content":{"rendered":"<p>Um dos maiores representantes do aut\u00eantico forr\u00f3 nordestino, o cantor, compositor e sanfoneiro Fl\u00e1vio Jos\u00e9 completa 75 anos nesta ter\u00e7a-feira, 1\u00ba de setembro. Natural de Monteiro, no Cariri Paraibano, o artista construiu uma trajet\u00f3ria marcada pela valoriza\u00e7\u00e3o das ra\u00edzes nordestinas e se tornou uma das principais refer\u00eancias do g\u00eanero no Brasil.<\/p>\n<p>Nascido em 1\u00ba de setembro de 1951, Fl\u00e1vio Jos\u00e9 Marcelino Rem\u00edgio transformou a sanfona, a poesia e as hist\u00f3rias do povo nordestino em uma carreira reconhecida nacionalmente. Ao longo das d\u00e9cadas, sua voz ganhou espa\u00e7o nos grandes palcos sem abandonar a identidade cultural que o acompanha desde o in\u00edcio.<\/p>\n<p>Can\u00e7\u00f5es como \u201cTareco e Mariola\u201d, \u201cCaboclo Sonhador\u201d e \u201cFilho do Dono\u201d atravessaram gera\u00e7\u00f5es e ajudaram a consolidar Fl\u00e1vio Jos\u00e9 como um dos grandes defensores do forr\u00f3 tradicional. Seu repert\u00f3rio retrata o amor, a saudade, a vida no sert\u00e3o e os sentimentos de quem carrega o Nordeste no cora\u00e7\u00e3o.<\/p>\n<p>Para o Cariri Paraibano, a hist\u00f3ria de Fl\u00e1vio Jos\u00e9 possui um significado ainda mais especial. Foi de Monteiro que saiu o artista que conquistaria o pa\u00eds levando consigo a musicalidade, a cultura e a identidade de uma regi\u00e3o que tem no forr\u00f3 uma de suas maiores express\u00f5es.<\/p>\n<p>Aos 75 anos, Fl\u00e1vio Jos\u00e9 segue como s\u00edmbolo da m\u00fasica nordestina e motivo de orgulho para Monteiro, para o Cariri e para toda a Para\u00edba, mantendo viva uma obra que j\u00e1 faz parte da hist\u00f3ria do forr\u00f3 brasileiro.<\/p>\n<p>Cariri em A\u00e7\u00e3o<\/p>\n","protected":false},"excerpt":{"rendered":"<p>Um dos maiores representantes do aut\u00eantico forr\u00f3 nordestino, o cantor, compositor e sanfoneiro Fl\u00e1vio Jos\u00e9 completa 75 anos nesta ter\u00e7a-feira, 1\u00ba de setembro. Natural de Monteiro, no Cariri Paraibano, o artista construiu uma trajet\u00f3ria marcada pela valoriza\u00e7\u00e3o das ra\u00edzes nordestinas e se tornou uma das principais refer\u00eancias do g\u00eanero no Brasil. Nascido em 1\u00ba de setembro de 1951, Fl\u00e1vio Jos\u00e9 Marcelino Rem\u00edgio transformou a sanfona, a poesia e as hist\u00f3rias do povo nordestino em uma carreira reconhecida nacionalmente. Ao longo das d\u00e9cadas, sua voz ganhou espa\u00e7o nos grandes palcos sem abandonar a identidade cultural que o acompanha desde o in\u00edcio. Can\u00e7\u00f5es como \u201cTareco e Mariola\u201d, \u201cCaboclo Sonhador\u201d e \u201cFilho do Dono\u201d atravessaram gera\u00e7\u00f5es e ajudaram a consolidar Fl\u00e1vio Jos\u00e9 como um dos grandes defensores do forr\u00f3 tradicional. Seu repert\u00f3rio retrata o amor, a saudade, a vida no sert\u00e3o e os sentimentos de quem carrega o Nordeste no cora\u00e7\u00e3o. Para o Cariri Paraibano, a hist\u00f3ria de Fl\u00e1vio Jos\u00e9 possui um significado ainda mais especial. Foi de Monteiro que saiu o artista que conquistaria o pa\u00eds levando consigo a musicalidade, a cultura e a identidade de uma regi\u00e3o que tem no forr\u00f3 uma de suas maiores express\u00f5es. Aos 75 anos, Fl\u00e1vio Jos\u00e9 segue como s\u00edmbolo da m\u00fasica nordestina e motivo de orgulho para Monteiro, para o Cariri e para toda a Para\u00edba, mantendo viva uma obra que j\u00e1 faz parte da hist\u00f3ria do forr\u00f3 brasileiro. Cariri em A\u00e7\u00e3o<\/p>\n","protected":false},"author":6,"featured_media":321226,"comment_status":"closed","ping_status":"closed","sticky":false,"template":"","format":"standard","meta":{"sfsi_plus_gutenberg_text_before_share":"","sfsi_plus_gutenberg_show_text_before_share":"","sfsi_plus_gutenberg_icon_type":"","sfsi_plus_gutenberg_icon_alignemt":"","sfsi_plus_gutenburg_max_per_row":"","footnotes":""},"categories":[50,81],"tags":[],"class_list":["post-321225","post","type-post","status-publish","format-standard","has-post-thumbnail","hentry","category-destaque","category-monteiro"],"_links":{"self":[{"href":"https:\/\/www.caririemacao.com\/1\/wp-json\/wp\/v2\/posts\/321225","targetHints":{"allow":["GET"]}}],"collection":[{"href":"https:\/\/www.caririemacao.com\/1\/wp-json\/wp\/v2\/posts"}],"about":[{"href":"https:\/\/www.caririemacao.com\/1\/wp-json\/wp\/v2\/types\/post"}],"author":[{"embeddable":true,"href":"https:\/\/www.caririemacao.com\/1\/wp-json\/wp\/v2\/users\/6"}],"replies":[{"embeddable":true,"href":"https:\/\/www.caririemacao.com\/1\/wp-json\/wp\/v2\/comments?post=321225"}],"version-history":[{"count":1,"href":"https:\/\/www.caririemacao.com\/1\/wp-json\/wp\/v2\/posts\/321225\/revisions"}],"predecessor-version":[{"id":321227,"href":"https:\/\/www.caririemacao.com\/1\/wp-json\/wp\/v2\/posts\/321225\/revisions\/321227"}],"wp:featuredmedia":[{"embeddable":true,"href":"https:\/\/www.caririemacao.com\/1\/wp-json\/wp\/v2\/media\/321226"}],"wp:attachment":[{"href":"https:\/\/www.caririemacao.com\/1\/wp-json\/wp\/v2\/media?parent=321225"}],"wp:term":[{"taxonomy":"category","embeddable":true,"href":"https:\/\/www.caririemacao.com\/1\/wp-json\/wp\/v2\/categories?post=321225"},{"taxonomy":"post_tag","embeddable":true,"href":"https:\/\/www.caririemacao.com\/1\/wp-json\/wp\/v2\/tags?post=321225"}],"curies":[{"name":"wp","href":"https:\/\/api.w.org\/{rel}","templated":true}]}}