{"id":321229,"date":"2026-09-01T15:23:54","date_gmt":"2026-09-01T18:23:54","guid":{"rendered":"https:\/\/www.caririemacao.com\/1\/?p=321229"},"modified":"2026-09-01T15:23:54","modified_gmt":"2026-09-01T18:23:54","slug":"pericia-de-elevador-iniciada-apos-queda-que-feriu-moradora-de-condominio-em-joao-pessoa","status":"publish","type":"post","link":"https:\/\/www.caririemacao.com\/1\/2026\/09\/01\/pericia-de-elevador-iniciada-apos-queda-que-feriu-moradora-de-condominio-em-joao-pessoa\/","title":{"rendered":"Per\u00edcia de elevador iniciada ap\u00f3s queda que feriu moradora de condom\u00ednio em Jo\u00e3o Pessoa"},"content":{"rendered":"<p>Na manh\u00e3 de ter\u00e7a-feira (1\u00ba), a Pol\u00edcia Civil realizou uma inspe\u00e7\u00e3o no edif\u00edcio onde um elevador despencou, causando ferimentos a uma mulher e aos seus dois filhos, cerca de tr\u00eas meses atr\u00e1s. O acidente resultou em tr\u00eas v\u00edtimas, sendo que a mulher e as crian\u00e7as foram levadas ao hospital e apresentam les\u00f5es. Desde o ocorrido, os elevadores afetados e a estrutura do pr\u00e9dio permanecem interditados.<\/p>\n<p>De acordo com o delegado Paulo Josaf\u00e1, encarregado da investiga\u00e7\u00e3o, o caso foi inicialmente tratado na esfera c\u00edvel. O registro de um boletim de ocorr\u00eancia foi feito apenas nas \u00faltimas duas semanas, momento em que a pol\u00edcia iniciou as dilig\u00eancias criminais. A per\u00edcia foi conduzida por volta das nove horas da manh\u00e3 dessa ter\u00e7a-feira, contando com dois peritos e uma equipe de apoio para a documenta\u00e7\u00e3o fotogr\u00e1fica da estrutura do equipamento.<\/p>\n<p>O delegado explicou que ainda n\u00e3o \u00e9 poss\u00edvel apontar se houve falha na manuten\u00e7\u00e3o ou outro problema que tenha provocado o acidente. O laudo t\u00e9cnico deve ser conclu\u00eddo em aproximadamente trinta dias.<\/p>\n<p>Ao encerrar o inqu\u00e9rito, a Pol\u00edcia Civil pretende avaliar as circunst\u00e2ncias do acidente e identificar eventuais responsabilidades pelas les\u00f5es sofridas pela moradora. O condom\u00ednio j\u00e1 havia entrado com a\u00e7\u00e3o judicial contra a construtora devido a problemas pr\u00e9-existentes nos elevadores, e tamb\u00e9m contratou uma empresa para elaborar seu pr\u00f3prio laudo sobre o funcionamento dos equipamentos.<\/p>\n<p>Al\u00e9m disso, foram apontados outros defeitos nos elevadores do complexo, como a falta de freios, a aus\u00eancia de sinaliza\u00e7\u00e3o de seguran\u00e7a nas portas e a exist\u00eancia de fitas isolantes inadequadas. Um elevador despencou do terceiro andar em um condom\u00ednio localizado no bairro do Altiplano, em Jo\u00e3o Pessoa, em maio deste ano, ferindo tr\u00eas pessoas \u2014 uma mulher e suas duas filhas menores. Moradores conseguiram abrir a cabine do elevador e iniciarem o resgate antes da chegada das equipes de socorro, enquanto o Samu e o Corpo de Bombeiros foram acionados imediatamente.<\/p>\n<p>A rede local divulgou detalhes sobre o processo judicial movido pelo condom\u00ednio contra a construtora, bem como o laudo t\u00e9cnico que identificou supostos problemas nos equipamentos. A construtora, quando questionada, afirmou que &#8220;a responsabilidade pela manuten\u00e7\u00e3o dos equipamentos de uso comum, incluindo os sistemas de eleva\u00e7\u00e3o, recai integralmente sobre o condom\u00ednio a partir do momento em que os moradores passam a fazer uso regular desses equipamentos&#8221; e que &#8220;permanece \u00e0 disposi\u00e7\u00e3o das autoridades competentes e da administra\u00e7\u00e3o condominial para colaborar com as apura\u00e7\u00f5es em curso&#8221;.<\/p>\n<p>Em rela\u00e7\u00e3o \u00e0s alega\u00e7\u00f5es de defeitos estruturais e ao processo judicial anterior, a construtora n\u00e3o forneceu coment\u00e1rios at\u00e9 a \u00faltima atualiza\u00e7\u00e3o da reportagem. No caso, houve den\u00fancia de v\u00edcios nos elevadores mesmo ap\u00f3s a entrega do empreendimento, ocorrido em setembro de 2023. Entre os problemas apontados est\u00e3o inc\u00eandio no fosso do elevador do Bloco B, queda abrupta em Bloco D, travamentos, interrup\u00e7\u00f5es constantes e falhas nos sistemas de seguran\u00e7a.<\/p>\n<p>Apesar de uma decis\u00e3o favor\u00e1vel ao condom\u00ednio em janeiro de 2025, que determinou a substitui\u00e7\u00e3o integral dos elevadores, persistem restri\u00e7\u00f5es no elevador do Bloco B, incluindo problemas de alta prioridade e risco \u00e0 seguran\u00e7a dos moradores. Entre as irregularidades encontradas est\u00e3o a aus\u00eancia de sinaliza\u00e7\u00e3o de seguran\u00e7a, falta de extintor adequado, inexist\u00eancia de ilumina\u00e7\u00e3o de emerg\u00eancia e falhas no aterramento el\u00e9trico. O laudo tamb\u00e9m indicou aus\u00eancia de ventila\u00e7\u00e3o adequada, problemas na organiza\u00e7\u00e3o da instala\u00e7\u00e3o el\u00e9trica e aus\u00eancia de dispositivos de resgate emergencial. A m\u00e1quina de tra\u00e7\u00e3o do elevador foi descrita como n\u00e3o atendendo \u00e0 capacidade de peso total da estrutura nem \u00e0s normas de seguran\u00e7a.<\/p>\n<p>O documento recomendou a substitui\u00e7\u00e3o completa do equipamento, classificando a pend\u00eancia com prioridade alta. V\u00eddeos relacionados ao assunto foram compartilhados em plataformas digitais.<\/p>\n<p><em>Fonte: G1 Para\u00edba<\/em><\/p>\n","protected":false},"excerpt":{"rendered":"<p>Elevador despenca tr\u00eas andares em pr\u00e9dio residencial em Jo\u00e3o Pessoa; tr\u00eas pessoas ficam feridas TV Cabo Branco A Pol\u00edcia Civil fez, na manh\u00e3 desta ter\u00e7a-feira (1\u00ba), uma per\u00edcia no pr\u00e9dio onde um elevador despencou com uma mulher e os dois filhos, h\u00e1 cerca de tr\u00eas meses. O acidente deixou m\u00e3e e duas crian\u00e7as feridas. O elevador onde aconteceu o acidente e os demais elevadores da unidade residencial permanecem interditados desde o dia do ocorrido. &#x2705; Clique aqui para seguir o canal do g1 PB no WhatsApp De acordo com o delegado Paulo Josaf\u00e1, respons\u00e1vel pela investiga\u00e7\u00e3o, o caso inicialmente foi investigado na esfera c\u00edvel. O registro de um boletim de ocorr\u00eancia s\u00f3 foi feito nas \u00faltimas duas semanas, quando a pol\u00edcia deu in\u00edcio \u00e0s dilig\u00eancias criminais. A per\u00edcia come\u00e7ou por volta das 9h desta ter\u00e7a-feira e contou com dois peritos e equipe de apoio para o registro fotogr\u00e1fico da estrutura do equipamento. Segundo o delegado, os elevadores permanecer\u00e3o interditados at\u00e9 o fim das investiga\u00e7\u00f5es, inclusive para possibilitar uma eventual per\u00edcia complementar. O pr\u00f3ximo passo ser\u00e1 ouvir as testemunhas e pessoas envolvidas no caso, entre elas o s\u00edndico e representantes da empresa respons\u00e1vel pela manuten\u00e7\u00e3o dos elevadores. A mulher que estava com os dois filhos, e foi a v\u00edtima que mais sofreu sequelas, tamb\u00e9m dever\u00e1 prestar depoimento. Segundo a pol\u00edcia, ela j\u00e1 recebeu alta m\u00e9dica e est\u00e1 se recuperando. Agora no g1 O delegado explicou que ainda n\u00e3o \u00e9 poss\u00edvel apontar se houve falha na manuten\u00e7\u00e3o ou outro problema que tenha provocado o acidente. O laudo da per\u00edcia deve ser conclu\u00eddo em aproximadamente 30 dias. Ao final do inqu\u00e9rito, a Pol\u00edcia Civil deve avaliar as circunst\u00e2ncias do acidente e eventual responsabilidade pelas les\u00f5es sofridas pela moradora. O condom\u00ednio j\u00e1 havia recorrido \u00e0 Justi\u00e7a contra a construtora por causa de problemas apresentados pelos elevadores antes do acidente, e tamb\u00e9m teria contratado uma empresa para produzir um laudo pr\u00f3prio sobre o funcionamento dos equipamentos. LEIA TAMB\u00c9M: Fita isolante em portas e falta de freios: Saiba o que laudo apontou em elevadores de condom\u00ednio onde mulher ficou ferida, em Jo\u00e3o Pessoa Relembre o caso Elevador de pr\u00e9dio cai e deixa feridos no bairro do Altiplano, em Jo\u00e3o Pessoa Um elevador despencou do terceiro andar de um pr\u00e9dio em um condom\u00ednio residencial no bairro do Altiplano, em Jo\u00e3o Pessoa, em maio deste ano. Dentro da cabine estavam uma mulher e duas crian\u00e7as. Ap\u00f3s a queda, as v\u00edtimas ficaram presas no fosso do elevador. Moradores do condom\u00ednio conseguiram abrir a porta da cabine do elevador e iniciaram o resgate por conta pr\u00f3pria, antes da chegada das equipes de socorro. O Servi\u00e7o de Atendimento M\u00f3vel de Urg\u00eancia (Samu) e o Corpo de Bombeiros foram acionados para atender a ocorr\u00eancia. Segundo relatos de moradores, a mulher foi retirada do elevador apresentando ferimentos e reclamando de dores pelo corpo, as crian\u00e7as apresentavam ferimentos leves. A Rede Para\u00edba teve acesso ao documento em que o condom\u00ednio moveu o processo na 7\u00aa Vara C\u00edvel da Capital, contra a construtora, e tamb\u00e9m de um laudo realizado por uma empresa que avaliou os supostos problemas. Procurada, a construtora disse, em nota, que &#8220;a responsabilidade pela manuten\u00e7\u00e3o dos equipamentos de uso comum, incluindo os sistemas de eleva\u00e7\u00e3o, recai integralmente sobre o condom\u00ednio a partir do momento em que os moradores passam a fazer uso regular desses equipamentos&#8221; e que &#8220;permanece \u00e0 disposi\u00e7\u00e3o das autoridades competentes e da administra\u00e7\u00e3o condominial para colaborar com as apura\u00e7\u00f5es em curso&#8221;. Sobre as alega\u00e7\u00f5es do condom\u00ednio de falhas estruturais e sobre o processo na Justi\u00e7a, a construtora n\u00e3o respondeu at\u00e9 a \u00faltima atualiza\u00e7\u00e3o desta reportagem. No processo movido pelo condom\u00ednio, houve a den\u00fancia de &#8220;v\u00edcios estruturais nos elevadores&#8221; mesmo ap\u00f3s a entrega do empreendimento, ocorrida em setembro de 2023. Entre os problemas relatados est\u00e3o inc\u00eandio no fosso do elevador do Bloco B, queda abrupta de um elevador no Bloco D, travamentos, interrup\u00e7\u00f5es constantes e falhas em sistemas de seguran\u00e7a. Na \u00e9poca, o magistrado que deu a decis\u00e3o destacou que os documentos apresentados pelo condom\u00ednio demonstravam falhas recorrentes e potencial risco de acidentes graves ou fatais. O condom\u00ednio tamb\u00e9m afirmou na a\u00e7\u00e3o que o interfone de emerg\u00eancia dos elevadores estaria inoperante e que a construtora n\u00e3o teria solucionado os problemas, apesar de diversas reclama\u00e7\u00f5es administrativas feitas pelos moradores. O processo teve uma decis\u00e3o favor\u00e1vel para o condom\u00ednio em janeiro de 2025, determinando a substitui\u00e7\u00e3o integral dos elevadores, no entanto, a construtora recorreu judicialmente e o processo ainda tramita na Justi\u00e7a da Para\u00edba. Laudo de 2026 aponta falhas Resgate da mulher no elevador no Altiplano Reprodu\u00e7\u00e3o\/TV Cabo Branco O documento, elaborado entre dezembro de 2025 e janeiro de 2026, lista v\u00e1rias inconformidades no elevador do Bloco B, incluindo problemas considerados de alta prioridade e risco \u00e0 seguran\u00e7a dos moradores. Neste bloco, inclusive, houve o desabamento do elevador, que feriu as tr\u00eas pessoas. Entre os principais problemas encontrados est\u00e3o a aus\u00eancia de sinaliza\u00e7\u00e3o de seguran\u00e7a e de controle de acesso \u00e0 casa de m\u00e1quinas do elevador, falta de extintor de inc\u00eandio adequado, inexist\u00eancia de ilumina\u00e7\u00e3o de emerg\u00eancia e falhas no aterramento el\u00e9trico do sistema. O laudo tamb\u00e9m registrou aus\u00eancia de ventila\u00e7\u00e3o adequada, problemas de organiza\u00e7\u00e3o da instala\u00e7\u00e3o el\u00e9trica e aus\u00eancia de dispositivos de resgate emergencial. O documento aponta ainda que a m\u00e1quina de tra\u00e7\u00e3o do elevador, \u201cn\u00e3o atende \u00e0 capacidade de peso de toda a estrutura e n\u00e3o atende \u00e0s normas de seguran\u00e7a\u201d. O laudo recomendou a substitui\u00e7\u00e3o completa do equipamento. A pend\u00eancia foi classificada com prioridade \u201calta\u201d. V\u00eddeos mais assistidos do g1 Para\u00edba<\/p>\n","protected":false},"author":0,"featured_media":321230,"comment_status":"closed","ping_status":"closed","sticky":false,"template":"","format":"standard","meta":{"sfsi_plus_gutenberg_text_before_share":"","sfsi_plus_gutenberg_show_text_before_share":"","sfsi_plus_gutenberg_icon_type":"","sfsi_plus_gutenberg_icon_alignemt":"","sfsi_plus_gutenburg_max_per_row":"","footnotes":""},"categories":[12],"tags":[],"class_list":["post-321229","post","type-post","status-publish","format-standard","has-post-thumbnail","hentry","category-policia"],"_links":{"self":[{"href":"https:\/\/www.caririemacao.com\/1\/wp-json\/wp\/v2\/posts\/321229","targetHints":{"allow":["GET"]}}],"collection":[{"href":"https:\/\/www.caririemacao.com\/1\/wp-json\/wp\/v2\/posts"}],"about":[{"href":"https:\/\/www.caririemacao.com\/1\/wp-json\/wp\/v2\/types\/post"}],"replies":[{"embeddable":true,"href":"https:\/\/www.caririemacao.com\/1\/wp-json\/wp\/v2\/comments?post=321229"}],"version-history":[{"count":1,"href":"https:\/\/www.caririemacao.com\/1\/wp-json\/wp\/v2\/posts\/321229\/revisions"}],"predecessor-version":[{"id":321231,"href":"https:\/\/www.caririemacao.com\/1\/wp-json\/wp\/v2\/posts\/321229\/revisions\/321231"}],"wp:featuredmedia":[{"embeddable":true,"href":"https:\/\/www.caririemacao.com\/1\/wp-json\/wp\/v2\/media\/321230"}],"wp:attachment":[{"href":"https:\/\/www.caririemacao.com\/1\/wp-json\/wp\/v2\/media?parent=321229"}],"wp:term":[{"taxonomy":"category","embeddable":true,"href":"https:\/\/www.caririemacao.com\/1\/wp-json\/wp\/v2\/categories?post=321229"},{"taxonomy":"post_tag","embeddable":true,"href":"https:\/\/www.caririemacao.com\/1\/wp-json\/wp\/v2\/tags?post=321229"}],"curies":[{"name":"wp","href":"https:\/\/api.w.org\/{rel}","templated":true}]}}