{"id":321232,"date":"2026-09-01T15:24:04","date_gmt":"2026-09-01T18:24:04","guid":{"rendered":"https:\/\/www.caririemacao.com\/1\/?p=321232"},"modified":"2026-09-01T15:24:04","modified_gmt":"2026-09-01T18:24:04","slug":"ministro-mendonca-pede-audiencia-fisica-no-stf-para-analise-de-mensagens-de-moraes-e-vorcaro","status":"publish","type":"post","link":"https:\/\/www.caririemacao.com\/1\/2026\/09\/01\/ministro-mendonca-pede-audiencia-fisica-no-stf-para-analise-de-mensagens-de-moraes-e-vorcaro\/","title":{"rendered":"Ministro Mendon\u00e7a pede audi\u00eancia f\u00edsica no STF para an\u00e1lise de mensagens de Moraes e Vorcaro"},"content":{"rendered":"<p>O ministro Andr\u00e9 Mendon\u00e7a, do Supremo Tribunal Federal, solicitou que a an\u00e1lise das comunica\u00e7\u00f5es atribu\u00eddas ao ministro Alexandre de Moraes e ao empres\u00e1rio Daniel Vorcaro seja realizada em uma sess\u00e3o plen\u00e1ria presencial e aberta ao p\u00fablico.<\/p>\n<p>De acordo com o ministro, a decis\u00e3o sobre o caso dever\u00e1 ser tomada pelo plen\u00e1rio da Corte durante uma reuni\u00e3o presencial cuja data ser\u00e1 estabelecida pelo presidente do STF, seguindo as normas processuais do tribunal.<\/p>\n<p>Mais recentemente, Andr\u00e9 Mendon\u00e7a revelou que retirou o sigilo de um relat\u00f3rio emitido pela Pol\u00edcia Federal, documento que detalha supostas trocas de mensagens entre os envolvidos.<\/p>\n<p>Segundo as informa\u00e7\u00f5es da investiga\u00e7\u00e3o, Vorcaro teria buscado a assist\u00eancia de Moraes para obter informa\u00e7\u00f5es e tentar conter ou atrasar medidas relacionadas \u00e0s apura\u00e7\u00f5es ligadas ao Banco Master.<\/p>\n<p>O R7 est\u00e1 tentando contato com Moraes, e o espa\u00e7o permanece aberto para manifesta\u00e7\u00f5es p\u00fablicas.<\/p>\n<p>Ao solicitar que o caso seja analisado pelo plen\u00e1rio f\u00edsico, o ministro busca assegurar que a discuss\u00e3o ocorra de forma transparente \u00e0 sociedade e \u00e0 imprensa, evitando uma poss\u00edvel decis\u00e3o em ambiente virtual ou restrito.<\/p>\n<p>Agora, cabe \u00e0 presid\u00eancia do STF avaliar o pedido e determinar se o assunto ser\u00e1 inclu\u00eddo na pauta para debate pelos demais ministros da Corte. Esta medida pode gerar intensa repercuss\u00e3o pol\u00edtica e jur\u00eddica nas pr\u00f3ximas semanas.<\/p>\n<p><em>Fonte: Portal Correio<\/em><\/p>\n","protected":false},"excerpt":{"rendered":"<p>O ministro Andr\u00e9 Mendon\u00e7a, do STF (Supremo Tribunal Federal), quer que a an\u00e1lise das mensagens atribu\u00eddas ao ministro Alexandre de Moraes e ao empres\u00e1rio Daniel Vorcaro ocorra em sess\u00e3o plen\u00e1ria presencial, com publicidade e transpar\u00eancia. (Essa mat\u00e9ria foi publicada antes pelo portal R7) Segundo Mendon\u00e7a, a decis\u00e3o sobre o caso deve ser tomada pelo plen\u00e1rio [\u2026]<\/p>\n","protected":false},"author":0,"featured_media":321233,"comment_status":"closed","ping_status":"closed","sticky":false,"template":"","format":"standard","meta":{"sfsi_plus_gutenberg_text_before_share":"","sfsi_plus_gutenberg_show_text_before_share":"","sfsi_plus_gutenberg_icon_type":"","sfsi_plus_gutenberg_icon_alignemt":"","sfsi_plus_gutenburg_max_per_row":"","footnotes":""},"categories":[12],"tags":[],"class_list":["post-321232","post","type-post","status-publish","format-standard","has-post-thumbnail","hentry","category-policia"],"_links":{"self":[{"href":"https:\/\/www.caririemacao.com\/1\/wp-json\/wp\/v2\/posts\/321232","targetHints":{"allow":["GET"]}}],"collection":[{"href":"https:\/\/www.caririemacao.com\/1\/wp-json\/wp\/v2\/posts"}],"about":[{"href":"https:\/\/www.caririemacao.com\/1\/wp-json\/wp\/v2\/types\/post"}],"replies":[{"embeddable":true,"href":"https:\/\/www.caririemacao.com\/1\/wp-json\/wp\/v2\/comments?post=321232"}],"version-history":[{"count":1,"href":"https:\/\/www.caririemacao.com\/1\/wp-json\/wp\/v2\/posts\/321232\/revisions"}],"predecessor-version":[{"id":321234,"href":"https:\/\/www.caririemacao.com\/1\/wp-json\/wp\/v2\/posts\/321232\/revisions\/321234"}],"wp:featuredmedia":[{"embeddable":true,"href":"https:\/\/www.caririemacao.com\/1\/wp-json\/wp\/v2\/media\/321233"}],"wp:attachment":[{"href":"https:\/\/www.caririemacao.com\/1\/wp-json\/wp\/v2\/media?parent=321232"}],"wp:term":[{"taxonomy":"category","embeddable":true,"href":"https:\/\/www.caririemacao.com\/1\/wp-json\/wp\/v2\/categories?post=321232"},{"taxonomy":"post_tag","embeddable":true,"href":"https:\/\/www.caririemacao.com\/1\/wp-json\/wp\/v2\/tags?post=321232"}],"curies":[{"name":"wp","href":"https:\/\/api.w.org\/{rel}","templated":true}]}}