{"id":321238,"date":"2026-09-01T16:24:06","date_gmt":"2026-09-01T19:24:06","guid":{"rendered":"https:\/\/www.caririemacao.com\/1\/?p=321238"},"modified":"2026-09-01T16:24:06","modified_gmt":"2026-09-01T19:24:06","slug":"leo-bezerra-inaugura-centro-dia-e-estende-rede-de-protecao-em-joao-pessoa","status":"publish","type":"post","link":"https:\/\/www.caririemacao.com\/1\/2026\/09\/01\/leo-bezerra-inaugura-centro-dia-e-estende-rede-de-protecao-em-joao-pessoa\/","title":{"rendered":"Leo Bezerra inaugura Centro Dia e estende rede de prote\u00e7\u00e3o em Jo\u00e3o Pessoa"},"content":{"rendered":"<p>A Prefeitura de Jo\u00e3o Pessoa inaugurou o Centro Dia de Habilita\u00e7\u00e3o e Reabilita\u00e7\u00e3o de Crian\u00e7as e Adolescentes, ap\u00f3s a constru\u00e7\u00e3o e funcionaliza\u00e7\u00e3o do Espa\u00e7o Cuidar no bairro dos Banc\u00e1rios, que oferece assist\u00eancia especializada a pessoas com defici\u00eancia e neurodivergentes. Integrando assist\u00eancia social, educa\u00e7\u00e3o e cidadania em um \u00fanico ambiente, o novo centro representa um passo importante para a rede de prote\u00e7\u00e3o municipal. Na cerim\u00f4nia de abertura, ocorrida nesta ter\u00e7a-feira (1\u00ba), o prefeito Leo Bezerra destacou o compromisso com o cuidado, inclus\u00e3o e garantia de direitos.<\/p>\n<p><strong>Rede de prote\u00e7\u00e3o<\/strong> \u2013 A abertura do Centro Dia ocorre em conjunto com o Espa\u00e7o Acolher e pr\u00f3xima localiza\u00e7\u00e3o do Centro de Doen\u00e7as Raras, ambas projetadas pela administra\u00e7\u00e3o municipal. Essa concentra\u00e7\u00e3o de servi\u00e7os na mesma regi\u00e3o potencializa a assist\u00eancia dispon\u00edvel \u00e0 comunidade, conforme ressaltado pelo prefeito Leo Bezerra durante a cerim\u00f4nia.<\/p>\n<p>\u201cEste local funciona como uma porta de entrada para pessoas com defici\u00eancia, crian\u00e7as e indiv\u00edduos que precisam de apoio social em nosso munic\u00edpio. Agrade\u00e7o a todos os secret\u00e1rios e colaboradores que contribu\u00edram para a realiza\u00e7\u00e3o deste projeto, pensado para atender, sobretudo, cidad\u00e3os em situa\u00e7\u00e3o de vulnerabilidade\u201d, declarou o prefeito.<\/p>\n<p>Trabalho integrado \u2013 Administrado pela Secretaria dos Direitos Humanos e Cidadania, o Centro Dia coordena a\u00e7\u00f5es das \u00e1reas de assist\u00eancia social, educa\u00e7\u00e3o e desenvolvimento social. Antes instalado no bairro Pedro Gondim, o servi\u00e7o passa a contar com uma estrutura mais ampla e adequada para oferecer atendimentos multidisciplinares e terapias adaptadas \u00e0s necessidades de cada usu\u00e1rio.<\/p>\n<p>Segundo a secret\u00e1ria dos Direitos Humanos e Cidadania, K\u00e9ssia Liliana, atualmente o servi\u00e7o acompanha 591 fam\u00edlias e a nova estrutura permitir\u00e1 ampliar e organizar o atendimento.<\/p>\n<p>\u201cEste espa\u00e7o foi planejado para integrar a assist\u00eancia social e servir como porta de entrada para a pessoa com defici\u00eancia, a partir de onde realizamos os devidos encaminhamentos. Atualmente, j\u00e1 atendemos 591 fam\u00edlias, entre crian\u00e7as e adolescentes que necessitam dos nossos servi\u00e7os. Tamb\u00e9m trabalhamos para suprir uma demanda reprimida, reunindo em um s\u00f3 local a assist\u00eancia social, a educa\u00e7\u00e3o e outros setores, todos unidos e fortalecidos para atender \u00e0 coletividade\u201d, explicou.<\/p>\n<p><strong>Aperfei\u00e7oamento<\/strong> \u2013 Com a transfer\u00eancia da sede do Pedro Gondim para os Banc\u00e1rios, os servi\u00e7os passam a se concentrar nos eixos de assist\u00eancia social e educa\u00e7\u00e3o. Os atendimentos de sa\u00fade ser\u00e3o realizados por meio de encaminhamento para o Espa\u00e7o Cuidar, localizado adjacente. Em rela\u00e7\u00e3o \u00e0 oferta de vagas, o Centro Dia est\u00e1 executando uma fase de triagem para organizar a demanda reprimida e efetivar o acolhimento dos novos usu\u00e1rios.<\/p>\n<p>De acordo com Juliana Teixeira, coordenadora da \u00e1rea de Direitos Humanos e Cidadania, a unidade oferece atendimento integral a crian\u00e7as e adolescentes com defici\u00eancia intelectual e f\u00edsica, al\u00e9m de a\u00e7\u00f5es voltadas ao fortalecimento de v\u00ednculos familiares e \u00e0 inclus\u00e3o social.<\/p>\n<p>\u201cOferecemos uma assist\u00eancia integral nesta unidade. Iniciaremos o atendimento voltado a crian\u00e7as e adolescentes com defici\u00eancia intelectual e f\u00edsica, utilizando grupos operativos para o fortalecimento de v\u00ednculos com as fam\u00edlias e com os pr\u00f3prios usu\u00e1rios. Reconhecemos que, infelizmente, esse p\u00fablico ainda enfrenta barreiras significativas de exclus\u00e3o social.\u201d<\/p>\n<p>\u201cOferecemos uma assist\u00eancia integral nesta unidade. Iniciaremos o atendimento voltado a crian\u00e7as e adolescentes com defici\u00eancia intelectual e f\u00edsica, utilizando grupos operativos para o fortalecimento de v\u00ednculos com as fam\u00edlias e com os pr\u00f3prios usu\u00e1rios. Reconhecemos que, infelizmente, esse p\u00fablico ainda enfrenta barreiras significativas de exclus\u00e3o social.\u201d<\/p>\n<p><strong>Cuidado humanizado<\/strong> \u2013 A amplia\u00e7\u00e3o da estrutura tem sido bem recebida pelos usu\u00e1rios. Josinaldo Ferreira, pai de Davi Ferreira, de 18 anos, autista e benefici\u00e1rio dos servi\u00e7os, expressou sua gratid\u00e3o: \u201cMeu filho est\u00e1 aqui gra\u00e7as a esse atendimento, pelas terapias que trazem benef\u00edcios para a socializa\u00e7\u00e3o e o comportamento\u201d.<\/p>\n<p><em>Fonte: Portal Correio<\/em><\/p>\n","protected":false},"excerpt":{"rendered":"<p>Depois de construir e colocar em funcionamento o Espa\u00e7o Cuidar, no bairro dos Banc\u00e1rios, com ampla assist\u00eancia para pessoas com defici\u00eancia e neurodivergentes, a Prefeitura de Jo\u00e3o Pessoa amplia essa rede de prote\u00e7\u00e3o com a entrega do Centro Dia de Habilita\u00e7\u00e3o e Reabilita\u00e7\u00e3o de Crian\u00e7as e Adolescentes. O novo equipamento integra a\u00e7\u00f5es de assist\u00eancia social, [\u2026]<\/p>\n","protected":false},"author":0,"featured_media":321239,"comment_status":"closed","ping_status":"closed","sticky":false,"template":"","format":"standard","meta":{"sfsi_plus_gutenberg_text_before_share":"","sfsi_plus_gutenberg_show_text_before_share":"","sfsi_plus_gutenberg_icon_type":"","sfsi_plus_gutenberg_icon_alignemt":"","sfsi_plus_gutenburg_max_per_row":"","footnotes":""},"categories":[16],"tags":[],"class_list":["post-321238","post","type-post","status-publish","format-standard","has-post-thumbnail","hentry","category-saude"],"_links":{"self":[{"href":"https:\/\/www.caririemacao.com\/1\/wp-json\/wp\/v2\/posts\/321238","targetHints":{"allow":["GET"]}}],"collection":[{"href":"https:\/\/www.caririemacao.com\/1\/wp-json\/wp\/v2\/posts"}],"about":[{"href":"https:\/\/www.caririemacao.com\/1\/wp-json\/wp\/v2\/types\/post"}],"replies":[{"embeddable":true,"href":"https:\/\/www.caririemacao.com\/1\/wp-json\/wp\/v2\/comments?post=321238"}],"version-history":[{"count":1,"href":"https:\/\/www.caririemacao.com\/1\/wp-json\/wp\/v2\/posts\/321238\/revisions"}],"predecessor-version":[{"id":321240,"href":"https:\/\/www.caririemacao.com\/1\/wp-json\/wp\/v2\/posts\/321238\/revisions\/321240"}],"wp:featuredmedia":[{"embeddable":true,"href":"https:\/\/www.caririemacao.com\/1\/wp-json\/wp\/v2\/media\/321239"}],"wp:attachment":[{"href":"https:\/\/www.caririemacao.com\/1\/wp-json\/wp\/v2\/media?parent=321238"}],"wp:term":[{"taxonomy":"category","embeddable":true,"href":"https:\/\/www.caririemacao.com\/1\/wp-json\/wp\/v2\/categories?post=321238"},{"taxonomy":"post_tag","embeddable":true,"href":"https:\/\/www.caririemacao.com\/1\/wp-json\/wp\/v2\/tags?post=321238"}],"curies":[{"name":"wp","href":"https:\/\/api.w.org\/{rel}","templated":true}]}}