{"id":321241,"date":"2026-09-01T17:19:05","date_gmt":"2026-09-01T20:19:05","guid":{"rendered":"https:\/\/www.caririemacao.com\/1\/?p=321241"},"modified":"2026-09-01T17:19:05","modified_gmt":"2026-09-01T20:19:05","slug":"metropoles-moraes-e-mendonca-batem-boca-e-quase-chegam-as-vias-de-fato-no-stf","status":"publish","type":"post","link":"https:\/\/www.caririemacao.com\/1\/2026\/09\/01\/metropoles-moraes-e-mendonca-batem-boca-e-quase-chegam-as-vias-de-fato-no-stf\/","title":{"rendered":"Metr\u00f3poles: Moraes e Mendon\u00e7a batem boca e quase chegam \u00e0s vias de fato no STF"},"content":{"rendered":"<p>Os ministros Alexandre de Moraes e Andr\u00e9 Mendon\u00e7a tiveram uma discuss\u00e3o no gabinete de Mendon\u00e7a, no Supremo Tribunal Federal (STF), nesta segunda-feira (31), ap\u00f3s Moraes tomar conhecimento de dilig\u00eancias relacionadas a conversas dele com Daniel Vorcaro, dono do Banco Master. A coluna de Andreza Matais, do Metr\u00f3poles, relata que os ministros elevaram o tom e que a discuss\u00e3o quase chegou a agress\u00f5es f\u00edsicas.<\/p>\n<p>O desentendimento teria ocorrido depois de Moraes descobrir que Mendon\u00e7a determinou \u00e0 Pol\u00edcia Federal a identifica\u00e7\u00e3o do interlocutor de Vorcaro em uma conversa que mencionava o procurador-geral da Rep\u00fablica, Paulo Gonet, e o diretor-geral da PF, Andrei Rodrigues. A apura\u00e7\u00e3o da PF teria identificado Moraes como esse interlocutor. No di\u00e1logo citado pela coluna, Vorcaro teria pedido ao ministro \u201cprote\u00e7\u00e3o\u201d em rela\u00e7\u00e3o a Gonet e Rodrigues.<\/p>\n<p>Durante a conversa no gabinete, Mendon\u00e7a questionou Moraes sobre como ele havia tomado conhecimento da investiga\u00e7\u00e3o sigilosa sob sua relatoria. Moraes respondeu: \u201cEu tenho minhas fontes. Fui ministro da Justi\u00e7a\u201d.<\/p>\n<p>A publica\u00e7\u00e3o afirma ainda que Moraes acusou Mendon\u00e7a de direcionar a investiga\u00e7\u00e3o contra ele. O texto relata que Moraes estaria reunindo elementos para reagir \u00e0s medidas adotadas pelo colega.<\/p>\n<p>&nbsp;<\/p>\n<p><em>Com Metr\u00f3poles<\/em><\/p>\n","protected":false},"excerpt":{"rendered":"<p>Os ministros Alexandre de Moraes e Andr\u00e9 Mendon\u00e7a tiveram uma discuss\u00e3o no gabinete de Mendon\u00e7a, no Supremo Tribunal Federal (STF), nesta segunda-feira (31), ap\u00f3s Moraes tomar conhecimento de dilig\u00eancias relacionadas a conversas dele com Daniel Vorcaro, dono do Banco Master. A coluna de Andreza Matais, do Metr\u00f3poles, relata que os ministros elevaram o tom e que a discuss\u00e3o quase chegou a agress\u00f5es f\u00edsicas. O desentendimento teria ocorrido depois de Moraes descobrir que Mendon\u00e7a determinou \u00e0 Pol\u00edcia Federal a identifica\u00e7\u00e3o do interlocutor de Vorcaro em uma conversa que mencionava o procurador-geral da Rep\u00fablica, Paulo Gonet, e o diretor-geral da PF, Andrei Rodrigues. A apura\u00e7\u00e3o da PF teria identificado Moraes como esse interlocutor. No di\u00e1logo citado pela coluna, Vorcaro teria pedido ao ministro \u201cprote\u00e7\u00e3o\u201d em rela\u00e7\u00e3o a Gonet e Rodrigues. Durante a conversa no gabinete, Mendon\u00e7a questionou Moraes sobre como ele havia tomado conhecimento da investiga\u00e7\u00e3o sigilosa sob sua relatoria. Moraes respondeu: \u201cEu tenho minhas fontes. Fui ministro da Justi\u00e7a\u201d. A publica\u00e7\u00e3o afirma ainda que Moraes acusou Mendon\u00e7a de direcionar a investiga\u00e7\u00e3o contra ele. O texto relata que Moraes estaria reunindo elementos para reagir \u00e0s medidas adotadas pelo colega. &nbsp; Com Metr\u00f3poles<\/p>\n","protected":false},"author":6,"featured_media":321242,"comment_status":"closed","ping_status":"closed","sticky":false,"template":"","format":"standard","meta":{"sfsi_plus_gutenberg_text_before_share":"","sfsi_plus_gutenberg_show_text_before_share":"","sfsi_plus_gutenberg_icon_type":"","sfsi_plus_gutenberg_icon_alignemt":"","sfsi_plus_gutenburg_max_per_row":"","footnotes":""},"categories":[123],"tags":[],"class_list":["post-321241","post","type-post","status-publish","format-standard","has-post-thumbnail","hentry","category-brasil"],"_links":{"self":[{"href":"https:\/\/www.caririemacao.com\/1\/wp-json\/wp\/v2\/posts\/321241","targetHints":{"allow":["GET"]}}],"collection":[{"href":"https:\/\/www.caririemacao.com\/1\/wp-json\/wp\/v2\/posts"}],"about":[{"href":"https:\/\/www.caririemacao.com\/1\/wp-json\/wp\/v2\/types\/post"}],"author":[{"embeddable":true,"href":"https:\/\/www.caririemacao.com\/1\/wp-json\/wp\/v2\/users\/6"}],"replies":[{"embeddable":true,"href":"https:\/\/www.caririemacao.com\/1\/wp-json\/wp\/v2\/comments?post=321241"}],"version-history":[{"count":1,"href":"https:\/\/www.caririemacao.com\/1\/wp-json\/wp\/v2\/posts\/321241\/revisions"}],"predecessor-version":[{"id":321243,"href":"https:\/\/www.caririemacao.com\/1\/wp-json\/wp\/v2\/posts\/321241\/revisions\/321243"}],"wp:featuredmedia":[{"embeddable":true,"href":"https:\/\/www.caririemacao.com\/1\/wp-json\/wp\/v2\/media\/321242"}],"wp:attachment":[{"href":"https:\/\/www.caririemacao.com\/1\/wp-json\/wp\/v2\/media?parent=321241"}],"wp:term":[{"taxonomy":"category","embeddable":true,"href":"https:\/\/www.caririemacao.com\/1\/wp-json\/wp\/v2\/categories?post=321241"},{"taxonomy":"post_tag","embeddable":true,"href":"https:\/\/www.caririemacao.com\/1\/wp-json\/wp\/v2\/tags?post=321241"}],"curies":[{"name":"wp","href":"https:\/\/api.w.org\/{rel}","templated":true}]}}