{"id":321247,"date":"2026-09-01T17:31:01","date_gmt":"2026-09-01T20:31:01","guid":{"rendered":"https:\/\/www.caririemacao.com\/1\/?p=321247"},"modified":"2026-09-01T17:31:27","modified_gmt":"2026-09-01T20:31:27","slug":"policia-prende-segundo-investigado-por-suposta-participacao-na-morte-do-empresario-fabiano-falcao","status":"publish","type":"post","link":"https:\/\/www.caririemacao.com\/1\/2026\/09\/01\/policia-prende-segundo-investigado-por-suposta-participacao-na-morte-do-empresario-fabiano-falcao\/","title":{"rendered":"Pol\u00edcia prende segundo investigado por suposta participa\u00e7\u00e3o na morte do empres\u00e1rio Fabiano Falc\u00e3o"},"content":{"rendered":"<p>A Pol\u00edcia Civil do Par\u00e1 cumpriu, nesta segunda-feira (31), um mandado de pris\u00e3o preventiva contra Edson Alves Santana, investigado por suposta participa\u00e7\u00e3o na morte do empres\u00e1rio monteirense Fabiano Guerra Mendes Falc\u00e3o. O crime aconteceu no dia 14 de agosto, na regi\u00e3o conhecida como Garimpinho, em Cumaru do Norte, no Par\u00e1.<\/p>\n<p>Edson \u00e9 o segundo investigado preso por suspeita de envolvimento no homic\u00eddio.<\/p>\n<p>Segundo informa\u00e7\u00f5es da Pol\u00edcia Civil, Fabiano foi atingido por disparos de arma de fogo na regi\u00e3o do rosto. O mandado de pris\u00e3o preventiva foi expedido pela 2\u00aa Vara Criminal da Comarca de Reden\u00e7\u00e3o e cumprido por policiais civis plantonistas da Delegacia de Santana do Araguaia.<\/p>\n<p><strong>Investiga\u00e7\u00e3o aponta dois suspeitos<\/strong><\/p>\n<p>De acordo com informa\u00e7\u00f5es preliminares levantadas durante as dilig\u00eancias, a investiga\u00e7\u00e3o aponta para a poss\u00edvel participa\u00e7\u00e3o de indiv\u00edduos conhecidos pelas alcunhas de \u201cEdinho\u201d e \u201cVandinho\u201d.<\/p>\n<p>A principal linha investigativa indica que o homic\u00eddio pode ter ocorrido ap\u00f3s uma discuss\u00e3o relacionada a uma suposta pr\u00e1tica de ca\u00e7a ilegal dentro da propriedade da v\u00edtima.<\/p>\n<p>Conforme as informa\u00e7\u00f5es repassadas pela Pol\u00edcia Civil, a pr\u00e1tica teria sido atribu\u00edda a \u201cEdinho\u201d e teria sido reprovada por Fabiano. A partir dessa discuss\u00e3o, os investigadores passaram a apurar a poss\u00edvel rela\u00e7\u00e3o dos suspeitos com o assassinato.<\/p>\n<p><strong>Mandado foi cumprido na unidade policial<\/strong><\/p>\n<p>Edson Alves Santana j\u00e1 se encontrava nas depend\u00eancias de uma unidade policial quando o mandado de pris\u00e3o preventiva foi cumprido. Ap\u00f3s a formaliza\u00e7\u00e3o da pris\u00e3o, foram adotadas as provid\u00eancias legais cab\u00edveis.<\/p>\n<p>A Pol\u00edcia Civil continua investigando o caso para esclarecer a din\u00e2mica do crime, identificar a participa\u00e7\u00e3o de cada envolvido e determinar as circunst\u00e2ncias que levaram \u00e0 morte do empres\u00e1rio.<\/p>\n<p>A pris\u00e3o preventiva de Edson n\u00e3o representa condena\u00e7\u00e3o. As responsabilidades pelo homic\u00eddio ainda ser\u00e3o apuradas no decorrer da investiga\u00e7\u00e3o e do eventual processo judicial.<\/p>\n","protected":false},"excerpt":{"rendered":"<p>A Pol\u00edcia Civil do Par\u00e1 cumpriu, nesta segunda-feira (31), um mandado de pris\u00e3o preventiva contra Edson Alves Santana, investigado por suposta participa\u00e7\u00e3o na morte do empres\u00e1rio monteirense Fabiano Guerra Mendes Falc\u00e3o. O crime aconteceu no dia 14 de agosto, na regi\u00e3o conhecida como Garimpinho, em Cumaru do Norte, no Par\u00e1. Edson \u00e9 o segundo investigado preso por suspeita de envolvimento no homic\u00eddio. Segundo informa\u00e7\u00f5es da Pol\u00edcia Civil, Fabiano foi atingido por disparos de arma de fogo na regi\u00e3o do rosto. O mandado de pris\u00e3o preventiva foi expedido pela 2\u00aa Vara Criminal da Comarca de Reden\u00e7\u00e3o e cumprido por policiais civis plantonistas da Delegacia de Santana do Araguaia. Investiga\u00e7\u00e3o aponta dois suspeitos De acordo com informa\u00e7\u00f5es preliminares levantadas durante as dilig\u00eancias, a investiga\u00e7\u00e3o aponta para a poss\u00edvel participa\u00e7\u00e3o de indiv\u00edduos conhecidos pelas alcunhas de \u201cEdinho\u201d e \u201cVandinho\u201d. A principal linha investigativa indica que o homic\u00eddio pode ter ocorrido ap\u00f3s uma discuss\u00e3o relacionada a uma suposta pr\u00e1tica de ca\u00e7a ilegal dentro da propriedade da v\u00edtima. Conforme as informa\u00e7\u00f5es repassadas pela Pol\u00edcia Civil, a pr\u00e1tica teria sido atribu\u00edda a \u201cEdinho\u201d e teria sido reprovada por Fabiano. A partir dessa discuss\u00e3o, os investigadores passaram a apurar a poss\u00edvel rela\u00e7\u00e3o dos suspeitos com o assassinato. Mandado foi cumprido na unidade policial Edson Alves Santana j\u00e1 se encontrava nas depend\u00eancias de uma unidade policial quando o mandado de pris\u00e3o preventiva foi cumprido. Ap\u00f3s a formaliza\u00e7\u00e3o da pris\u00e3o, foram adotadas as provid\u00eancias legais cab\u00edveis. A Pol\u00edcia Civil continua investigando o caso para esclarecer a din\u00e2mica do crime, identificar a participa\u00e7\u00e3o de cada envolvido e determinar as circunst\u00e2ncias que levaram \u00e0 morte do empres\u00e1rio. A pris\u00e3o preventiva de Edson n\u00e3o representa condena\u00e7\u00e3o. As responsabilidades pelo homic\u00eddio ainda ser\u00e3o apuradas no decorrer da investiga\u00e7\u00e3o e do eventual processo judicial.<\/p>\n","protected":false},"author":6,"featured_media":321248,"comment_status":"closed","ping_status":"closed","sticky":false,"template":"","format":"standard","meta":{"sfsi_plus_gutenberg_text_before_share":"","sfsi_plus_gutenberg_show_text_before_share":"","sfsi_plus_gutenberg_icon_type":"","sfsi_plus_gutenberg_icon_alignemt":"","sfsi_plus_gutenburg_max_per_row":"","footnotes":""},"categories":[106],"tags":[],"class_list":["post-321247","post","type-post","status-publish","format-standard","has-post-thumbnail","hentry","category-cariri"],"_links":{"self":[{"href":"https:\/\/www.caririemacao.com\/1\/wp-json\/wp\/v2\/posts\/321247","targetHints":{"allow":["GET"]}}],"collection":[{"href":"https:\/\/www.caririemacao.com\/1\/wp-json\/wp\/v2\/posts"}],"about":[{"href":"https:\/\/www.caririemacao.com\/1\/wp-json\/wp\/v2\/types\/post"}],"author":[{"embeddable":true,"href":"https:\/\/www.caririemacao.com\/1\/wp-json\/wp\/v2\/users\/6"}],"replies":[{"embeddable":true,"href":"https:\/\/www.caririemacao.com\/1\/wp-json\/wp\/v2\/comments?post=321247"}],"version-history":[{"count":2,"href":"https:\/\/www.caririemacao.com\/1\/wp-json\/wp\/v2\/posts\/321247\/revisions"}],"predecessor-version":[{"id":321250,"href":"https:\/\/www.caririemacao.com\/1\/wp-json\/wp\/v2\/posts\/321247\/revisions\/321250"}],"wp:featuredmedia":[{"embeddable":true,"href":"https:\/\/www.caririemacao.com\/1\/wp-json\/wp\/v2\/media\/321248"}],"wp:attachment":[{"href":"https:\/\/www.caririemacao.com\/1\/wp-json\/wp\/v2\/media?parent=321247"}],"wp:term":[{"taxonomy":"category","embeddable":true,"href":"https:\/\/www.caririemacao.com\/1\/wp-json\/wp\/v2\/categories?post=321247"},{"taxonomy":"post_tag","embeddable":true,"href":"https:\/\/www.caririemacao.com\/1\/wp-json\/wp\/v2\/tags?post=321247"}],"curies":[{"name":"wp","href":"https:\/\/api.w.org\/{rel}","templated":true}]}}