{"id":321254,"date":"2026-09-01T17:39:59","date_gmt":"2026-09-01T20:39:59","guid":{"rendered":"https:\/\/www.caririemacao.com\/1\/?p=321254"},"modified":"2026-09-01T17:39:59","modified_gmt":"2026-09-01T20:39:59","slug":"prefeito-dr-junior-assina-adesao-ao-garantia-safra-2026-2027-e-reforca-apoio-aos-agricultores-de-ouro-velho","status":"publish","type":"post","link":"https:\/\/www.caririemacao.com\/1\/2026\/09\/01\/prefeito-dr-junior-assina-adesao-ao-garantia-safra-2026-2027-e-reforca-apoio-aos-agricultores-de-ouro-velho\/","title":{"rendered":"Prefeito Dr. J\u00fanior assina ades\u00e3o ao Garantia-Safra 2026\/2027 e refor\u00e7a apoio aos agricultores de Ouro Velho"},"content":{"rendered":"<p class=\"PDq2pG_selectionAnchorContainer\" data-start=\"112\" data-end=\"386\">O prefeito de Ouro Velho, Dr. J\u00fanior, assinou nesta ter\u00e7a-feira (1\u00ba), em Monteiro, o Termo de Ades\u00e3o ao Programa Garantia-Safra 2026\/2027. A iniciativa refor\u00e7a as a\u00e7\u00f5es da gest\u00e3o municipal voltadas \u00e0 prote\u00e7\u00e3o e ao fortalecimento dos agricultores e agricultoras do munic\u00edpio.<\/p>\n<p data-start=\"388\" data-end=\"615\">O Garantia-Safra \u00e9 uma importante pol\u00edtica p\u00fablica destinada aos agricultores familiares, especialmente diante das dificuldades provocadas por per\u00edodos de estiagem e outras condi\u00e7\u00f5es clim\u00e1ticas que podem comprometer a produ\u00e7\u00e3o.<\/p>\n<p data-start=\"617\" data-end=\"762\">Para o prefeito Dr. J\u00fanior, a ades\u00e3o representa mais uma demonstra\u00e7\u00e3o do compromisso da Prefeitura com as fam\u00edlias que vivem e produzem no campo.<\/p>\n<p data-start=\"617\" data-end=\"762\">\u201cTemos um compromisso muito grande com o homem e a mulher do campo. A assinatura do Garantia-Safra \u00e9 mais uma forma de oferecer seguran\u00e7a \u00e0s nossas fam\u00edlias agricultoras, principalmente nos momentos em que as condi\u00e7\u00f5es clim\u00e1ticas acabam prejudicando a produ\u00e7\u00e3o. Vamos continuar buscando a\u00e7\u00f5es e investimentos que fortale\u00e7am cada vez mais a agricultura de Ouro Velho\u201d, destacou Dr. J\u00fanior.<\/p>\n<p data-start=\"1160\" data-end=\"1387\">A gest\u00e3o municipal vem mantendo uma s\u00e9rie de a\u00e7\u00f5es direcionadas \u00e0 zona rural, buscando oferecer melhores condi\u00e7\u00f5es para o desenvolvimento da agricultura e contribuir para a perman\u00eancia e qualidade de vida das fam\u00edlias no campo.<\/p>\n<p data-start=\"1389\" data-end=\"1547\" data-is-last-node=\"\" data-is-only-node=\"\">Segundo o prefeito, o trabalho continuar\u00e1 sendo desenvolvido com aten\u00e7\u00e3o especial \u00e0s necessidades dos produtores rurais e ao fortalecimento da economia local.<\/p>\n<p data-start=\"1389\" data-end=\"1547\" data-is-last-node=\"\" data-is-only-node=\"\"><strong>CARIRI EM A\u00c7\u00c3O<\/strong><\/p>\n","protected":false},"excerpt":{"rendered":"<p>O prefeito de Ouro Velho, Dr. J\u00fanior, assinou nesta ter\u00e7a-feira (1\u00ba), em Monteiro, o Termo de Ades\u00e3o ao Programa Garantia-Safra 2026\/2027. A iniciativa refor\u00e7a as a\u00e7\u00f5es da gest\u00e3o municipal voltadas \u00e0 prote\u00e7\u00e3o e ao fortalecimento dos agricultores e agricultoras do munic\u00edpio. O Garantia-Safra \u00e9 uma importante pol\u00edtica p\u00fablica destinada aos agricultores familiares, especialmente diante das dificuldades provocadas por per\u00edodos de estiagem e outras condi\u00e7\u00f5es clim\u00e1ticas que podem comprometer a produ\u00e7\u00e3o. Para o prefeito Dr. J\u00fanior, a ades\u00e3o representa mais uma demonstra\u00e7\u00e3o do compromisso da Prefeitura com as fam\u00edlias que vivem e produzem no campo. \u201cTemos um compromisso muito grande com o homem e a mulher do campo. A assinatura do Garantia-Safra \u00e9 mais uma forma de oferecer seguran\u00e7a \u00e0s nossas fam\u00edlias agricultoras, principalmente nos momentos em que as condi\u00e7\u00f5es clim\u00e1ticas acabam prejudicando a produ\u00e7\u00e3o. Vamos continuar buscando a\u00e7\u00f5es e investimentos que fortale\u00e7am cada vez mais a agricultura de Ouro Velho\u201d, destacou Dr. J\u00fanior. A gest\u00e3o municipal vem mantendo uma s\u00e9rie de a\u00e7\u00f5es direcionadas \u00e0 zona rural, buscando oferecer melhores condi\u00e7\u00f5es para o desenvolvimento da agricultura e contribuir para a perman\u00eancia e qualidade de vida das fam\u00edlias no campo. Segundo o prefeito, o trabalho continuar\u00e1 sendo desenvolvido com aten\u00e7\u00e3o especial \u00e0s necessidades dos produtores rurais e ao fortalecimento da economia local. CARIRI EM A\u00c7\u00c3O<\/p>\n","protected":false},"author":6,"featured_media":321255,"comment_status":"closed","ping_status":"closed","sticky":false,"template":"","format":"standard","meta":{"sfsi_plus_gutenberg_text_before_share":"","sfsi_plus_gutenberg_show_text_before_share":"","sfsi_plus_gutenberg_icon_type":"","sfsi_plus_gutenberg_icon_alignemt":"","sfsi_plus_gutenburg_max_per_row":"","footnotes":""},"categories":[6],"tags":[],"class_list":["post-321254","post","type-post","status-publish","format-standard","has-post-thumbnail","hentry","category-cidades"],"_links":{"self":[{"href":"https:\/\/www.caririemacao.com\/1\/wp-json\/wp\/v2\/posts\/321254","targetHints":{"allow":["GET"]}}],"collection":[{"href":"https:\/\/www.caririemacao.com\/1\/wp-json\/wp\/v2\/posts"}],"about":[{"href":"https:\/\/www.caririemacao.com\/1\/wp-json\/wp\/v2\/types\/post"}],"author":[{"embeddable":true,"href":"https:\/\/www.caririemacao.com\/1\/wp-json\/wp\/v2\/users\/6"}],"replies":[{"embeddable":true,"href":"https:\/\/www.caririemacao.com\/1\/wp-json\/wp\/v2\/comments?post=321254"}],"version-history":[{"count":1,"href":"https:\/\/www.caririemacao.com\/1\/wp-json\/wp\/v2\/posts\/321254\/revisions"}],"predecessor-version":[{"id":321256,"href":"https:\/\/www.caririemacao.com\/1\/wp-json\/wp\/v2\/posts\/321254\/revisions\/321256"}],"wp:featuredmedia":[{"embeddable":true,"href":"https:\/\/www.caririemacao.com\/1\/wp-json\/wp\/v2\/media\/321255"}],"wp:attachment":[{"href":"https:\/\/www.caririemacao.com\/1\/wp-json\/wp\/v2\/media?parent=321254"}],"wp:term":[{"taxonomy":"category","embeddable":true,"href":"https:\/\/www.caririemacao.com\/1\/wp-json\/wp\/v2\/categories?post=321254"},{"taxonomy":"post_tag","embeddable":true,"href":"https:\/\/www.caririemacao.com\/1\/wp-json\/wp\/v2\/tags?post=321254"}],"curies":[{"name":"wp","href":"https:\/\/api.w.org\/{rel}","templated":true}]}}