{"id":321257,"date":"2026-09-01T17:46:42","date_gmt":"2026-09-01T20:46:42","guid":{"rendered":"https:\/\/www.caririemacao.com\/1\/?p=321257"},"modified":"2026-09-01T17:46:42","modified_gmt":"2026-09-01T20:46:42","slug":"toffoli-revoga-decisao-que-restringiu-campanha-de-renan-santos","status":"publish","type":"post","link":"https:\/\/www.caririemacao.com\/1\/2026\/09\/01\/toffoli-revoga-decisao-que-restringiu-campanha-de-renan-santos\/","title":{"rendered":"Toffoli revoga decis\u00e3o que restringiu campanha de Renan Santos"},"content":{"rendered":"<p class=\"font-serif font-medium text-neutral-700\/75 text-xs md:text-sm line-clamp-3 pr-4\" style=\"text-align: center;\"><em>Ministro liberou perfis, recursos do Fundo Eleitoral e participa\u00e7\u00e3o em debates, mas manteve contas fora dos sistemas de recomenda\u00e7\u00e3o<\/em><\/p>\n<div class=\"flex justify-between font-sans gap-3 my-4\">\n<div class=\"space-y-0.5\">\n<p>O ministro Dias Toffoli, do\u00a0Tribunal Superior Eleitoral (TSE), liberou as redes sociais, os repasses do Fundo Eleitoral e a participa\u00e7\u00e3o do candidato \u00e0 Presid\u00eancia Renan Santos (Miss\u00e3o)\u00a0em debates.<\/p>\n<p>Em decis\u00e3o proferida nesta ter\u00e7a-feira (1\u00ba\/9), Toffoli determinou que as plataformas restabele\u00e7am, em at\u00e9 duas horas, os perfis cadastrados pela campanha.<\/p>\n<p>As contas, por\u00e9m,\u00a0continuar\u00e3o exclu\u00eddas dos sistemas de recomenda\u00e7\u00e3o de conte\u00fado.\u00a0Tamb\u00e9m foi mantida a determina\u00e7\u00e3o para que as plataformas preservem os registros de acesso.<\/p>\n<p>As restri\u00e7\u00f5es\u00a0haviam sido impostas por Toffoli no domingo (30\/8), depois que Renan informou 16 perfis nas redes sociais, com 12 dias de atraso.<\/p>\n<p>Segundo Toffoli, a coleta realizada pelo TSE nas redes de Renan resultou em mais de mil p\u00e1ginas.<\/p>\n<p>Ap\u00f3s as informa\u00e7\u00f5es prestadas pelas plataformas e pelo candidato, o ministro considerou\u00a0\u201cintegralmente atendida\u201d\u00a0a finalidade das medidas cautelares.<\/p>\n<p>O ministro\u00a0tamb\u00e9m deu 24 horas para que a Procuradoria-Geral Eleitoral se manifeste e avalie a ado\u00e7\u00e3o de medidas relacionadas a eventuais infra\u00e7\u00f5es eleitorais e criminais.<\/p>\n<p>A reportagem procurou a campanha do candidato e aguarda retorno.<\/p>\n<p><strong>Presid\u00eancia<\/strong><\/p>\n<p>Na decis\u00e3o inicial, proferida no domingo, Toffoli argumentou que Renan se beneficiou ao deixar de informar os perfis nas redes sociais dentro do prazo.<\/p>\n<p>\u201cO candidato estava previamente ciente de que deveria informar os endere\u00e7os e de que somente poderia utiliz\u00e1-los na campanha ap\u00f3s 48 horas de seu registro pelo Tribunal Superior Eleitoral. Violou frontalmente a obriga\u00e7\u00e3o. Os benef\u00edcios j\u00e1 auferidos s\u00e3o irrevers\u00edveis\u201d, afirmou o ministro.<\/p>\n<p>Toffoli prosseguiu: \u201cJustifica-se, portanto, que, at\u00e9 o esclarecimento da situa\u00e7\u00e3o de cada perfil e da an\u00e1lise de eventual justificativa para a omiss\u00e3o, seja integralmente suspensa a utiliza\u00e7\u00e3o dos perfis de redes sociais arrolados a destempo, bem como de qualquer outras, para a realiza\u00e7\u00e3o de campanha na internet\u201d.<\/p>\n<\/div>\n<\/div>\n<p>Metr\u00f3poles<\/p>\n","protected":false},"excerpt":{"rendered":"<p>Ministro liberou perfis, recursos do Fundo Eleitoral e participa\u00e7\u00e3o em debates, mas manteve contas fora dos sistemas de recomenda\u00e7\u00e3o O ministro Dias Toffoli, do\u00a0Tribunal Superior Eleitoral (TSE), liberou as redes sociais, os repasses do Fundo Eleitoral e a participa\u00e7\u00e3o do candidato \u00e0 Presid\u00eancia Renan Santos (Miss\u00e3o)\u00a0em debates. Em decis\u00e3o proferida nesta ter\u00e7a-feira (1\u00ba\/9), Toffoli determinou que as plataformas restabele\u00e7am, em at\u00e9 duas horas, os perfis cadastrados pela campanha. As contas, por\u00e9m,\u00a0continuar\u00e3o exclu\u00eddas dos sistemas de recomenda\u00e7\u00e3o de conte\u00fado.\u00a0Tamb\u00e9m foi mantida a determina\u00e7\u00e3o para que as plataformas preservem os registros de acesso. As restri\u00e7\u00f5es\u00a0haviam sido impostas por Toffoli no domingo (30\/8), depois que Renan informou 16 perfis nas redes sociais, com 12 dias de atraso. Segundo Toffoli, a coleta realizada pelo TSE nas redes de Renan resultou em mais de mil p\u00e1ginas. Ap\u00f3s as informa\u00e7\u00f5es prestadas pelas plataformas e pelo candidato, o ministro considerou\u00a0\u201cintegralmente atendida\u201d\u00a0a finalidade das medidas cautelares. O ministro\u00a0tamb\u00e9m deu 24 horas para que a Procuradoria-Geral Eleitoral se manifeste e avalie a ado\u00e7\u00e3o de medidas relacionadas a eventuais infra\u00e7\u00f5es eleitorais e criminais. A reportagem procurou a campanha do candidato e aguarda retorno. Presid\u00eancia Na decis\u00e3o inicial, proferida no domingo, Toffoli argumentou que Renan se beneficiou ao deixar de informar os perfis nas redes sociais dentro do prazo. \u201cO candidato estava previamente ciente de que deveria informar os endere\u00e7os e de que somente poderia utiliz\u00e1-los na campanha ap\u00f3s 48 horas de seu registro pelo Tribunal Superior Eleitoral. Violou frontalmente a obriga\u00e7\u00e3o. Os benef\u00edcios j\u00e1 auferidos s\u00e3o irrevers\u00edveis\u201d, afirmou o ministro. Toffoli prosseguiu: \u201cJustifica-se, portanto, que, at\u00e9 o esclarecimento da situa\u00e7\u00e3o de cada perfil e da an\u00e1lise de eventual justificativa para a omiss\u00e3o, seja integralmente suspensa a utiliza\u00e7\u00e3o dos perfis de redes sociais arrolados a destempo, bem como de qualquer outras, para a realiza\u00e7\u00e3o de campanha na internet\u201d. Metr\u00f3poles<\/p>\n","protected":false},"author":6,"featured_media":321258,"comment_status":"closed","ping_status":"closed","sticky":false,"template":"","format":"standard","meta":{"sfsi_plus_gutenberg_text_before_share":"","sfsi_plus_gutenberg_show_text_before_share":"","sfsi_plus_gutenberg_icon_type":"","sfsi_plus_gutenberg_icon_alignemt":"","sfsi_plus_gutenburg_max_per_row":"","footnotes":""},"categories":[123],"tags":[],"class_list":["post-321257","post","type-post","status-publish","format-standard","has-post-thumbnail","hentry","category-brasil"],"_links":{"self":[{"href":"https:\/\/www.caririemacao.com\/1\/wp-json\/wp\/v2\/posts\/321257","targetHints":{"allow":["GET"]}}],"collection":[{"href":"https:\/\/www.caririemacao.com\/1\/wp-json\/wp\/v2\/posts"}],"about":[{"href":"https:\/\/www.caririemacao.com\/1\/wp-json\/wp\/v2\/types\/post"}],"author":[{"embeddable":true,"href":"https:\/\/www.caririemacao.com\/1\/wp-json\/wp\/v2\/users\/6"}],"replies":[{"embeddable":true,"href":"https:\/\/www.caririemacao.com\/1\/wp-json\/wp\/v2\/comments?post=321257"}],"version-history":[{"count":1,"href":"https:\/\/www.caririemacao.com\/1\/wp-json\/wp\/v2\/posts\/321257\/revisions"}],"predecessor-version":[{"id":321259,"href":"https:\/\/www.caririemacao.com\/1\/wp-json\/wp\/v2\/posts\/321257\/revisions\/321259"}],"wp:featuredmedia":[{"embeddable":true,"href":"https:\/\/www.caririemacao.com\/1\/wp-json\/wp\/v2\/media\/321258"}],"wp:attachment":[{"href":"https:\/\/www.caririemacao.com\/1\/wp-json\/wp\/v2\/media?parent=321257"}],"wp:term":[{"taxonomy":"category","embeddable":true,"href":"https:\/\/www.caririemacao.com\/1\/wp-json\/wp\/v2\/categories?post=321257"},{"taxonomy":"post_tag","embeddable":true,"href":"https:\/\/www.caririemacao.com\/1\/wp-json\/wp\/v2\/tags?post=321257"}],"curies":[{"name":"wp","href":"https:\/\/api.w.org\/{rel}","templated":true}]}}