{"id":32267,"date":"2017-11-03T09:40:19","date_gmt":"2017-11-03T12:40:19","guid":{"rendered":"http:\/\/caririemacao.com\/1\/?p=32267"},"modified":"2017-11-03T09:51:24","modified_gmt":"2017-11-03T12:51:24","slug":"escola-estadual-jornalista-jose-leal-ramos-realiza-a-xi-exposicao-cientifica-e-cultural","status":"publish","type":"post","link":"https:\/\/www.caririemacao.com\/1\/2017\/11\/03\/escola-estadual-jornalista-jose-leal-ramos-realiza-a-xi-exposicao-cientifica-e-cultural\/","title":{"rendered":"Escola Estadual Jornalista Jos\u00e9 Leal Ramos realiza a XI Exposi\u00e7\u00e3o cient\u00edfica e cultural"},"content":{"rendered":"<p>A Escola Estadual Jornalista Jos\u00e9 Leal Ramos da cidade de S\u00e3o Jo\u00e3o do Cariri realizou nos dias 31 e 1\u00ba de novembro de 2017 a XI Exposi\u00e7\u00e3o cient\u00edfica e cultural, que teve como tema \u201cDesenvolvendo o lugar onde vivo compartilhando e valorizando o nosso patrim\u00f4nio.\u201d.<\/p>\n<p>A abertura oficial da exposi\u00e7\u00e3o contou com a participa\u00e7\u00e3o dos professores da Universidade Federal de Campina Grande-campus Sum\u00e9, Hugo Moraes e a professora Francinilda Alves de Souza da UFPB.<\/p>\n<p>A exposi\u00e7\u00e3o cient\u00edfica e cultural 2017, da Escola Jornalista, exibiu uma programa\u00e7\u00e3o repleta de apresenta\u00e7\u00f5es e pe\u00e7as teatrais, exposi\u00e7\u00e3o de artesanato e apresenta\u00e7\u00f5es culturais, que relembrava o legado hist\u00f3rico-cultural do munic\u00edpio de S\u00e3o Jo\u00e3o do Cariri, o evento encantou a todos que visitaram a escola durante o dia de ontem.<\/p>\n<p>Veja as fotos da XI Exposi\u00e7\u00e3o cient\u00edfica e cultural.<\/p>\n<p><div class=\"ose- ose-uid-dd60c0cdf257a178dfff716ac89d6861 ose-embedpress-responsive\" style=\"width:600px; height:550px; max-height:550px; max-width:100%; display:inline-block;\" data-embed-type=\"Facebook\"><iframe allowFullScreen=\"true\" class=\"embera-facebook-iframe-61793 lazyload\" data-src=\"https:\/\/www.facebook.com\/plugins\/post.php?href=https%3A%2F%2Fwww.facebook.com%2Fmedia%2Fset%2F%3Fset%3Da.1122760857859936.1073742596.302749469861083%26%23038%3Btype%3D1%26%23038%3Bl%3D1fc74e5221&width=600&height=550&show_text=true\" width=\"600\" height=\"550\" style=\"border:none;overflow:hidden\" scrolling=\"no\" frameborder=\"0\" allowTransparency=\"true\" src=\"data:image\/svg+xml;base64,PHN2ZyB3aWR0aD0iMSIgaGVpZ2h0PSIxIiB4bWxucz0iaHR0cDovL3d3dy53My5vcmcvMjAwMC9zdmciPjwvc3ZnPg==\" data-load-mode=\"1\"><\/iframe><\/div><\/p>\n<p><strong>CARIRI EM A\u00c7\u00c3O<\/strong><\/p>\n<p><strong>Leia mais not\u00edcias em\u00a0<\/strong><a href=\"http:\/\/www.caririemacao.com\/\"><strong>caririemacao.com<\/strong><\/a><strong>, siga nossa p\u00e1gina no\u00a0<\/strong><a href=\"https:\/\/www.facebook.com\/CaririEmAcao\/?ref=aymt_homepage_panel\"><strong>Facebook<\/strong><\/a>,<strong>\u00a0<a href=\"https:\/\/www.instagram.com\/cariri_em_acao\/?hl=pt-br\">Instagram<\/a>\u00a0e <\/strong><a href=\"https:\/\/www.youtube.com\/channel\/UCAptA0jQuYQy8vMhLt2m4qg\"><strong>Youtube<\/strong><\/a><strong>\u00a0e veja nossas mat\u00e9rias, v\u00eddeos e fotos. Voc\u00ea tamb\u00e9m pode enviar informa\u00e7\u00f5es \u00e0 Reda\u00e7\u00e3o do Portal Cariri em A\u00e7\u00e3o pelo WhatsApp (83) 9 9634.5791, (83) 9 9601-1162.<\/strong><\/p>\n","protected":false},"excerpt":{"rendered":"<p>A Escola Estadual Jornalista Jos\u00e9 Leal Ramos da cidade de S\u00e3o Jo\u00e3o do Cariri realizou nos dias 31 e 1\u00ba de novembro de 2017 a&hellip; <\/p>\n","protected":false},"author":2,"featured_media":32268,"comment_status":"closed","ping_status":"closed","sticky":false,"template":"","format":"standard","meta":{"sfsi_plus_gutenberg_text_before_share":"","sfsi_plus_gutenberg_show_text_before_share":"","sfsi_plus_gutenberg_icon_type":"","sfsi_plus_gutenberg_icon_alignemt":"","sfsi_plus_gutenburg_max_per_row":"","footnotes":""},"categories":[6],"tags":[],"class_list":["post-32267","post","type-post","status-publish","format-standard","has-post-thumbnail","hentry","category-cidades"],"_links":{"self":[{"href":"https:\/\/www.caririemacao.com\/1\/wp-json\/wp\/v2\/posts\/32267","targetHints":{"allow":["GET"]}}],"collection":[{"href":"https:\/\/www.caririemacao.com\/1\/wp-json\/wp\/v2\/posts"}],"about":[{"href":"https:\/\/www.caririemacao.com\/1\/wp-json\/wp\/v2\/types\/post"}],"author":[{"embeddable":true,"href":"https:\/\/www.caririemacao.com\/1\/wp-json\/wp\/v2\/users\/2"}],"replies":[{"embeddable":true,"href":"https:\/\/www.caririemacao.com\/1\/wp-json\/wp\/v2\/comments?post=32267"}],"version-history":[{"count":0,"href":"https:\/\/www.caririemacao.com\/1\/wp-json\/wp\/v2\/posts\/32267\/revisions"}],"wp:featuredmedia":[{"embeddable":true,"href":"https:\/\/www.caririemacao.com\/1\/wp-json\/wp\/v2\/media\/32268"}],"wp:attachment":[{"href":"https:\/\/www.caririemacao.com\/1\/wp-json\/wp\/v2\/media?parent=32267"}],"wp:term":[{"taxonomy":"category","embeddable":true,"href":"https:\/\/www.caririemacao.com\/1\/wp-json\/wp\/v2\/categories?post=32267"},{"taxonomy":"post_tag","embeddable":true,"href":"https:\/\/www.caririemacao.com\/1\/wp-json\/wp\/v2\/tags?post=32267"}],"curies":[{"name":"wp","href":"https:\/\/api.w.org\/{rel}","templated":true}]}}