{"id":32336,"date":"2017-11-03T09:43:47","date_gmt":"2017-11-03T12:43:47","guid":{"rendered":"http:\/\/caririemacao.com\/1\/?p=32336"},"modified":"2017-11-03T09:43:47","modified_gmt":"2017-11-03T12:43:47","slug":"ministra-pede-salario-de-r-61-mil-e-se-justifica-citando-trabalho-escravo","status":"publish","type":"post","link":"https:\/\/www.caririemacao.com\/1\/2017\/11\/03\/ministra-pede-salario-de-r-61-mil-e-se-justifica-citando-trabalho-escravo\/","title":{"rendered":"Ministra pede sal\u00e1rio de R$ 61 mil e se justifica citando &#8216;trabalho escravo&#8217;"},"content":{"rendered":"<article>\n<div class=\"mc-column content-media content-media--normal content-photo\" data-block-type=\"backstage-photo\">\n<div class=\"content-media__container\">\n<div class=\"content-media__description-centered \">\n<p class=\"content-media__description\">A ministra Luislinda Valois, dos Direitos Humanos, apresentou ao governo um pedido para acumular sal\u00e1rio integral da atual fun\u00e7\u00e3o com a aposentadoria, o que daria R$ 61 mil, e, entre as justificativas, disse que trabalhar sem receber contrapartida &#8220;se assemelha a trabalho escravo&#8221;.<\/p>\n<\/div>\n<\/div>\n<\/div>\n<div class=\"mc-column content-text active-extra-styles \" data-block-type=\"unstyled\" data-block-weight=\"32\">\n<p class=\"content-text__container \" data-track-category=\"Link no Texto\" data-track-links=\"\">Trechos do documento de 207 p\u00e1ginas enviado por Valois \u00e0 Casa Civil foram publicados nesta quinta-feira (2) pelo jornal &#8220;O Estado de S.Paulo&#8221;. A TV Globo confirmou o pedido feito pela ministra.<\/p>\n<\/div>\n<div class=\"mc-column content-text active-extra-styles \" data-block-type=\"unstyled\" data-block-weight=\"40\">\n<p class=\"content-text__container \" data-track-category=\"Link no Texto\" data-track-links=\"\">Atualmente, Valois recebe por m\u00eas R$ 30.400 pela aposentadoria de desembargadora do Tribunal de Justi\u00e7a da Bahia. Como ministra, ela recebe R$ 3.300. O m\u00e1ximo das duas remunera\u00e7\u00f5es n\u00e3o pode ultrapassar R$ 33.700, que \u00e9 o teto do funcionalismo p\u00fablico.<\/p>\n<\/div>\n<div class=\"mc-column content-media content-media--normal content-video\" data-block-type=\"backstage-video\">\n<div class=\"content-media__container content-media__container--loaded\"><\/div>\n<div class=\"content-media__description-centered\">\n<p class=\"content-media__description\"><i class=\"content-media__description__icon theme-color-primary\"><\/i><span class=\"content-media__description__caption\">Ministra pede para acumular sal\u00e1rio de R$61 mil e cita escravid\u00e3o em carta ao governo<\/span><\/p>\n<\/div>\n<\/div>\n<div class=\"mc-column content-text active-extra-styles \" data-block-type=\"unstyled\" data-block-weight=\"30\">\n<p class=\"content-text__container \" data-track-category=\"Link no Texto\" data-track-links=\"\">&#8220;O trabalho executado sem a correspondente contrapartida, a que se denomina remunera\u00e7\u00e3o, sem sombra de d\u00favida, se assemelha a trabalho escravo&#8221;, escreveu a ministra no pedido para acumular os sal\u00e1rios.<\/p>\n<p class=\"content-text__container \" data-track-category=\"Link no Texto\" data-track-links=\"\">A Casa Civil deu um parecer negando o pedido da ministra, e enviou o caso ao minist\u00e9rio do Planejamento, que ainda n\u00e3o deu um parecer final.<\/p>\n<\/div>\n<div class=\"mc-column content-text active-extra-styles \" data-block-type=\"unstyled\" data-block-weight=\"30\">\n<p class=\"content-text__container \" data-track-category=\"Link no Texto\" data-track-links=\"\">\u00c0 TV Globo, por telefone, Valois disse que est\u00e1 prestando servi\u00e7o ao Estado brasileiro e acha justo receber por isso. Ela disse que apenas por analogia citou o trabalho escravo.<\/p>\n<\/div>\n<div data-track-category=\"fim do conteudo\" data-track-action=\"ultimo chunk conteudo\" data-track-noninteraction=\"false\" data-track-scroll=\"entrada completa viewport\">\n<div class=\"mc-column content-text active-extra-styles \" data-block-type=\"unstyled\" data-block-weight=\"42\">\n<p class=\"content-text__container \" data-track-category=\"Link no Texto\" data-track-links=\"\">O C\u00f3digo Penal diz que trabalho escravo \u00e9 aquele for\u00e7ado, com jornada exaustiva, degradante. Al\u00e9m do sal\u00e1rio de mais de R$ 30 mil, a ministra ainda tem direito a : carro, motorista e viagens de avi\u00e3o da For\u00e7a A\u00e9rea para compromissos profissionais.<\/p>\n<p><strong>CARIRI EM A\u00c7\u00c3O<\/strong><\/p>\n<p><em>Com G1 \/Foto:<span class=\"content-media__description__caption\">Tain\u00e1 Sigmaringa\/G1<\/span><\/em><\/p>\n<p><strong>Leia mais not\u00edcias em\u00a0<\/strong><a href=\"http:\/\/www.caririemacao.com\/\"><strong>caririemacao.com<\/strong><\/a><strong>, siga nossa p\u00e1gina no\u00a0<\/strong><a href=\"https:\/\/www.facebook.com\/CaririEmAcao\/?ref=aymt_homepage_panel\"><strong>Facebook<\/strong><\/a>,<strong>\u00a0<\/strong><a href=\"https:\/\/www.instagram.com\/cariri_em_acao\/?hl=pt-br\"><strong>Instagram<\/strong><\/a><strong>\u00a0e <\/strong><a href=\"https:\/\/www.youtube.com\/channel\/UCAptA0jQuYQy8vMhLt2m4qg\"><strong>Youtube<\/strong><\/a><strong>\u00a0e veja nossas mat\u00e9rias, v\u00eddeos e fotos. Voc\u00ea tamb\u00e9m pode enviar informa\u00e7\u00f5es \u00e0 Reda\u00e7\u00e3o do Portal Cariri em A\u00e7\u00e3o pelo WhatsApp (83) 9 9634.5791, (83) 9 9601-1162.<\/strong><\/p>\n<\/div>\n<\/div>\n<\/article>\n","protected":false},"excerpt":{"rendered":"<p>A ministra Luislinda Valois, dos Direitos Humanos, apresentou ao governo um pedido para acumular sal\u00e1rio integral da atual fun\u00e7\u00e3o com a aposentadoria, o que daria&hellip; <\/p>\n","protected":false},"author":2,"featured_media":32337,"comment_status":"closed","ping_status":"closed","sticky":false,"template":"","format":"standard","meta":{"sfsi_plus_gutenberg_text_before_share":"","sfsi_plus_gutenberg_show_text_before_share":"","sfsi_plus_gutenberg_icon_type":"","sfsi_plus_gutenberg_icon_alignemt":"","sfsi_plus_gutenburg_max_per_row":"","footnotes":""},"categories":[2],"tags":[],"class_list":["post-32336","post","type-post","status-publish","format-standard","has-post-thumbnail","hentry","category-geral"],"_links":{"self":[{"href":"https:\/\/www.caririemacao.com\/1\/wp-json\/wp\/v2\/posts\/32336","targetHints":{"allow":["GET"]}}],"collection":[{"href":"https:\/\/www.caririemacao.com\/1\/wp-json\/wp\/v2\/posts"}],"about":[{"href":"https:\/\/www.caririemacao.com\/1\/wp-json\/wp\/v2\/types\/post"}],"author":[{"embeddable":true,"href":"https:\/\/www.caririemacao.com\/1\/wp-json\/wp\/v2\/users\/2"}],"replies":[{"embeddable":true,"href":"https:\/\/www.caririemacao.com\/1\/wp-json\/wp\/v2\/comments?post=32336"}],"version-history":[{"count":0,"href":"https:\/\/www.caririemacao.com\/1\/wp-json\/wp\/v2\/posts\/32336\/revisions"}],"wp:featuredmedia":[{"embeddable":true,"href":"https:\/\/www.caririemacao.com\/1\/wp-json\/wp\/v2\/media\/32337"}],"wp:attachment":[{"href":"https:\/\/www.caririemacao.com\/1\/wp-json\/wp\/v2\/media?parent=32336"}],"wp:term":[{"taxonomy":"category","embeddable":true,"href":"https:\/\/www.caririemacao.com\/1\/wp-json\/wp\/v2\/categories?post=32336"},{"taxonomy":"post_tag","embeddable":true,"href":"https:\/\/www.caririemacao.com\/1\/wp-json\/wp\/v2\/tags?post=32336"}],"curies":[{"name":"wp","href":"https:\/\/api.w.org\/{rel}","templated":true}]}}