{"id":32339,"date":"2017-11-03T09:50:15","date_gmt":"2017-11-03T12:50:15","guid":{"rendered":"http:\/\/caririemacao.com\/1\/?p=32339"},"modified":"2017-11-03T09:50:15","modified_gmt":"2017-11-03T12:50:15","slug":"primeiro-emprego-e-dificil-mas-dicas-podem-ajudar-na-conquista-veja-orientacoes","status":"publish","type":"post","link":"https:\/\/www.caririemacao.com\/1\/2017\/11\/03\/primeiro-emprego-e-dificil-mas-dicas-podem-ajudar-na-conquista-veja-orientacoes\/","title":{"rendered":"Primeiro emprego \u00e9 dif\u00edcil, mas dicas podem ajudar na conquista; veja orienta\u00e7\u00f5es"},"content":{"rendered":"<p>Entrar no mercado de trabalho n\u00e3o \u00e9 tarefa f\u00e1cil, mas n\u00e3o \u00e9 imposs\u00edvel.\u00a0Querer aprender e mostrar iniciativa s\u00e3o atitudes importantes para quem quer iniciar a vida profissional. Marcelo N\u00f3brega, diretor de Recursos Humanos do McDonald\u2019s Brasil, d\u00e1 dicas de como come\u00e7ar.\u00a0<strong>Confira abaixo<\/strong>.<\/p>\n<p>\u201cIr pelos caminhos mais \u00f3bvios, por onde todos v\u00e3o, tornar\u00e1 a busca mais dif\u00edcil. Tem que estar atento, ter foco e paci\u00eancia\u201d, afirma o executivo, acostumado a selecionar pessoas sem experi\u00eancia para o primeiro emprego. O McDonald\u2019s \u00e9 reconhecidamente o maior gerador de primeiro emprego do pa\u00eds. Hoje, trabalham na empresa cerca de 40 mil pessoas \u2013 muitos deles tiveram na companhia a sua primeira oportunidade de assinar a Carteira de Trabalho.<\/p>\n<p><strong>1 &#8211; Olhe direito, h\u00e1 vagas!<\/strong><\/p>\n<p>O momento atual pode dar a impress\u00e3o de que o mercado est\u00e1 ruim e que os empregos sumiram. Mas h\u00e1 bons empregos dispon\u00edveis. Fale com seus amigos, cadastre seu CV em bancos de dados, busque nas redes sociais ou v\u00e1 diretamente \u00e0s empresas.<\/p>\n<p><strong>2 &#8211; Corra, voc\u00ea est\u00e1 atrasado!<\/strong><\/p>\n<p>Um emprego leva tempo para ser conquistado e o preparo deve come\u00e7ar cedo. Tudo o que voc\u00ea faz durante os anos de escola \u00e9 tamb\u00e9m parte dessa prepara\u00e7\u00e3o. Esse aprendizado vai permitir que voc\u00ea se destaque.<\/p>\n<p><strong>3 \u2013 Amigos para sempre<\/strong><\/p>\n<p>A maioria das oportunidades de emprego vir\u00e1 por meio da rede de relacionamentos, que voc\u00ea vai tecendo ao longo da vida. Por isso, pergunte se h\u00e1 vagas nas empresas onde eles trabalham.<br \/>\n<strong><br \/>\n4 &#8211; Mostre iniciativa<\/strong><\/p>\n<p>Muita gente tem o p\u00e9ssimo costume de esperar passivamente que \u201cas coisas aconte\u00e7am\u201d \u2013 e de achar que, as oportunidades v\u00e3o bater \u00e0 sua porta. Por\u00e9m, \u00e0 medida que o tempo passa, as coisas ficam mais dif\u00edceis para quem est\u00e1 fora do jogo. V\u00e1 \u00e0 luta.<\/p>\n<p><strong>5 &#8211; Rejei\u00e7\u00e3o? Aprenda a lidar com ela<\/strong><\/p>\n<p>Prepare-se para \u201cdar com a cara na porta\u201d v\u00e1rias vezes. Esteja pronto, tamb\u00e9m, para enfrentar per\u00edodos de sil\u00eancio, desencontros, cancelamentos de entrevistas, etc. Isso \u00e9 da natureza de um processo seletivo de emprego e n\u00e3o uma quest\u00e3o pessoal. N\u00e3o desanime.<\/p>\n<p><strong>CARIRI EM A\u00c7\u00c3O<\/strong><\/p>\n<p><em>Com Portal Correio\/Foto: Google\u00a0\u00a0 <\/em><\/p>\n<p><strong>Leia mais not\u00edcias em\u00a0<\/strong><a href=\"http:\/\/www.caririemacao.com\/\"><strong>caririemacao.com<\/strong><\/a><strong>, siga nossa p\u00e1gina no\u00a0<\/strong><a href=\"https:\/\/www.facebook.com\/CaririEmAcao\/?ref=aymt_homepage_panel\"><strong>Facebook<\/strong><\/a>,<strong>\u00a0<\/strong><a href=\"https:\/\/www.instagram.com\/cariri_em_acao\/?hl=pt-br\"><strong>Instagram<\/strong><\/a><strong>\u00a0e <\/strong><a href=\"https:\/\/www.youtube.com\/channel\/UCAptA0jQuYQy8vMhLt2m4qg\"><strong>Youtube<\/strong><\/a><strong>\u00a0e veja nossas mat\u00e9rias, v\u00eddeos e fotos. Voc\u00ea tamb\u00e9m pode enviar informa\u00e7\u00f5es \u00e0 Reda\u00e7\u00e3o do Portal Cariri em A\u00e7\u00e3o pelo WhatsApp (83) 9 9634.5791, (83) 9 9601-1162.<\/strong><\/p>\n","protected":false},"excerpt":{"rendered":"<p>Entrar no mercado de trabalho n\u00e3o \u00e9 tarefa f\u00e1cil, mas n\u00e3o \u00e9 imposs\u00edvel.\u00a0Querer aprender e mostrar iniciativa s\u00e3o atitudes importantes para quem quer iniciar a&hellip; <\/p>\n","protected":false},"author":2,"featured_media":16593,"comment_status":"closed","ping_status":"closed","sticky":false,"template":"","format":"standard","meta":{"sfsi_plus_gutenberg_text_before_share":"","sfsi_plus_gutenberg_show_text_before_share":"","sfsi_plus_gutenberg_icon_type":"","sfsi_plus_gutenberg_icon_alignemt":"","sfsi_plus_gutenburg_max_per_row":"","footnotes":""},"categories":[2],"tags":[],"class_list":["post-32339","post","type-post","status-publish","format-standard","has-post-thumbnail","hentry","category-geral"],"_links":{"self":[{"href":"https:\/\/www.caririemacao.com\/1\/wp-json\/wp\/v2\/posts\/32339","targetHints":{"allow":["GET"]}}],"collection":[{"href":"https:\/\/www.caririemacao.com\/1\/wp-json\/wp\/v2\/posts"}],"about":[{"href":"https:\/\/www.caririemacao.com\/1\/wp-json\/wp\/v2\/types\/post"}],"author":[{"embeddable":true,"href":"https:\/\/www.caririemacao.com\/1\/wp-json\/wp\/v2\/users\/2"}],"replies":[{"embeddable":true,"href":"https:\/\/www.caririemacao.com\/1\/wp-json\/wp\/v2\/comments?post=32339"}],"version-history":[{"count":0,"href":"https:\/\/www.caririemacao.com\/1\/wp-json\/wp\/v2\/posts\/32339\/revisions"}],"wp:featuredmedia":[{"embeddable":true,"href":"https:\/\/www.caririemacao.com\/1\/wp-json\/wp\/v2\/media\/16593"}],"wp:attachment":[{"href":"https:\/\/www.caririemacao.com\/1\/wp-json\/wp\/v2\/media?parent=32339"}],"wp:term":[{"taxonomy":"category","embeddable":true,"href":"https:\/\/www.caririemacao.com\/1\/wp-json\/wp\/v2\/categories?post=32339"},{"taxonomy":"post_tag","embeddable":true,"href":"https:\/\/www.caririemacao.com\/1\/wp-json\/wp\/v2\/tags?post=32339"}],"curies":[{"name":"wp","href":"https:\/\/api.w.org\/{rel}","templated":true}]}}