{"id":32341,"date":"2017-11-03T09:59:19","date_gmt":"2017-11-03T12:59:19","guid":{"rendered":"http:\/\/caririemacao.com\/1\/?p=32341"},"modified":"2017-11-03T09:59:19","modified_gmt":"2017-11-03T12:59:19","slug":"reitor-reconhece-excesso-de-professora-e-aluna-e-sugere-convenio","status":"publish","type":"post","link":"https:\/\/www.caririemacao.com\/1\/2017\/11\/03\/reitor-reconhece-excesso-de-professora-e-aluna-e-sugere-convenio\/","title":{"rendered":"Reitor reconhece excesso de professora e aluna e sugere conv\u00eanio"},"content":{"rendered":"<div class=\"mc-column content-media content-media--normal content-photo\" data-block-type=\"backstage-photo\">\n<div class=\"content-media__container\">\n<div class=\"content-media__description-centered \">\n<p class=\"content-media__description\">O reitor da Universidade Estadual de Para\u00edba (UEPB), Rangel J\u00fanior, divulgou um pronunciamento oficial na tarde desta quinta-feira (2), sobre o caso em que\u00a0uma aluna da institui\u00e7\u00e3o, que \u00e9 policial militar, entrou em sala de aula armada e farda para fazer uma prova no campus Guarabira, no Brejo paraibano.<\/p>\n<\/div>\n<\/div>\n<\/div>\n<div class=\"mc-column content-text active-extra-styles \" data-block-type=\"unstyled\" data-block-weight=\"55\">\n<p class=\"content-text__container \" data-track-category=\"Link no Texto\" data-track-links=\"\">O caso ocorreu na \u00faltima ter\u00e7a-feira (31). A aluna alega que foi impedida pela professora de fazer a prova, pelo fato de est\u00e1 fardada e armada. J\u00e1 a professora\u00a0disse que apenas sugeriu que a aluna deixasse para fazer a reposi\u00e7\u00e3o da prova, j\u00e1 que a aluna estaria no seu dia de trabalho na corpora\u00e7\u00e3o.<\/p>\n<\/div>\n<div class=\"mc-column content-text active-extra-styles \" data-block-type=\"unstyled\" data-block-weight=\"74\">\n<p class=\"content-text__container \" data-track-category=\"Link no Texto\" data-track-links=\"\">Na nota, o reitor reconheceu que houve inabilidade por parte da professora e da aluna para lidar com a situa\u00e7\u00e3o. Com o objetivo de evitar que casos como esse, envolvendo professores e alunos policiais, se repitam, a reitoria tamb\u00e9m sugere um conv\u00eanio de coopera\u00e7\u00e3o entre as institui\u00e7\u00f5es. O pronunciamento ocorreu dois dias ap\u00f3s o caso. Na nota, o reitor explica que preferiu se pronunciar ap\u00f3s uma apura\u00e7\u00e3o detalhada feita pela ouvidoria geral da UEPB.<\/p>\n<\/div>\n<div class=\"mc-column content-text active-extra-styles \" data-block-type=\"unstyled\" data-block-weight=\"95\">\n<p class=\"content-text__container \" data-track-category=\"Link no Texto\" data-track-links=\"\">\u201cA partir desta apura\u00e7\u00e3o inicial, a compreens\u00e3o das institui\u00e7\u00f5es \u00e9 de que o problema foi gerado, a princ\u00edpio, por inabilidade das partes envolvidas na condu\u00e7\u00e3o do fato. Nesse sentido, para evitar que situa\u00e7\u00f5es dessa natureza voltem a acontecer, o comando da PM e a UEPB definiram alguns termos para a formaliza\u00e7\u00e3o de um conv\u00eanio de coopera\u00e7\u00e3o, no qual o aluno militar passe a conhecer melhor o \u00e2mbito da Universidade e suas normas, bem como os servidores da Institui\u00e7\u00e3o tamb\u00e9m tenham melhor compreens\u00e3o sobre as regras que regem a conduta do profissional militar\u201d, diz a nota.<\/p>\n<\/div>\n<div class=\"mc-column content-text active-extra-styles \" data-block-type=\"unstyled\" data-block-weight=\"83\">\n<p class=\"content-text__container \" data-track-category=\"Link no Texto\" data-track-links=\"\">Segundo a UEPB, os alunos policiais tamb\u00e9m v\u00e3o receber orienta\u00e7\u00f5es. \u201cEsse trabalho tamb\u00e9m permitir\u00e1 que os alunos policiais compreendam que, assim como a Pol\u00edcia Militar possui normas a serem seguidas por seus servidores e respeitadas por todos os cidad\u00e3os, a Universidade tamb\u00e9m tem suas regras, que devem ser seguidas por todos aqueles que integram a comunidade acad\u00eamica, respeitando os procedimentos dispon\u00edveis para a solu\u00e7\u00e3o de todo e qualquer conflito que surja em n\u00edvel institucional, visando encerr\u00e1-los no \u00e2mbito da Institui\u00e7\u00e3o\u201d, destaca a nota.<\/p>\n<p><strong>CARIRI EM A\u00c7\u00c3O<\/strong><\/p>\n<p><em>Com G1 \/Foto: Google\u00a0\u00a0 <\/em><\/p>\n<p><strong>Leia mais not\u00edcias em\u00a0<\/strong><a href=\"http:\/\/www.caririemacao.com\/\"><strong>caririemacao.com<\/strong><\/a><strong>, siga nossa p\u00e1gina no\u00a0<\/strong><a href=\"https:\/\/www.facebook.com\/CaririEmAcao\/?ref=aymt_homepage_panel\"><strong>Facebook<\/strong><\/a>,<strong>\u00a0<\/strong><a href=\"https:\/\/www.instagram.com\/cariri_em_acao\/?hl=pt-br\"><strong>Instagram<\/strong><\/a><strong>\u00a0e <\/strong><a href=\"https:\/\/www.youtube.com\/channel\/UCAptA0jQuYQy8vMhLt2m4qg\"><strong>Youtube<\/strong><\/a><strong>\u00a0e veja nossas mat\u00e9rias, v\u00eddeos e fotos. Voc\u00ea tamb\u00e9m pode enviar informa\u00e7\u00f5es \u00e0 Reda\u00e7\u00e3o do Portal Cariri em A\u00e7\u00e3o pelo WhatsApp (83) 9 9634.5791, (83) 9 9601-1162.<\/strong><\/p>\n<\/div>\n<div class=\"content-ads content-ads--reveal\"><\/div>\n","protected":false},"excerpt":{"rendered":"<p>O reitor da Universidade Estadual de Para\u00edba (UEPB), Rangel J\u00fanior, divulgou um pronunciamento oficial na tarde desta quinta-feira (2), sobre o caso em que\u00a0uma aluna&hellip; <\/p>\n","protected":false},"author":2,"featured_media":32207,"comment_status":"closed","ping_status":"closed","sticky":false,"template":"","format":"standard","meta":{"sfsi_plus_gutenberg_text_before_share":"","sfsi_plus_gutenberg_show_text_before_share":"","sfsi_plus_gutenberg_icon_type":"","sfsi_plus_gutenberg_icon_alignemt":"","sfsi_plus_gutenburg_max_per_row":"","footnotes":""},"categories":[2],"tags":[],"class_list":["post-32341","post","type-post","status-publish","format-standard","has-post-thumbnail","hentry","category-geral"],"_links":{"self":[{"href":"https:\/\/www.caririemacao.com\/1\/wp-json\/wp\/v2\/posts\/32341","targetHints":{"allow":["GET"]}}],"collection":[{"href":"https:\/\/www.caririemacao.com\/1\/wp-json\/wp\/v2\/posts"}],"about":[{"href":"https:\/\/www.caririemacao.com\/1\/wp-json\/wp\/v2\/types\/post"}],"author":[{"embeddable":true,"href":"https:\/\/www.caririemacao.com\/1\/wp-json\/wp\/v2\/users\/2"}],"replies":[{"embeddable":true,"href":"https:\/\/www.caririemacao.com\/1\/wp-json\/wp\/v2\/comments?post=32341"}],"version-history":[{"count":0,"href":"https:\/\/www.caririemacao.com\/1\/wp-json\/wp\/v2\/posts\/32341\/revisions"}],"wp:featuredmedia":[{"embeddable":true,"href":"https:\/\/www.caririemacao.com\/1\/wp-json\/wp\/v2\/media\/32207"}],"wp:attachment":[{"href":"https:\/\/www.caririemacao.com\/1\/wp-json\/wp\/v2\/media?parent=32341"}],"wp:term":[{"taxonomy":"category","embeddable":true,"href":"https:\/\/www.caririemacao.com\/1\/wp-json\/wp\/v2\/categories?post=32341"},{"taxonomy":"post_tag","embeddable":true,"href":"https:\/\/www.caririemacao.com\/1\/wp-json\/wp\/v2\/tags?post=32341"}],"curies":[{"name":"wp","href":"https:\/\/api.w.org\/{rel}","templated":true}]}}