{"id":32375,"date":"2017-11-04T06:42:03","date_gmt":"2017-11-04T09:42:03","guid":{"rendered":"http:\/\/caririemacao.com\/1\/?p=32375"},"modified":"2017-11-04T08:40:43","modified_gmt":"2017-11-04T11:40:43","slug":"donos-de-parques-de-vaquejada-criam-circuito-de-vaquejada-no-cariri","status":"publish","type":"post","link":"https:\/\/www.caririemacao.com\/1\/2017\/11\/04\/donos-de-parques-de-vaquejada-criam-circuito-de-vaquejada-no-cariri\/","title":{"rendered":"Donos de parques de vaquejada criam Circuito de Vaquejada no Cariri"},"content":{"rendered":"<p>O Cariri Paraibano ganhou na noite desta sexta-feira, dia 03 de novembro, o Circuito de Vaquejada Ra\u00edzes do Cariri composto por v\u00e1rios parque de vaquejadas na regi\u00e3o.<\/p>\n<p>A reuni\u00e3o para oficializar o circuito foi na cidade de Sum\u00e9 e contou com a presen\u00e7as de donos de parques das cidade de Sum\u00e9, Livramento, Monteiro e Santo Andr\u00e9.<\/p>\n<p><a href=\"http:\/\/caririemacao.com\/1\/wp-content\/uploads\/2017\/11\/CIRCUITO-DE-VAQUEJADA-DO-CARIRI-3.jpg\"><img fetchpriority=\"high\" decoding=\"async\" class=\"aligncenter wp-image-32377 size-full\" src=\"http:\/\/caririemacao.com\/1\/wp-content\/uploads\/2017\/11\/CIRCUITO-DE-VAQUEJADA-DO-CARIRI-3.jpg\" alt=\"\" width=\"1000\" height=\"667\" srcset=\"https:\/\/www.caririemacao.com\/1\/wp-content\/uploads\/2017\/11\/CIRCUITO-DE-VAQUEJADA-DO-CARIRI-3.jpg 1000w, https:\/\/www.caririemacao.com\/1\/wp-content\/uploads\/2017\/11\/CIRCUITO-DE-VAQUEJADA-DO-CARIRI-3-300x200.jpg 300w, https:\/\/www.caririemacao.com\/1\/wp-content\/uploads\/2017\/11\/CIRCUITO-DE-VAQUEJADA-DO-CARIRI-3-768x512.jpg 768w\" sizes=\"(max-width: 1000px) 100vw, 1000px\" \/><\/a><\/p>\n<p>Segundo o coordenador do circuito, o sumeense M\u00e1rcio Porto, este Circuito tem o intuito inicial de divulgar e unir os parques de vaquejadas da regi\u00e3o.<\/p>\n<p>M\u00e1rcio explicou que ser\u00e3o feitas duas etapas, uma no primeiro semestre e a outra no segundo semestre, cada semestre ter\u00e1 no m\u00ednimo 5 e no m\u00e1ximo 7 vaquejadas, e a cada semestre ser\u00e3o premiados os competidores com uma Moto Pop-100 0Km (R$ 5.000,00) para categoria aberta e uma Moto Pop-100 0Km (R$ 5.000,00) para categoria aspirante.<\/p>\n<p><strong>CARIRI EM A\u00c7\u00c3O<\/strong><\/p>\n<p><strong style=\"font-style: inherit;\">Leia mais not\u00edcias em\u00a0<\/strong><a style=\"font-style: inherit; font-weight: inherit;\" href=\"http:\/\/www.caririemacao.com\/\"><strong style=\"font-style: inherit;\">caririemacao.com<\/strong><\/a><strong style=\"font-style: inherit;\">, siga nossa p\u00e1gina no\u00a0<\/strong><a style=\"font-style: inherit; font-weight: inherit;\" href=\"https:\/\/www.facebook.com\/CaririEmAcao\/?ref=aymt_homepage_panel\"><strong style=\"font-style: inherit;\">Facebook<\/strong><\/a><strong style=\"font-style: inherit;\">,\u00a0<\/strong><a style=\"font-style: inherit; font-weight: inherit;\" href=\"https:\/\/www.instagram.com\/cariri_em_acao\/?hl=pt-br\"><strong style=\"font-style: inherit;\">Instagram<\/strong><\/a><strong style=\"font-style: inherit;\">\u00a0e\u00a0<\/strong><a style=\"font-style: inherit; font-weight: inherit;\" href=\"https:\/\/www.youtube.com\/channel\/UCAptA0jQuYQy8vMhLt2m4qg\"><strong style=\"font-style: inherit;\">Youtube<\/strong><\/a><strong style=\"font-style: inherit;\">\u00a0e veja nossas mat\u00e9rias, v\u00eddeos e fotos. Voc\u00ea tamb\u00e9m pode enviar informa\u00e7\u00f5es \u00e0 Reda\u00e7\u00e3o do Portal Cariri em A\u00e7\u00e3o pelo WhatsApp (83) 9 9634.5791, (83) 9 9601-1162.<\/strong><\/p>\n","protected":false},"excerpt":{"rendered":"<p>O Cariri Paraibano ganhou na noite desta sexta-feira, dia 03 de novembro, o Circuito de Vaquejada Ra\u00edzes do Cariri composto por v\u00e1rios parque de vaquejadas&hellip; <\/p>\n","protected":false},"author":2,"featured_media":32376,"comment_status":"closed","ping_status":"closed","sticky":false,"template":"","format":"standard","meta":{"sfsi_plus_gutenberg_text_before_share":"","sfsi_plus_gutenberg_show_text_before_share":"","sfsi_plus_gutenberg_icon_type":"","sfsi_plus_gutenberg_icon_alignemt":"","sfsi_plus_gutenburg_max_per_row":"","footnotes":""},"categories":[2],"tags":[],"class_list":["post-32375","post","type-post","status-publish","format-standard","has-post-thumbnail","hentry","category-geral"],"_links":{"self":[{"href":"https:\/\/www.caririemacao.com\/1\/wp-json\/wp\/v2\/posts\/32375","targetHints":{"allow":["GET"]}}],"collection":[{"href":"https:\/\/www.caririemacao.com\/1\/wp-json\/wp\/v2\/posts"}],"about":[{"href":"https:\/\/www.caririemacao.com\/1\/wp-json\/wp\/v2\/types\/post"}],"author":[{"embeddable":true,"href":"https:\/\/www.caririemacao.com\/1\/wp-json\/wp\/v2\/users\/2"}],"replies":[{"embeddable":true,"href":"https:\/\/www.caririemacao.com\/1\/wp-json\/wp\/v2\/comments?post=32375"}],"version-history":[{"count":0,"href":"https:\/\/www.caririemacao.com\/1\/wp-json\/wp\/v2\/posts\/32375\/revisions"}],"wp:featuredmedia":[{"embeddable":true,"href":"https:\/\/www.caririemacao.com\/1\/wp-json\/wp\/v2\/media\/32376"}],"wp:attachment":[{"href":"https:\/\/www.caririemacao.com\/1\/wp-json\/wp\/v2\/media?parent=32375"}],"wp:term":[{"taxonomy":"category","embeddable":true,"href":"https:\/\/www.caririemacao.com\/1\/wp-json\/wp\/v2\/categories?post=32375"},{"taxonomy":"post_tag","embeddable":true,"href":"https:\/\/www.caririemacao.com\/1\/wp-json\/wp\/v2\/tags?post=32375"}],"curies":[{"name":"wp","href":"https:\/\/api.w.org\/{rel}","templated":true}]}}