{"id":32379,"date":"2017-11-04T06:30:38","date_gmt":"2017-11-04T09:30:38","guid":{"rendered":"http:\/\/caririemacao.com\/1\/?p=32379"},"modified":"2017-11-04T06:30:38","modified_gmt":"2017-11-04T09:30:38","slug":"crise-prefeituras-atrasam-salarios-e-podem-nao-pagar-13o-de-servidores","status":"publish","type":"post","link":"https:\/\/www.caririemacao.com\/1\/2017\/11\/04\/crise-prefeituras-atrasam-salarios-e-podem-nao-pagar-13o-de-servidores\/","title":{"rendered":"Crise: Prefeituras atrasam sal\u00e1rios e podem n\u00e3o pagar 13\u00ba de servidores"},"content":{"rendered":"<p>Parte das prefeituras paraibanas j\u00e1 come\u00e7am a se preocupar com a chegada do final de ano e a obrigatoriedade de pagar o 13\u00ba sal\u00e1rio aos servidores. A crise financeira instaurada em algumas administra\u00e7\u00f5es j\u00e1 deixou, inclusive, funcion\u00e1rios com sal\u00e1rios atrasados.<\/p>\n<p>Em contato com , o presidente da\u00a0Federa\u00e7\u00e3o das Associa\u00e7\u00f5es dos Munic\u00edpios da Para\u00edba, Tota Guedes, informou que algumas gest\u00f5es, que mant\u00e9m a folha equilibrada, conseguiram efetuar o pagamento da primeira parcela em julho.<\/p>\n<p>Na pr\u00f3xima semana, a a Famup vai fechar o levantamento de quantas prefeituras n\u00e3o conseguir\u00e3o quitar o pagamento. Ele servir\u00e1 como um panorama, que ser\u00e1 enviado ao Governo Federal.<\/p>\n<p>A expectativa \u00e9 de que o presidente Michel Temer (PMDB) possa liberar recursos atrav\u00e9s de uma medida provis\u00f3ria para que os munic\u00edpios possam sanar a crise.<\/p>\n<p>Em setembro, o senador Raimundo Lira (PMDB) chegou a articular um encontro dos gestores com o presidente, mas a reuni\u00e3o teve que ser cancelada. Na \u00e9poca, uma marcha com cerca 100 prefeitos se preparou para pedir a Temer a libera\u00e7\u00e3o de recursos.<\/p>\n<p><em>Com MaisPB \/Foto: Google\u00a0\u00a0 <\/em><\/p>\n<p><strong>Leia mais not\u00edcias em\u00a0<\/strong><a href=\"http:\/\/www.caririemacao.com\/\"><strong>caririemacao.com<\/strong><\/a><strong>, siga nossa p\u00e1gina no\u00a0<\/strong><a href=\"https:\/\/www.facebook.com\/CaririEmAcao\/?ref=aymt_homepage_panel\"><strong>Facebook<\/strong><\/a>,<strong>\u00a0<\/strong><a href=\"https:\/\/www.instagram.com\/cariri_em_acao\/?hl=pt-br\"><strong>Instagram<\/strong><\/a><strong>\u00a0e <\/strong><a href=\"https:\/\/www.youtube.com\/channel\/UCAptA0jQuYQy8vMhLt2m4qg\"><strong>Youtube<\/strong><\/a><strong>\u00a0e veja nossas mat\u00e9rias, v\u00eddeos e fotos. Voc\u00ea tamb\u00e9m pode enviar informa\u00e7\u00f5es \u00e0 Reda\u00e7\u00e3o do Portal Cariri em A\u00e7\u00e3o pelo WhatsApp (83) 9 9634.5791, (83) 9 9601-1162.<\/strong><\/p>\n","protected":false},"excerpt":{"rendered":"<p>Parte das prefeituras paraibanas j\u00e1 come\u00e7am a se preocupar com a chegada do final de ano e a obrigatoriedade de pagar o 13\u00ba sal\u00e1rio aos&hellip; <\/p>\n","protected":false},"author":2,"featured_media":10249,"comment_status":"closed","ping_status":"closed","sticky":false,"template":"","format":"standard","meta":{"sfsi_plus_gutenberg_text_before_share":"","sfsi_plus_gutenberg_show_text_before_share":"","sfsi_plus_gutenberg_icon_type":"","sfsi_plus_gutenberg_icon_alignemt":"","sfsi_plus_gutenburg_max_per_row":"","footnotes":""},"categories":[2],"tags":[],"class_list":["post-32379","post","type-post","status-publish","format-standard","has-post-thumbnail","hentry","category-geral"],"_links":{"self":[{"href":"https:\/\/www.caririemacao.com\/1\/wp-json\/wp\/v2\/posts\/32379","targetHints":{"allow":["GET"]}}],"collection":[{"href":"https:\/\/www.caririemacao.com\/1\/wp-json\/wp\/v2\/posts"}],"about":[{"href":"https:\/\/www.caririemacao.com\/1\/wp-json\/wp\/v2\/types\/post"}],"author":[{"embeddable":true,"href":"https:\/\/www.caririemacao.com\/1\/wp-json\/wp\/v2\/users\/2"}],"replies":[{"embeddable":true,"href":"https:\/\/www.caririemacao.com\/1\/wp-json\/wp\/v2\/comments?post=32379"}],"version-history":[{"count":0,"href":"https:\/\/www.caririemacao.com\/1\/wp-json\/wp\/v2\/posts\/32379\/revisions"}],"wp:featuredmedia":[{"embeddable":true,"href":"https:\/\/www.caririemacao.com\/1\/wp-json\/wp\/v2\/media\/10249"}],"wp:attachment":[{"href":"https:\/\/www.caririemacao.com\/1\/wp-json\/wp\/v2\/media?parent=32379"}],"wp:term":[{"taxonomy":"category","embeddable":true,"href":"https:\/\/www.caririemacao.com\/1\/wp-json\/wp\/v2\/categories?post=32379"},{"taxonomy":"post_tag","embeddable":true,"href":"https:\/\/www.caririemacao.com\/1\/wp-json\/wp\/v2\/tags?post=32379"}],"curies":[{"name":"wp","href":"https:\/\/api.w.org\/{rel}","templated":true}]}}