{"id":32381,"date":"2017-11-04T06:34:11","date_gmt":"2017-11-04T09:34:11","guid":{"rendered":"http:\/\/caririemacao.com\/1\/?p=32381"},"modified":"2017-11-04T06:34:11","modified_gmt":"2017-11-04T09:34:11","slug":"assembleias-estaduais-e-camaras-municipais-usam-decisao-do-stf-para-soltar-parlamentares-presos-por-corrupcao","status":"publish","type":"post","link":"https:\/\/www.caririemacao.com\/1\/2017\/11\/04\/assembleias-estaduais-e-camaras-municipais-usam-decisao-do-stf-para-soltar-parlamentares-presos-por-corrupcao\/","title":{"rendered":"Assembleias estaduais e C\u00e2maras municipais usam decis\u00e3o do STF para soltar parlamentares presos por corrup\u00e7\u00e3o"},"content":{"rendered":"<div class=\"mc-column content-media content-media--normal content-video\" data-block-type=\"backstage-video\">\n<div class=\"content-media__description-centered\">\n<p class=\"content-media__description\">Assembleias estaduais e C\u00e2maras municipais do Brasil est\u00e3o usando uma decis\u00e3o do Superior Tribunal Federal (STF) para soltar parlamentares presos por suspeita de corrup\u00e7\u00e3o. O ato \u00e9 criticado por juristas que classificam as a\u00e7\u00f5es como abusivas. Recentemente, em Mato Grosso o deputado estadual Gilmar Fabris (PSD)\u00a0foi solto\u00a0depois que Assembleia Legislativa de Mato Grosso (ALMT) votou pela soltura dele.<\/p>\n<\/div>\n<\/div>\n<div class=\"mc-column content-text active-extra-styles \" data-block-type=\"unstyled\" data-block-weight=\"19\">\n<p class=\"content-text__container \" data-track-category=\"Link no Texto\" data-track-links=\"\">Como mostra reportagem publicada nesta sexta-feira (3) pelo jornal &#8220;O Globo&#8221;, deputados e vereadores t\u00eam sem beneficiado pelas medidas.<\/p>\n<\/div>\n<div class=\"mc-column content-text active-extra-styles \" data-block-type=\"unstyled\" data-block-weight=\"29\">\n<p class=\"content-text__container \" data-track-category=\"Link no Texto\" data-track-links=\"\">A decis\u00e3o do STF diz que as medidas cautelares aplicadas contra os parlamentares presos\u00a0podem ser derrubadas pelos legislativos estaduais e municipais.\u00a0A determina\u00e7\u00e3o gerou consequ\u00eancias logo em seguida.<\/p>\n<\/div>\n<div class=\"mc-column content-text active-extra-styles \" data-block-type=\"unstyled\" data-block-weight=\"40\">\n<p class=\"content-text__container \" data-track-category=\"Link no Texto\" data-track-links=\"\">O caso mais emblem\u00e1tico \u00e9 do senador A\u00e9cio Neves (PSDB).\u00a0O STF decidiu que as puni\u00e7\u00f5es impostas contra ele, como a obrigatoriedade de ficar em casa \u00e0 noite e a perda do mandado, teriam que ser autorizadas pelo pr\u00f3prio Senado.<\/p>\n<\/div>\n<div class=\"mc-column content-text active-extra-styles \" data-block-type=\"unstyled\" data-block-weight=\"16\">\n<p class=\"content-text__container \" data-track-category=\"Link no Texto\" data-track-links=\"\">O resultado: o Senado rejeitou as puni\u00e7\u00f5es e A\u00e9cio voltou a exercer livremente as fun\u00e7\u00f5es dele.<\/p>\n<\/div>\n<div class=\"mc-column content-text active-extra-styles \" data-block-type=\"unstyled\" data-block-weight=\"37\">\n<p class=\"content-text__container \" data-track-category=\"Link no Texto\" data-track-links=\"\">Os parlamentares de todo o pa\u00eds t\u00eam sido beneficiados com a revoga\u00e7\u00e3o de pris\u00f5es contr\u00e1rias a eles. Para a Associa\u00e7\u00e3o dos Magistrados Brasileiros (AMB), a decis\u00e3o do STF coloca em xeque a atua\u00e7\u00e3o da Justi\u00e7a no pa\u00eds.<\/p>\n<\/div>\n<div class=\"mc-column content-text active-extra-styles \" data-block-type=\"unstyled\" data-block-weight=\"43\">\n<p class=\"content-text__container \" data-track-category=\"Link no Texto\" data-track-links=\"\">Em Mato Grosso, o deputado estadual Gilmar Fabris voltou a execer a fun\u00e7\u00e3o na ALMT depois que os colegas votaram pela soltura dele. Fabris foi preso no dia 15 de setembro e passou 40 dias na pris\u00e3o por suspeita de obstru\u00e7\u00e3o \u00e0 Justi\u00e7a.<\/p>\n<\/div>\n<div class=\"mc-column content-text active-extra-styles \" data-block-type=\"unstyled\" data-block-weight=\"47\">\n<p class=\"content-text__container \" data-track-category=\"Link no Texto\" data-track-links=\"\">Fabris tamb\u00e9m\u00a0\u00e9 citado na dela\u00e7\u00e3o premiada do ex-governador Silval Barbosa (PMDB).\u00a0Ele aparece em um v\u00eddeo reclamando do valor de uma suposta propina que recebia do governo. No dia da pris\u00e3o,\u00a0ele foi filmado saindo da casa dele momentos antes da Pol\u00edcia Federal chegar no local.<\/p>\n<\/div>\n<div class=\"mc-column content-text active-extra-styles \" data-block-type=\"unstyled\" data-block-weight=\"51\">\n<p class=\"content-text__container \" data-track-category=\"Link no Texto\" data-track-links=\"\">No Rio Grande do Norte, outras duas decis\u00f5es baseadas no entendimento do STF beneficiaram parlamentares. O deputado estadual Ricardo Mota\u00a0foi afastado por seis meses pelo Tribunal de Justi\u00e7a daquele estado. Ele \u00e9 suspeito de participar de um esquema criminoso que desviou R$ 19 millh\u00f5es do Instituto de Desenvolvimento Sustent\u00e1vel (Idema).<\/p>\n<\/div>\n<div class=\"mc-column content-text active-extra-styles \" data-block-type=\"unstyled\" data-block-weight=\"24\">\n<p class=\"content-text__container \" data-track-category=\"Link no Texto\" data-track-links=\"\">J\u00e1 a C\u00e2mara Municipal de Natal, aprovou no fim do m\u00eas passado o retorno do vereador Raniere Barbosa (PDT),\u00a0que est\u00e1 afastado desde julho.<\/p>\n<\/div>\n<div data-track-category=\"fim do conteudo\" data-track-action=\"ultimo chunk conteudo\" data-track-noninteraction=\"false\" data-track-scroll=\"entrada completa viewport\">\n<div class=\"mc-column content-text active-extra-styles \" data-block-type=\"unstyled\" data-block-weight=\"76\">\n<p class=\"content-text__container \" data-track-category=\"Link no Texto\" data-track-links=\"\">Para o jurista, Oscar Vilhena Vieira, professor de Direito Constitucional da FGV, os estados e munic\u00edpios deveria aguardar a publica\u00e7\u00e3o dos ac\u00f3rd\u00e3os para a libera\u00e7\u00e3o dos parlamentares. \u201cEles est\u00e3o agindo dentro dessa janela de oportunidade. [\u2026] Isto sem d\u00favida nenhuma enfraquece a aplica\u00e7\u00e3o da lei no Brasil pliam-se as esferas de exce\u00e7\u00e3o. Me parece que houve uma expans\u00e3o dos privil\u00e9gios parlamentares, isto \u00e9 ruim para a democracia, isto \u00e9 ruim para o devido processo legal\u201d, declarou.<\/p>\n<p><em>Com G1 \/Foto:\u00a0 Google\u00a0\u00a0 <\/em><\/p>\n<p><strong>Leia mais not\u00edcias em\u00a0<\/strong><a href=\"http:\/\/www.caririemacao.com\/\"><strong>caririemacao.com<\/strong><\/a><strong>, siga nossa p\u00e1gina no\u00a0<\/strong><a href=\"https:\/\/www.facebook.com\/CaririEmAcao\/?ref=aymt_homepage_panel\"><strong>Facebook<\/strong><\/a>,<strong>\u00a0<\/strong><a href=\"https:\/\/www.instagram.com\/cariri_em_acao\/?hl=pt-br\"><strong>Instagram<\/strong><\/a><strong>\u00a0e <\/strong><a href=\"https:\/\/www.youtube.com\/channel\/UCAptA0jQuYQy8vMhLt2m4qg\"><strong>Youtube<\/strong><\/a><strong>\u00a0e veja nossas mat\u00e9rias, v\u00eddeos e fotos. Voc\u00ea tamb\u00e9m pode enviar informa\u00e7\u00f5es \u00e0 Reda\u00e7\u00e3o do Portal Cariri em A\u00e7\u00e3o pelo WhatsApp (83) 9 9634.5791, (83) 9 9601-1162.<\/strong><\/p>\n<\/div>\n<\/div>\n","protected":false},"excerpt":{"rendered":"<p>Assembleias estaduais e C\u00e2maras municipais do Brasil est\u00e3o usando uma decis\u00e3o do Superior Tribunal Federal (STF) para soltar parlamentares presos por suspeita de corrup\u00e7\u00e3o. O&hellip; <\/p>\n","protected":false},"author":2,"featured_media":19492,"comment_status":"closed","ping_status":"closed","sticky":false,"template":"","format":"standard","meta":{"sfsi_plus_gutenberg_text_before_share":"","sfsi_plus_gutenberg_show_text_before_share":"","sfsi_plus_gutenberg_icon_type":"","sfsi_plus_gutenberg_icon_alignemt":"","sfsi_plus_gutenburg_max_per_row":"","footnotes":""},"categories":[11],"tags":[],"class_list":["post-32381","post","type-post","status-publish","format-standard","has-post-thumbnail","hentry","category-politica"],"_links":{"self":[{"href":"https:\/\/www.caririemacao.com\/1\/wp-json\/wp\/v2\/posts\/32381","targetHints":{"allow":["GET"]}}],"collection":[{"href":"https:\/\/www.caririemacao.com\/1\/wp-json\/wp\/v2\/posts"}],"about":[{"href":"https:\/\/www.caririemacao.com\/1\/wp-json\/wp\/v2\/types\/post"}],"author":[{"embeddable":true,"href":"https:\/\/www.caririemacao.com\/1\/wp-json\/wp\/v2\/users\/2"}],"replies":[{"embeddable":true,"href":"https:\/\/www.caririemacao.com\/1\/wp-json\/wp\/v2\/comments?post=32381"}],"version-history":[{"count":0,"href":"https:\/\/www.caririemacao.com\/1\/wp-json\/wp\/v2\/posts\/32381\/revisions"}],"wp:featuredmedia":[{"embeddable":true,"href":"https:\/\/www.caririemacao.com\/1\/wp-json\/wp\/v2\/media\/19492"}],"wp:attachment":[{"href":"https:\/\/www.caririemacao.com\/1\/wp-json\/wp\/v2\/media?parent=32381"}],"wp:term":[{"taxonomy":"category","embeddable":true,"href":"https:\/\/www.caririemacao.com\/1\/wp-json\/wp\/v2\/categories?post=32381"},{"taxonomy":"post_tag","embeddable":true,"href":"https:\/\/www.caririemacao.com\/1\/wp-json\/wp\/v2\/tags?post=32381"}],"curies":[{"name":"wp","href":"https:\/\/api.w.org\/{rel}","templated":true}]}}