{"id":32383,"date":"2017-11-04T06:35:45","date_gmt":"2017-11-04T09:35:45","guid":{"rendered":"http:\/\/caririemacao.com\/1\/?p=32383"},"modified":"2017-11-04T06:35:45","modified_gmt":"2017-11-04T09:35:45","slug":"estado-divulga-editais-de-selecao-para-professor-e-profissional-bolsista-do-pronatec","status":"publish","type":"post","link":"https:\/\/www.caririemacao.com\/1\/2017\/11\/04\/estado-divulga-editais-de-selecao-para-professor-e-profissional-bolsista-do-pronatec\/","title":{"rendered":"Estado divulga editais de sele\u00e7\u00e3o para professor e profissional bolsista do Pronatec"},"content":{"rendered":"<p>O Governo do Estado, por meio da Secretaria de Estado da Educa\u00e7\u00e3o (SEE), divulgou os editais do\u00a0Processo de Sele\u00e7\u00e3o P\u00fablica Simplificada para Professor e Profissionais Bolsistas do Programa Nacional de Acesso ao Ensino T\u00e9cnico e Emprego (Pronatec) na Para\u00edba.<\/p>\n<p>Para professor de cursos de forma\u00e7\u00e3o continuada (FIC), a sele\u00e7\u00e3o oferece 48 vagas imediatas e 15 vagas destinadas a cadastro de reserva. As aulas ser\u00e3o ministradas no turno da noite, em diversas cidades da Para\u00edba. Os cursos ter\u00e3o dura\u00e7\u00e3o de tr\u00eas meses e as remunera\u00e7\u00f5es variam entre R$ 35,00 e R$ 50,00 por hora de aula, de acordo com a titula\u00e7\u00e3o do professor.<\/p>\n<p>J\u00e1 para os profissionais bolsistas, o edital disp\u00f5e de 27 vagas imediatas distribu\u00eddas para supervisor, orientador e apoio administrativo e duas vagas para cadastro de reserva, para atuar em unidades que ofertam os cursos do Pronatec no turno da noite, com remunera\u00e7\u00f5es que variam de R$ 18,00 a R$ 36,00 por hora de aula.<\/p>\n<p>As inscri\u00e7\u00f5es ser\u00e3o encerradas na pr\u00f3xima segunda-feira (6). A inscri\u00e7\u00e3o \u00e9 gratuita.\u00a0<a href=\"http:\/\/www.paraiba.pb.gov.br\/educacao\/pronatec\/\" target=\"_blank\" rel=\"noopener noreferrer\"><strong>Baixe os editais<\/strong>.<\/a><\/p>\n<p>No ato de inscri\u00e7\u00e3o, o candidato deve escolher para qual unidade de ensino quer concorrer a uma das vagas. A sele\u00e7\u00e3o ser\u00e1 feita por meio da an\u00e1lise curricular, com car\u00e1ter eliminat\u00f3rio e classificat\u00f3rio. O resultado final da sele\u00e7\u00e3o est\u00e1 previsto para ser divulgado no dia 24 de novembro de 2017.<\/p>\n<p>Mais informa\u00e7\u00f5es pelo n\u00famero (83) 3218-4059 (Ger\u00eancia Executiva de Ensino Profissional).<\/p>\n<p><em>Com Ascom \/Foto: Google\u00a0\u00a0 <\/em><\/p>\n<p><strong>Leia mais not\u00edcias em\u00a0<\/strong><a href=\"http:\/\/www.caririemacao.com\/\"><strong>caririemacao.com<\/strong><\/a><strong>, siga nossa p\u00e1gina no\u00a0<\/strong><a href=\"https:\/\/www.facebook.com\/CaririEmAcao\/?ref=aymt_homepage_panel\"><strong>Facebook<\/strong><\/a>,<strong>\u00a0<\/strong><a href=\"https:\/\/www.instagram.com\/cariri_em_acao\/?hl=pt-br\"><strong>Instagram<\/strong><\/a><strong>\u00a0e <\/strong><a href=\"https:\/\/www.youtube.com\/channel\/UCAptA0jQuYQy8vMhLt2m4qg\"><strong>Youtube<\/strong><\/a><strong>\u00a0e veja nossas mat\u00e9rias, v\u00eddeos e fotos. Voc\u00ea tamb\u00e9m pode enviar informa\u00e7\u00f5es \u00e0 Reda\u00e7\u00e3o do Portal Cariri em A\u00e7\u00e3o pelo WhatsApp (83) 9 9634.5791, (83) 9 9601-1162.<\/strong><\/p>\n","protected":false},"excerpt":{"rendered":"<p>O Governo do Estado, por meio da Secretaria de Estado da Educa\u00e7\u00e3o (SEE), divulgou os editais do\u00a0Processo de Sele\u00e7\u00e3o P\u00fablica Simplificada para Professor e Profissionais&hellip; <\/p>\n","protected":false},"author":2,"featured_media":5178,"comment_status":"closed","ping_status":"closed","sticky":false,"template":"","format":"standard","meta":{"sfsi_plus_gutenberg_text_before_share":"","sfsi_plus_gutenberg_show_text_before_share":"","sfsi_plus_gutenberg_icon_type":"","sfsi_plus_gutenberg_icon_alignemt":"","sfsi_plus_gutenburg_max_per_row":"","footnotes":""},"categories":[2],"tags":[],"class_list":["post-32383","post","type-post","status-publish","format-standard","has-post-thumbnail","hentry","category-geral"],"_links":{"self":[{"href":"https:\/\/www.caririemacao.com\/1\/wp-json\/wp\/v2\/posts\/32383","targetHints":{"allow":["GET"]}}],"collection":[{"href":"https:\/\/www.caririemacao.com\/1\/wp-json\/wp\/v2\/posts"}],"about":[{"href":"https:\/\/www.caririemacao.com\/1\/wp-json\/wp\/v2\/types\/post"}],"author":[{"embeddable":true,"href":"https:\/\/www.caririemacao.com\/1\/wp-json\/wp\/v2\/users\/2"}],"replies":[{"embeddable":true,"href":"https:\/\/www.caririemacao.com\/1\/wp-json\/wp\/v2\/comments?post=32383"}],"version-history":[{"count":0,"href":"https:\/\/www.caririemacao.com\/1\/wp-json\/wp\/v2\/posts\/32383\/revisions"}],"wp:featuredmedia":[{"embeddable":true,"href":"https:\/\/www.caririemacao.com\/1\/wp-json\/wp\/v2\/media\/5178"}],"wp:attachment":[{"href":"https:\/\/www.caririemacao.com\/1\/wp-json\/wp\/v2\/media?parent=32383"}],"wp:term":[{"taxonomy":"category","embeddable":true,"href":"https:\/\/www.caririemacao.com\/1\/wp-json\/wp\/v2\/categories?post=32383"},{"taxonomy":"post_tag","embeddable":true,"href":"https:\/\/www.caririemacao.com\/1\/wp-json\/wp\/v2\/tags?post=32383"}],"curies":[{"name":"wp","href":"https:\/\/api.w.org\/{rel}","templated":true}]}}