{"id":32385,"date":"2017-11-04T06:40:29","date_gmt":"2017-11-04T09:40:29","guid":{"rendered":"http:\/\/caririemacao.com\/1\/?p=32385"},"modified":"2017-11-04T06:40:29","modified_gmt":"2017-11-04T09:40:29","slug":"petrobras-elevara-preco-do-gas-de-cozinha-em-45-a-partir-de-domingo","status":"publish","type":"post","link":"https:\/\/www.caririemacao.com\/1\/2017\/11\/04\/petrobras-elevara-preco-do-gas-de-cozinha-em-45-a-partir-de-domingo\/","title":{"rendered":"Petrobras elevar\u00e1 pre\u00e7o do g\u00e1s de cozinha em 4,5% a partir de domingo"},"content":{"rendered":"<section class=\"l-noticia\">A Petrobras elevar\u00e1 os pre\u00e7os do GLP residencial envasado em botij\u00f5es de at\u00e9 13 kg, o g\u00e1s de cozinha, em 4,5%, em m\u00e9dia, a partir das zero hora de domingo (5), informou a estatal nesta sexta-feira em comunicado.<\/p>\n<p>Segundo a Petrobras, se o ajuste for integralmente repassado ao consumidor pelas distribuidoras, a alta ser\u00e1, em m\u00e9dia, de 2% ou cerca de R$ 1,21 por botij\u00e3o, &#8220;se forem mantidas as margens de distribui\u00e7\u00e3o e de revenda e as al\u00edquotas de tributos&#8221;.<\/p>\n<p>&#8220;O reajuste foi causado principalmente pela alta das cota\u00e7\u00f5es do produto nos mercados internacionais, influenciada pela conjuntura externa e pela proximidade do inverno no Hemisf\u00e9rio Norte. A varia\u00e7\u00e3o do c\u00e2mbio tamb\u00e9m contribuiu&#8221;, explicou a empresa, em nota.<br \/>\nO \u00faltimo reajuste aconteceu no dia 11 de outubro, quando os pre\u00e7os foram reajustados em m\u00e9dia em 12,9%.<\/p>\n<p>Alta de mais de 15% no acumulado no ano<\/p>\n<p>No ano, o pre\u00e7o m\u00e9dio do g\u00e1s de cozinha no pa\u00eds acumula alta de 15,58%, segundo dados da Ag\u00eancia Nacional de Petr\u00f3leo, G\u00e1s e Biocombust\u00edveis (ANP). O valor m\u00e9dio do botij\u00e3o para o consumidor saltou de R$ 55,74 em janeiro para R$ 64,42 na semana encerrada em 28 de outubro.<\/p>\n<p>Pela nova pol\u00edtica de pre\u00e7os adotada pela Petrobras, o pre\u00e7o do G\u00e1s Liquefeito de Petr\u00f3leo (GLP) passou a ser revisado todos os meses.<\/p>\n<p>Segundo a estatal, o pre\u00e7o final \u00e0s distribuidoras ser\u00e1 formado pela m\u00e9dia mensal dos pre\u00e7os do butano e do propano no mercado europeu, convertida em reais pela m\u00e9dia di\u00e1ria das cota\u00e7\u00f5es de venda do d\u00f3lar, mais uma margem de 5%.<\/p>\n<p>&#8220;Como a lei brasileira garante liberdade de pre\u00e7os no mercado de combust\u00edveis e derivados, as revis\u00f5es feitas nas refinarias podem ou n\u00e3o se refletir no pre\u00e7o final ao consumidor. Isso depender\u00e1 de repasses feitos especialmente por distribuidoras e revendedores&#8221;, afirma a Petrobras.<\/p>\n<p>Na composi\u00e7\u00e3o de pre\u00e7os ao consumidor, a Petrobras responde por cerca de 34% do valor final, enquanto outros 19% s\u00e3o tributos, calcula a estatal. Os outros cerca de 50% correspondem a custos de distribui\u00e7\u00e3o e revenda.<\/p>\n<p><strong>CARIRI EM A\u00c7\u00c3O\u00a0<\/strong><\/p>\n<p><em>Com Resumo Para\u00edba<\/em><em>\/Foto: Google\u00a0\u00a0<\/em><\/p>\n<p><strong>Leia mais not\u00edcias em\u00a0<\/strong><a href=\"http:\/\/www.caririemacao.com\/\"><strong>caririemacao.com<\/strong><\/a><strong>, siga nossa p\u00e1gina no\u00a0<\/strong><a href=\"https:\/\/www.facebook.com\/CaririEmAcao\/?ref=aymt_homepage_panel\"><strong>Facebook<\/strong><\/a>,<strong>\u00a0<\/strong><a href=\"https:\/\/www.instagram.com\/cariri_em_acao\/?hl=pt-br\"><strong>Instagram<\/strong><\/a><strong>\u00a0e <\/strong><a href=\"https:\/\/www.youtube.com\/channel\/UCAptA0jQuYQy8vMhLt2m4qg\"><strong>Youtube<\/strong><\/a><strong>\u00a0e veja nossas mat\u00e9rias, v\u00eddeos e fotos. Voc\u00ea tamb\u00e9m pode enviar informa\u00e7\u00f5es \u00e0 Reda\u00e7\u00e3o do Portal Cariri em A\u00e7\u00e3o pelo WhatsApp (83) 9 9634.5791, (83) 9 9601-1162.<\/strong><\/p>\n<\/section>\n","protected":false},"excerpt":{"rendered":"<p>A Petrobras elevar\u00e1 os pre\u00e7os do GLP residencial envasado em botij\u00f5es de at\u00e9 13 kg, o g\u00e1s de cozinha, em 4,5%, em m\u00e9dia, a partir&hellip; <\/p>\n","protected":false},"author":2,"featured_media":28094,"comment_status":"closed","ping_status":"closed","sticky":false,"template":"","format":"standard","meta":{"sfsi_plus_gutenberg_text_before_share":"","sfsi_plus_gutenberg_show_text_before_share":"","sfsi_plus_gutenberg_icon_type":"","sfsi_plus_gutenberg_icon_alignemt":"","sfsi_plus_gutenburg_max_per_row":"","footnotes":""},"categories":[2],"tags":[],"class_list":["post-32385","post","type-post","status-publish","format-standard","has-post-thumbnail","hentry","category-geral"],"_links":{"self":[{"href":"https:\/\/www.caririemacao.com\/1\/wp-json\/wp\/v2\/posts\/32385","targetHints":{"allow":["GET"]}}],"collection":[{"href":"https:\/\/www.caririemacao.com\/1\/wp-json\/wp\/v2\/posts"}],"about":[{"href":"https:\/\/www.caririemacao.com\/1\/wp-json\/wp\/v2\/types\/post"}],"author":[{"embeddable":true,"href":"https:\/\/www.caririemacao.com\/1\/wp-json\/wp\/v2\/users\/2"}],"replies":[{"embeddable":true,"href":"https:\/\/www.caririemacao.com\/1\/wp-json\/wp\/v2\/comments?post=32385"}],"version-history":[{"count":0,"href":"https:\/\/www.caririemacao.com\/1\/wp-json\/wp\/v2\/posts\/32385\/revisions"}],"wp:featuredmedia":[{"embeddable":true,"href":"https:\/\/www.caririemacao.com\/1\/wp-json\/wp\/v2\/media\/28094"}],"wp:attachment":[{"href":"https:\/\/www.caririemacao.com\/1\/wp-json\/wp\/v2\/media?parent=32385"}],"wp:term":[{"taxonomy":"category","embeddable":true,"href":"https:\/\/www.caririemacao.com\/1\/wp-json\/wp\/v2\/categories?post=32385"},{"taxonomy":"post_tag","embeddable":true,"href":"https:\/\/www.caririemacao.com\/1\/wp-json\/wp\/v2\/tags?post=32385"}],"curies":[{"name":"wp","href":"https:\/\/api.w.org\/{rel}","templated":true}]}}