{"id":32386,"date":"2017-11-04T06:38:35","date_gmt":"2017-11-04T09:38:35","guid":{"rendered":"http:\/\/caririemacao.com\/1\/?p=32386"},"modified":"2017-11-04T06:47:13","modified_gmt":"2017-11-04T09:47:13","slug":"quadrilha-que-utilizava-veiculos-para-praticar-arrombamentos-no-comercio-foi-desarticulada-pela-policia","status":"publish","type":"post","link":"https:\/\/www.caririemacao.com\/1\/2017\/11\/04\/quadrilha-que-utilizava-veiculos-para-praticar-arrombamentos-no-comercio-foi-desarticulada-pela-policia\/","title":{"rendered":"Quadrilha que utilizava ve\u00edculos para praticar arrombamentos no com\u00e9rcio foi desarticulada pela pol\u00edcia"},"content":{"rendered":"<p class=\" \">A Pol\u00edcia Militar desarticulou uma quadrilha que vinha praticando arrombamentos a lojas do com\u00e9rcio de pelo menos cinco cidades paraibanas, utilizando um carro para destruir as portas dos estabelecimentos dando marcha r\u00e9 nos ve\u00edculos. A pris\u00e3o do l\u00edder da quadrilha, um suspeito de 18 anos, aconteceu ap\u00f3s o grupo arrombar uma loja de grife masculina, na madrugada desta sexta-feira (3), no centro da cidade Sap\u00e9.<\/p>\n<p class=\" \">De acordo com o comandante da 3\u00aa Companhia do 7\u00ba Batalh\u00e3o, capit\u00e3o Jos\u00e9 Targino, o grupo \u00e9 de Campina Grande e costumava se reunir em um cemit\u00e9rio para planejar as a\u00e7\u00f5es criminosas. \u201cO bando \u00e9 composto por tr\u00eas suspeitos, dos quais j\u00e1 prendemos um, que era o l\u00edder da quadrilha, e eles s\u00e3o do bairro do Monte Santo, em Campina Grande. O preso revelou que eles usavam o cemit\u00e9rio do bairro onde eles moravam como uma esp\u00e9cie de escrit\u00f3rio do crime, onde eles planejavam o roubo de carros para com esses ve\u00edculos praticarem os arrombamentos nas lojas, dando macha r\u00e9 para danificar a porta dos estabelecimentos e depois pegar v\u00e1rias mercadorias\u201d, disse.<u><\/u><u><\/u><\/p>\n<p class=\" \">Ainda segundo o capit\u00e3o, no arrombamento da madrugada desta sexta-feira eles estavam em dois carros. \u201cO que foi preso estava em carro que foi roubado no dia 27 de outubro, em frente a um restaurante de Campina Grande. Os outros dois suspeitos estavam em outro ve\u00edculo, tamb\u00e9m roubado em Campina Grande. Ap\u00f3s arrombarem a loja em Sap\u00e9, as guarni\u00e7\u00f5es montaram um cerco e na fuga eles se dividiram, mas o carro que era onde estavam as mercadorias furtadas e o l\u00edder do bando, foi alcan\u00e7ado e o suspeito preso\u201d, completou, ao informar que os acusados que conseguiram fugir j\u00e1 foram identificados.<u><\/u><u><\/u><\/p>\n<p class=\" \">O grupo \u00e9 suspeito de arrombar, na madrugada do \u00faltimo s\u00e1bado (28), no centro da cidade de Itabaiana, uma loja da mesma marca da que foi alvo nesta madrugada em Sap\u00e9, usando a mesma forma de agir, inclusive, segundo testemunhas, o carro usado na a\u00e7\u00e3o foi o mesmo que foi apreendido. Al\u00e9m das duas cidades (Sap\u00e9 e Itabaiana), eles teriam atuado com este tipo de crime nos com\u00e9rcios de Campina Grande, Alagoa Grande e Esperan\u00e7a.<u><\/u><u><\/u><\/p>\n<p class=\" \">O preso foi apresentado na Delegacia de Pol\u00edcia Civil, em Sap\u00e9. No carro, foram recuperadas v\u00e1rias pe\u00e7as de roupas. A pol\u00edcia vai investigar o destino das roupas que eles furtavam nas a\u00e7\u00f5es.<\/p>\n<p><em>Com\u00a0Secom-PB\u00a0\/Foto: Google\u00a0\u00a0 <\/em><\/p>\n<p><strong>Leia mais not\u00edcias em\u00a0<\/strong><a href=\"http:\/\/www.caririemacao.com\/\"><strong>caririemacao.com<\/strong><\/a><strong>, siga nossa p\u00e1gina no\u00a0<\/strong><a href=\"https:\/\/www.facebook.com\/CaririEmAcao\/?ref=aymt_homepage_panel\"><strong>Facebook<\/strong><\/a>,<strong>\u00a0<\/strong><a href=\"https:\/\/www.instagram.com\/cariri_em_acao\/?hl=pt-br\"><strong>Instagram<\/strong><\/a><strong>\u00a0e <\/strong><a href=\"https:\/\/www.youtube.com\/channel\/UCAptA0jQuYQy8vMhLt2m4qg\"><strong>Youtube<\/strong><\/a><strong>\u00a0e veja nossas mat\u00e9rias, v\u00eddeos e fotos. Voc\u00ea tamb\u00e9m pode enviar informa\u00e7\u00f5es \u00e0 Reda\u00e7\u00e3o do Portal Cariri em A\u00e7\u00e3o pelo WhatsApp (83) 9 9634.5791, (83) 9 9601-1162.<\/strong><\/p>\n","protected":false},"excerpt":{"rendered":"<p>A Pol\u00edcia Militar desarticulou uma quadrilha que vinha praticando arrombamentos a lojas do com\u00e9rcio de pelo menos cinco cidades paraibanas, utilizando um carro para destruir&hellip; <\/p>\n","protected":false},"author":2,"featured_media":4937,"comment_status":"closed","ping_status":"closed","sticky":false,"template":"","format":"standard","meta":{"sfsi_plus_gutenberg_text_before_share":"","sfsi_plus_gutenberg_show_text_before_share":"","sfsi_plus_gutenberg_icon_type":"","sfsi_plus_gutenberg_icon_alignemt":"","sfsi_plus_gutenburg_max_per_row":"","footnotes":""},"categories":[12],"tags":[],"class_list":["post-32386","post","type-post","status-publish","format-standard","has-post-thumbnail","hentry","category-policia"],"_links":{"self":[{"href":"https:\/\/www.caririemacao.com\/1\/wp-json\/wp\/v2\/posts\/32386","targetHints":{"allow":["GET"]}}],"collection":[{"href":"https:\/\/www.caririemacao.com\/1\/wp-json\/wp\/v2\/posts"}],"about":[{"href":"https:\/\/www.caririemacao.com\/1\/wp-json\/wp\/v2\/types\/post"}],"author":[{"embeddable":true,"href":"https:\/\/www.caririemacao.com\/1\/wp-json\/wp\/v2\/users\/2"}],"replies":[{"embeddable":true,"href":"https:\/\/www.caririemacao.com\/1\/wp-json\/wp\/v2\/comments?post=32386"}],"version-history":[{"count":0,"href":"https:\/\/www.caririemacao.com\/1\/wp-json\/wp\/v2\/posts\/32386\/revisions"}],"wp:featuredmedia":[{"embeddable":true,"href":"https:\/\/www.caririemacao.com\/1\/wp-json\/wp\/v2\/media\/4937"}],"wp:attachment":[{"href":"https:\/\/www.caririemacao.com\/1\/wp-json\/wp\/v2\/media?parent=32386"}],"wp:term":[{"taxonomy":"category","embeddable":true,"href":"https:\/\/www.caririemacao.com\/1\/wp-json\/wp\/v2\/categories?post=32386"},{"taxonomy":"post_tag","embeddable":true,"href":"https:\/\/www.caririemacao.com\/1\/wp-json\/wp\/v2\/tags?post=32386"}],"curies":[{"name":"wp","href":"https:\/\/api.w.org\/{rel}","templated":true}]}}