{"id":32391,"date":"2017-11-04T06:47:25","date_gmt":"2017-11-04T09:47:25","guid":{"rendered":"http:\/\/caririemacao.com\/1\/?p=32391"},"modified":"2017-11-04T06:47:25","modified_gmt":"2017-11-04T09:47:25","slug":"reuniao-entre-policia-militar-e-uepb-poe-fim-a-polemica-com-policial-militar","status":"publish","type":"post","link":"https:\/\/www.caririemacao.com\/1\/2017\/11\/04\/reuniao-entre-policia-militar-e-uepb-poe-fim-a-polemica-com-policial-militar\/","title":{"rendered":"Reuni\u00e3o entre Pol\u00edcia Militar e UEPB p\u00f5e fim a pol\u00eamica com policial militar"},"content":{"rendered":"<p>Uma reuni\u00e3o entre o Comandante-Geral da Pol\u00edcia Militar, coronel Euller Chaves, e o Reitor da Universidade Estadual da Para\u00edba (UEPB), professor Rangel J\u00fanior, colocou fim a pol\u00eamica que aconteceu esta semana envolvendo uma professora de processo civil e uma policial militar e aluna do 7\u00ba per\u00edodo de direito, dentro do Campus da UEPB de Guarabira.<\/p>\n<p>O encontro aconteceu no pr\u00f3prio campus, nesta sexta-feira (3), onde as duas institui\u00e7\u00f5es fizeram um acordo para desenvolver v\u00e1rias atividades para aproximar integrantes da universidade e da PM, a exemplo de especializa\u00e7\u00f5es e um curso de direito penal militar que a UEPB vai oferecer, de forma pioneira no Estado.<\/p>\n<p>Antes de chegar ao campus, coronel Euller esteve reunido com a aluna e policial militar envolvida no fato, a quem prestou apoio por causa da repercuss\u00e3o do epis\u00f3dio.<\/p>\n<p>Em seguida, o Comandante-Geral participou de um encontro com os policiais militares do 4\u00ba Batalh\u00e3o que estudam na Universidade Estadual da Para\u00edba, onde reafirmou a import\u00e2ncia da qualifica\u00e7\u00e3o profissional e acad\u00eamica, e conversou sobre a rotina deles na UEPB.<\/p>\n<p>\u201cHouve uma repercuss\u00e3o muito grande acerca do fato, onde optamos por ir pessoalmente conversar com a nossa policial, escutamos atentamente as palavras dela e prestamos todo o apoio necess\u00e1rio. Conversamos tamb\u00e9m com os policiais que estudam no campus da UEPB e em seguida fomos a uma reuni\u00e3o com o reitor e professores. O caso est\u00e1 superado, colocamos nossas posi\u00e7\u00f5es acerca do epis\u00f3dio na discuss\u00e3o e ficou decidida essa parceria para engradecer as duas institui\u00e7\u00f5es, pois temos na educa\u00e7\u00e3o e seguran\u00e7a a esperan\u00e7a de dias melhores, e quando esses dois campos est\u00e3o em conflito, a sociedade \u00e9 quem perde,\u201d destacou.<\/p>\n<p>O Reitor da UEPB, professor Rangel J\u00fanior, falou que o fato vai aproximar ainda mais a universidade da pol\u00edcia militar.<\/p>\n<p>\u201cFoi um fato isolado, que j\u00e1 foi resolvido e o que ficou de importante foi a disposi\u00e7\u00e3o das duas partes em promover parcerias para aproximar mais ainda as duas institui\u00e7\u00f5es, compreendendo uma a outra nas suas particularidades para que epis\u00f3dios como esses n\u00e3o mais ocorram\u201d, disse.<\/p>\n<p>A reuni\u00e3o contou tamb\u00e9m com o Comandante do Policiamento Regional I, coronel Almeida Martins; comandante do 4\u00ba Batalh\u00e3o, Tenente-Coronel Gilberto Felipe; do chefe adjunto do departamento de direito do campus da UEPB em Guarabira, Agassiz Almeida; representantes dos alunos da universidade e professores.<\/p>\n<p><strong>CARIRI EM A\u00c7\u00c3O<\/strong><\/p>\n<p><em>Com Mais PB\/Foto:Divulga\u00e7\u00e3o<\/em><\/p>\n<p><strong>Leia mais not\u00edcias em\u00a0<\/strong><a href=\"http:\/\/www.caririemacao.com\/\"><strong>caririemacao.com<\/strong><\/a><strong>, siga nossa p\u00e1gina no\u00a0<\/strong><a href=\"https:\/\/www.facebook.com\/CaririEmAcao\/?ref=aymt_homepage_panel\"><strong>Facebook<\/strong><\/a>,<strong>\u00a0<\/strong><a href=\"https:\/\/www.instagram.com\/cariri_em_acao\/?hl=pt-br\"><strong>Instagram<\/strong><\/a><strong>\u00a0e <\/strong><a href=\"https:\/\/www.youtube.com\/channel\/UCAptA0jQuYQy8vMhLt2m4qg\"><strong>Youtube<\/strong><\/a><strong>\u00a0e veja nossas mat\u00e9rias, v\u00eddeos e fotos. Voc\u00ea tamb\u00e9m pode enviar informa\u00e7\u00f5es \u00e0 Reda\u00e7\u00e3o do Portal Cariri em A\u00e7\u00e3o pelo WhatsApp (83) 9 9634.5791, (83) 9 9601-1162.<\/strong><\/p>\n","protected":false},"excerpt":{"rendered":"<p>Uma reuni\u00e3o entre o Comandante-Geral da Pol\u00edcia Militar, coronel Euller Chaves, e o Reitor da Universidade Estadual da Para\u00edba (UEPB), professor Rangel J\u00fanior, colocou fim&hellip; <\/p>\n","protected":false},"author":2,"featured_media":32396,"comment_status":"closed","ping_status":"closed","sticky":false,"template":"","format":"standard","meta":{"sfsi_plus_gutenberg_text_before_share":"","sfsi_plus_gutenberg_show_text_before_share":"","sfsi_plus_gutenberg_icon_type":"","sfsi_plus_gutenberg_icon_alignemt":"","sfsi_plus_gutenburg_max_per_row":"","footnotes":""},"categories":[2],"tags":[],"class_list":["post-32391","post","type-post","status-publish","format-standard","has-post-thumbnail","hentry","category-geral"],"_links":{"self":[{"href":"https:\/\/www.caririemacao.com\/1\/wp-json\/wp\/v2\/posts\/32391","targetHints":{"allow":["GET"]}}],"collection":[{"href":"https:\/\/www.caririemacao.com\/1\/wp-json\/wp\/v2\/posts"}],"about":[{"href":"https:\/\/www.caririemacao.com\/1\/wp-json\/wp\/v2\/types\/post"}],"author":[{"embeddable":true,"href":"https:\/\/www.caririemacao.com\/1\/wp-json\/wp\/v2\/users\/2"}],"replies":[{"embeddable":true,"href":"https:\/\/www.caririemacao.com\/1\/wp-json\/wp\/v2\/comments?post=32391"}],"version-history":[{"count":0,"href":"https:\/\/www.caririemacao.com\/1\/wp-json\/wp\/v2\/posts\/32391\/revisions"}],"wp:featuredmedia":[{"embeddable":true,"href":"https:\/\/www.caririemacao.com\/1\/wp-json\/wp\/v2\/media\/32396"}],"wp:attachment":[{"href":"https:\/\/www.caririemacao.com\/1\/wp-json\/wp\/v2\/media?parent=32391"}],"wp:term":[{"taxonomy":"category","embeddable":true,"href":"https:\/\/www.caririemacao.com\/1\/wp-json\/wp\/v2\/categories?post=32391"},{"taxonomy":"post_tag","embeddable":true,"href":"https:\/\/www.caririemacao.com\/1\/wp-json\/wp\/v2\/tags?post=32391"}],"curies":[{"name":"wp","href":"https:\/\/api.w.org\/{rel}","templated":true}]}}