{"id":32392,"date":"2017-11-04T06:44:59","date_gmt":"2017-11-04T09:44:59","guid":{"rendered":"http:\/\/caririemacao.com\/1\/?p=32392"},"modified":"2017-11-04T06:44:59","modified_gmt":"2017-11-04T09:44:59","slug":"papa-considera-permitir-padres-casados-na-amazonia","status":"publish","type":"post","link":"https:\/\/www.caririemacao.com\/1\/2017\/11\/04\/papa-considera-permitir-padres-casados-na-amazonia\/","title":{"rendered":"Papa considera permitir padres casados na Amaz\u00f4nia"},"content":{"rendered":"<p>O Papa Francisco permitiu que seja aberta uma discuss\u00e3o na Igreja Cat\u00f3lica sobre a poss\u00edvel suspens\u00e3o parcial do celibato para os padres, segundo fontes do Vaticano ouvidas pelo jornal &#8220;Il Messaggero&#8221;. A proposta inusitada dentro do tradicionalismo cat\u00f3lico teria vindo do cardeal brasileiro Claudio Hummes, que tem uma pr\u00f3xima rela\u00e7\u00e3o com o Pont\u00edfice e quer encontrar uma solu\u00e7\u00e3o pr\u00e1tica e definitiva para a falta de padres na regi\u00e3o amaz\u00f4nica. O tema tabu poder\u00e1 ser discutido no s\u00ednodo de 2019.<\/p>\n<p>De acordo com a imprensa italiana, os bispos de toda a regi\u00e3o amaz\u00f4nica foram convocados para encontrar uma nova estrada para a evangeliza\u00e7\u00e3o. O projeto defendido por Hummes, presidente da Comiss\u00e3o Episcopal para a Amaz\u00f4nia, seria que homens fi\u00e9is casados pudessem ser nomeados a cargos de administra\u00e7\u00e3o espiritual das suas comunidades, que muitas vezes ficam em \u00e1reas isoladas e de dif\u00edcil acesso, evitando, assim, que o celibato continue a ser um dogma indiscut\u00edvel em Roma.<\/p>\n<p>O celibato de padres n\u00e3o \u00e9 considerado um dogma cat\u00f3lico, mas sim uma disciplina. Isso significa que n\u00e3o \u00e9 uma verdade revelada pela f\u00e9, uma vez que por diversos s\u00e9culos os sacerdotes puderam se casar e ter filhos.<\/p>\n<p>Os relatos s\u00e3o de que, nos \u00faltimos dias, Dom Erwin Krautler, secret\u00e1rio da Comiss\u00e3o Episcopal para a Amaz\u00f4nia da Confer\u00eancia Nacional dos Bispos do Brasil (CNBB), falou sobre a urg\u00eancia de lidar com a quest\u00e3o amaz\u00f4nica. O assunto teria sido tratado diretamente com o Papa Francisco, segundo a ag\u00eancia austr\u00edaca Kna, que teria respondido a Krautler que pedisse aos bispos para formular propostas v\u00e1lidas sobre o tema.<\/p>\n<div id=\"pub-retangulo-2\" class=\"arroba publicidade clearfix\" data-google-query-id=\"CJL0wY_OpNcCFUsNkQodJugBVw\"><\/div>\n<div id=\"player-wrapper-54282511471736820\" class=\"jw-ad-visible\"><\/div>\n<p>Krautler reconhece que esse \u00e9 um assunto que pode ser discutido, mas ressalta que n\u00e3o \u00e9 o ponto principal do s\u00ednodo.<\/p>\n<p>\u2014 O s\u00ednodo n\u00e3o tem esse tema. O tema \u00e9 a evangeliza\u00e7\u00e3o e novos caminhos em rela\u00e7\u00e3o aos povos ind\u00edgenas na Amaz\u00f4nia, que est\u00e1 amea\u00e7ada em sua sobreviv\u00eancia. Fala-se tamb\u00e9m da escassez do clero nessas comunidades. Mas o s\u00ednodo foi convocado no dia 15 de outubro e n\u00e3o tem proposta nenhuma dessas ainda. Est\u00e1 tudo no come\u00e7o \u2014 pontuou Dom Erwin.<\/p>\n<p>De acordo com ele, o Papa j\u00e1 deu as &#8220;linhas mestres&#8221; para os &#8220;novos caminhos para a evangeliza\u00e7\u00e3o na Amaz\u00f4nia&#8221;, como abordar uma Igreja com &#8220;rosto amaz\u00f4nico&#8221; e debater a a destrui\u00e7\u00e3o na regi\u00e3o.<\/p>\n<p>\u2014 O proximo passo \u00e9 ouvir as confer\u00eancias, que far\u00e3o suas propostas e, a partir de ent\u00e3o, formar um manual de alinhamento para depois ser discutido em 2019. O principal \u00e9 encontrar solu\u00e7\u00f5es para as comunidades que n\u00e3o t\u00eam eucaristia regular, como podemos enfrentar essa situa\u00e7\u00e3o.<\/p>\n<p>Por mais de tr\u00eas d\u00e9cadas, Krautler dirigiu a Prelazia do Xingu, diocese em forma\u00e7\u00e3o no Par\u00e1, e conquistou destaque internacional por defender a Amaz\u00f4nia e os direitos dos povos ind\u00edgenas.<\/p>\n<div id=\"pub-retangulo-3\" class=\"arroba publicidade clearfix\" data-google-query-id=\"CIWW1I_OpNcCFdKIkQod4DAGrQ\">\n<div id=\"google_ads_iframe_\/95377733\/info.web.oglobo\/sociedade\/materia_7__container__\">Procurado pelo GLOBO, Hummes n\u00e3o quis dar entrevista.<\/div>\n<\/div>\n<p>Em mar\u00e7o, o Papa Francisco j\u00e1 havia levantado publicamente a discuss\u00e3o sobre a possibilidade de mudar a disciplina do celibato eclesi\u00e1stico. Sugeriu que poderia vir \u00e0 pauta da Igreja o debate sobre a ordena\u00e7\u00e3o de\u00a0<em>Viri probati\u00a0<\/em>\u2014 ou seja, os homens de f\u00e9 comprovada \u2014 que j\u00e1 fossem casados.<\/p>\n<p>\u2014 \u00c9 necess\u00e1rio determinar quais tarefas podem ser confiadas aos homens de f\u00e9, sobretudo nas comunidades mais remotas \u2014 disse o Pont\u00edfice \u00e0 \u00e9poca.<\/p>\n<p><em>Com O Globo\/Foto:Google\u00a0\u00a0 <\/em><\/p>\n<p><strong>Leia mais not\u00edcias em\u00a0<\/strong><a href=\"http:\/\/www.caririemacao.com\/\"><strong>caririemacao.com<\/strong><\/a><strong>, siga nossa p\u00e1gina no\u00a0<\/strong><a href=\"https:\/\/www.facebook.com\/CaririEmAcao\/?ref=aymt_homepage_panel\"><strong>Facebook<\/strong><\/a>,<strong>\u00a0<\/strong><a href=\"https:\/\/www.instagram.com\/cariri_em_acao\/?hl=pt-br\"><strong>Instagram<\/strong><\/a><strong>\u00a0e <\/strong><a href=\"https:\/\/www.youtube.com\/channel\/UCAptA0jQuYQy8vMhLt2m4qg\"><strong>Youtube<\/strong><\/a><strong>\u00a0e veja nossas mat\u00e9rias, v\u00eddeos e fotos. Voc\u00ea tamb\u00e9m pode enviar informa\u00e7\u00f5es \u00e0 Reda\u00e7\u00e3o do Portal Cariri em A\u00e7\u00e3o pelo WhatsApp (83) 9 9634.5791, (83) 9 9601-1162.<\/strong><\/p>\n","protected":false},"excerpt":{"rendered":"<p>O Papa Francisco permitiu que seja aberta uma discuss\u00e3o na Igreja Cat\u00f3lica sobre a poss\u00edvel suspens\u00e3o parcial do celibato para os padres, segundo fontes do&hellip; <\/p>\n","protected":false},"author":2,"featured_media":32393,"comment_status":"closed","ping_status":"closed","sticky":false,"template":"","format":"standard","meta":{"sfsi_plus_gutenberg_text_before_share":"","sfsi_plus_gutenberg_show_text_before_share":"","sfsi_plus_gutenberg_icon_type":"","sfsi_plus_gutenberg_icon_alignemt":"","sfsi_plus_gutenburg_max_per_row":"","footnotes":""},"categories":[2],"tags":[],"class_list":["post-32392","post","type-post","status-publish","format-standard","has-post-thumbnail","hentry","category-geral"],"_links":{"self":[{"href":"https:\/\/www.caririemacao.com\/1\/wp-json\/wp\/v2\/posts\/32392","targetHints":{"allow":["GET"]}}],"collection":[{"href":"https:\/\/www.caririemacao.com\/1\/wp-json\/wp\/v2\/posts"}],"about":[{"href":"https:\/\/www.caririemacao.com\/1\/wp-json\/wp\/v2\/types\/post"}],"author":[{"embeddable":true,"href":"https:\/\/www.caririemacao.com\/1\/wp-json\/wp\/v2\/users\/2"}],"replies":[{"embeddable":true,"href":"https:\/\/www.caririemacao.com\/1\/wp-json\/wp\/v2\/comments?post=32392"}],"version-history":[{"count":0,"href":"https:\/\/www.caririemacao.com\/1\/wp-json\/wp\/v2\/posts\/32392\/revisions"}],"wp:featuredmedia":[{"embeddable":true,"href":"https:\/\/www.caririemacao.com\/1\/wp-json\/wp\/v2\/media\/32393"}],"wp:attachment":[{"href":"https:\/\/www.caririemacao.com\/1\/wp-json\/wp\/v2\/media?parent=32392"}],"wp:term":[{"taxonomy":"category","embeddable":true,"href":"https:\/\/www.caririemacao.com\/1\/wp-json\/wp\/v2\/categories?post=32392"},{"taxonomy":"post_tag","embeddable":true,"href":"https:\/\/www.caririemacao.com\/1\/wp-json\/wp\/v2\/tags?post=32392"}],"curies":[{"name":"wp","href":"https:\/\/api.w.org\/{rel}","templated":true}]}}