{"id":32459,"date":"2017-11-05T11:36:48","date_gmt":"2017-11-05T14:36:48","guid":{"rendered":"http:\/\/caririemacao.com\/1\/?p=32459"},"modified":"2017-11-05T11:36:48","modified_gmt":"2017-11-05T14:36:48","slug":"mais-de-180-mil-paraibanos-farao-enem-neste-domingo-saiba-os-detalhes-da-prova","status":"publish","type":"post","link":"https:\/\/www.caririemacao.com\/1\/2017\/11\/05\/mais-de-180-mil-paraibanos-farao-enem-neste-domingo-saiba-os-detalhes-da-prova\/","title":{"rendered":"Mais de 180 mil paraibanos far\u00e3o Enem neste domingo; saiba os detalhes da prova"},"content":{"rendered":"<p>Neste domingo (5), 6,7 milh\u00f5es de inscritos ir\u00e3o realizar a prova do Exame Nacional do Ensino M\u00e9dio (Enem). Na Para\u00edba, ser\u00e3o mais de 189 mil concorrentes. Neste primeiro dia, eles ter\u00e3o que resolver 90 quest\u00f5es nas \u00e1reas de linguagens, geografia, hist\u00f3ria e reda\u00e7\u00e3o. A dura\u00e7\u00e3o da prova ser\u00e1 de at\u00e9 5h30. No domingo seguinte (12) ser\u00e1 a vez da segunda parte do exame, com mais 90 quest\u00f5es de matem\u00e1tica, qu\u00edmica, f\u00edsica e biologia.<\/p>\n<p>Os estudantes devem ficar atentos ao material que precisam levar no dia da prova e ao que n\u00e3o \u00e9 permitido durante a aplica\u00e7\u00e3o do exame. No dia da prova, \u00e9 obrigat\u00f3rio apresentar um documento oficial de identifica\u00e7\u00e3o com foto.<\/p>\n<p>O documento pode ser a carteira de identidade, carteira de motorista, carteira de trabalho, carteira de reservista ou passaporte. A carteira de estudante n\u00e3o ser\u00e1 aceita como documento oficial. Tamb\u00e9m n\u00e3o ser\u00e3o aceitas c\u00f3pias, nem mesmo as autenticadas.<\/p>\n<p>Se o candidato perdeu ou teve o documento roubado, dever\u00e1 apresentar um boletim de ocorr\u00eancia expedido por \u00f3rg\u00e3o policial h\u00e1, no m\u00e1ximo, 90 dias do primeiro domingo de aplica\u00e7\u00e3o do Enem \u2013 dia 5 de novembro.<\/p>\n<p>Para fazer as provas, a reda\u00e7\u00e3o e preencher o cart\u00e3o de respostas o candidato ter\u00e1 de usar caneta esferogr\u00e1fica de tinta preta, fabricada com material transparente. Outra cor de tinta impossibilita a leitura \u00f3ptica do cart\u00e3o de respostas.<\/p>\n<p>O cart\u00e3o de comprova\u00e7\u00e3o de inscri\u00e7\u00e3o, que deve ser impresso na p\u00e1gina do Enem, n\u00e3o \u00e9 obrigat\u00f3rio, mas \u00e9 recomend\u00e1vel levar para ter acesso mais f\u00e1cil a dados como o local e a sala da prova. Quem precisar comprovar sua presen\u00e7a na prova, para apresentar no trabalho, por exemplo, deve levar a declara\u00e7\u00e3o de comparecimento impressa e colher a assinatura do coordenador no dia da prova. O formul\u00e1rio est\u00e1 dispon\u00edvel na P\u00e1gina do Participante.<\/p>\n<p>Lanches s\u00e3o permitidos, mas os alimentos industrializados, como biscoitos, salgadinhos e iogurte precisam estar com as embalagens lacradas. Todos ser\u00e3o vistoriados antes do ingresso na sala.<\/p>\n<p><strong>Itens proibidos<br \/>\n<\/strong>N\u00e3o \u00e9 autorizado o uso de celular ou de qualquer aparelho eletr\u00f4nico durante as provas. Os aparelhos ter\u00e3o de ser colocados em um porta-objetos com lacre, que dever\u00e1 ficar embaixo da cadeira at\u00e9 o final das provas.<\/p>\n<p>O candidato tamb\u00e9m n\u00e3o poder\u00e1 usar l\u00e1pis, lapiseira, borrachas, livros, manuais, impressos, anota\u00e7\u00f5es, \u00f3culos escuros, bon\u00e9, chap\u00e9u, gorro e similares e portar armas de qualquer esp\u00e9cie, mesmo com documento de porte. Se estiver com um desses objetos, eles dever\u00e3o ser colocados no porta-objetos.<\/p>\n<p><strong>Aten\u00e7\u00e3o<br \/>\n<\/strong>Neste ano, pela primeira vez ser\u00e1 usada a prova personalizada, com os cadernos de quest\u00f5es e o caderno de respostas identificados com nome e n\u00famero de inscri\u00e7\u00e3o do participante. Ao receber a prova, o candidato dever\u00e1 verificar se o caderno de quest\u00f5es e o cart\u00e3o de respostas t\u00eam a mesma quantidade de itens, se o nome est\u00e1 correto e se n\u00e3o h\u00e1 defeito gr\u00e1fico.<\/p>\n<p>O aluno poder\u00e1 deixar o local duas horas depois do in\u00edcio da prova. S\u00f3 \u00e9 poss\u00edvel sair com o caderno de quest\u00f5es nos \u00faltimos 30 minutos antes do fim das provas.<\/p>\n<p><strong>Seguran\u00e7a<br \/>\n<\/strong>Neste ano, ser\u00e3o usados 67 mil detectores de metal durante o Enem, um para cada 100 participantes. Segundo o Instituto Nacional de Estudos e Pesquisas Educacionais An\u00edsio Teixeira (Inep), esse n\u00famero garante a vistoria dos participantes na entrada e na sa\u00edda de todos os banheiros das 13.632 coordena\u00e7\u00f5es de local de aplica\u00e7\u00e3o. Neste ano tamb\u00e9m ser\u00e3o usados detectores de ponto eletr\u00f4nico.<\/p>\n<p><strong>Itens Proibidos no dia da prova:<br \/>\n<\/strong>L\u00e1pis<br \/>\nChaves<br \/>\nLivros<br \/>\nManuais<br \/>\nBorracha<br \/>\nAnota\u00e7\u00f5es<br \/>\nBon\u00e9, chap\u00e9u, viseira, gorro ou similares<br \/>\nFones de ouvido ou qualquer transmissor, gravador ou receptor de dados, imagens, v\u00eddeos e mensagens<br \/>\nImpressos<br \/>\nLapiseira<br \/>\n\u00d3culos escuros<br \/>\nCaneta de material n\u00e3o transparente<br \/>\nDispositivos eletr\u00f4nicos (calculadoras, agendas eletr\u00f4nicas ou similares, telefones celulares, smartphones, tablets, ipods, pen drives, mp3 ou similares, gravadores, rel\u00f3gios, alarmes)<\/p>\n<p><strong>Semob refor\u00e7a linhas de \u00f4nibus<br \/>\n<\/strong><br \/>\nA Superintend\u00eancia Executiva de Mobilidade Urbana (Semob-JP) vai refor\u00e7ar a frota e o n\u00famero de viagens de 37 linhas de \u00f4nibus urbanos, neste domingo (5). Os of\u00edcios determinando o refor\u00e7o j\u00e1 foram enviados pela Semob-JP \u00e0s empresas concession\u00e1rias que dever\u00e3o cumprir o previsto no documento. O mesmo plano tamb\u00e9m vai ser executado no pr\u00f3ximo domingo (12).<\/p>\n<p>A partir das 8h da manh\u00e3, as 37 linhas urbanas v\u00e3o operar com um aumento de 47 ve\u00edculos em circula\u00e7\u00e3o, comparado ao quantitativo que circula nos domingos. A partir das 9h e, at\u00e9 as 10h, cada linha far\u00e1 uma viagem extra, totalizando 160 viagens a mais em uma hora, o que vai proporcionar mais facilidade de deslocamento aos locais de prova dos que v\u00e3o se submeter ao exame.<\/p>\n<p><strong>Linhas refor\u00e7adas<br \/>\n<\/strong>201-Ceasa \/ 301-Mangabeira \/ 302-Cidade Verde \/ 303-Mangabeira \/ 510-Tamba\u00fa \/ 511-Tamba\u00fa \/ 601-Bessa \/ 2303-Mangabeira \/ 2509-Cidade Verde \/ 2514-Mangabeira VII \/ 3203-Mangabeira \/ 3510-Banc\u00e1rios \/ 5209-Mangabeira VII \/ 5310-Banc\u00e1rios \/ 101-Grot\u00e3o \/ 603-Bessa \/ 2515-Mangabeira \/ 3507-Mangabeira \/ 5307-Cidade Verde \/ 517-Castelo Branco \/ 304-Castelo Branco \/ 104-Bairro das Ind\u00fastrias \/ 118-Valentina \/ 502-Geisel \/ 701-Alto do Mateus \/ 1519-Valentina \/ 5120-Valentina \/ 116-Colinas do Sul \/ 1510-Circular \/ 2501-Colinas \/ 5110-Circular \/ 5201-Colinas \/ 003-Jaguaribe \/ 401-Altiplano \/ 507-Cabo Branco \/ 504-Mandacaru \/ 506-Bairro dos Estados.<\/p>\n<p><strong>PM ter\u00e1 1,5 mil policiais atuando na Para\u00edba<br \/>\n<\/strong><br \/>\nA Pol\u00edcia Militar vai utilizar 1.500 policiais e 320 viaturas no esquema de seguran\u00e7a montado para as provas do Exame Nacional do Ensino M\u00e9dio 2017, que acontecer\u00e3o nos dias 5 e 12 de novembro. A corpora\u00e7\u00e3o vai atuar em tr\u00eas momentos fundamentais para o Enem: escolta dos cadernos e folhas de respostas; policiamento nos 413 locais de provas; escolta na volta dos gabaritos dos candidatos.<\/p>\n<p><strong>CARIRI EM A\u00c7\u00c3O<\/strong><\/p>\n<p><em>Com \u00a0Portal Correio \/Foto:\u00a0 Google\u00a0\u00a0 <\/em><\/p>\n<p><strong>Leia mais not\u00edcias em\u00a0<\/strong><a href=\"http:\/\/www.caririemacao.com\/\"><strong>caririemacao.com<\/strong><\/a><strong>, siga nossa p\u00e1gina no\u00a0<\/strong><a href=\"https:\/\/www.facebook.com\/CaririEmAcao\/?ref=aymt_homepage_panel\"><strong>Facebook<\/strong><\/a>,<strong>\u00a0<\/strong><a href=\"https:\/\/www.instagram.com\/cariri_em_acao\/?hl=pt-br\"><strong>Instagram<\/strong><\/a><strong>\u00a0e <\/strong><a href=\"https:\/\/www.youtube.com\/channel\/UCAptA0jQuYQy8vMhLt2m4qg\"><strong>Youtube<\/strong><\/a><strong>\u00a0e veja nossas mat\u00e9rias, v\u00eddeos e fotos. Voc\u00ea tamb\u00e9m pode enviar informa\u00e7\u00f5es \u00e0 Reda\u00e7\u00e3o do Portal Cariri em A\u00e7\u00e3o pelo WhatsApp (83) 9 9634.5791, (83) 9 9601-1162.<\/strong><\/p>\n","protected":false},"excerpt":{"rendered":"<p>Neste domingo (5), 6,7 milh\u00f5es de inscritos ir\u00e3o realizar a prova do Exame Nacional do Ensino M\u00e9dio (Enem). Na Para\u00edba, ser\u00e3o mais de 189 mil&hellip; <\/p>\n","protected":false},"author":2,"featured_media":32460,"comment_status":"closed","ping_status":"closed","sticky":false,"template":"","format":"standard","meta":{"sfsi_plus_gutenberg_text_before_share":"","sfsi_plus_gutenberg_show_text_before_share":"","sfsi_plus_gutenberg_icon_type":"","sfsi_plus_gutenberg_icon_alignemt":"","sfsi_plus_gutenburg_max_per_row":"","footnotes":""},"categories":[14],"tags":[],"class_list":["post-32459","post","type-post","status-publish","format-standard","has-post-thumbnail","hentry","category-educacao"],"_links":{"self":[{"href":"https:\/\/www.caririemacao.com\/1\/wp-json\/wp\/v2\/posts\/32459","targetHints":{"allow":["GET"]}}],"collection":[{"href":"https:\/\/www.caririemacao.com\/1\/wp-json\/wp\/v2\/posts"}],"about":[{"href":"https:\/\/www.caririemacao.com\/1\/wp-json\/wp\/v2\/types\/post"}],"author":[{"embeddable":true,"href":"https:\/\/www.caririemacao.com\/1\/wp-json\/wp\/v2\/users\/2"}],"replies":[{"embeddable":true,"href":"https:\/\/www.caririemacao.com\/1\/wp-json\/wp\/v2\/comments?post=32459"}],"version-history":[{"count":0,"href":"https:\/\/www.caririemacao.com\/1\/wp-json\/wp\/v2\/posts\/32459\/revisions"}],"wp:featuredmedia":[{"embeddable":true,"href":"https:\/\/www.caririemacao.com\/1\/wp-json\/wp\/v2\/media\/32460"}],"wp:attachment":[{"href":"https:\/\/www.caririemacao.com\/1\/wp-json\/wp\/v2\/media?parent=32459"}],"wp:term":[{"taxonomy":"category","embeddable":true,"href":"https:\/\/www.caririemacao.com\/1\/wp-json\/wp\/v2\/categories?post=32459"},{"taxonomy":"post_tag","embeddable":true,"href":"https:\/\/www.caririemacao.com\/1\/wp-json\/wp\/v2\/tags?post=32459"}],"curies":[{"name":"wp","href":"https:\/\/api.w.org\/{rel}","templated":true}]}}