{"id":32464,"date":"2017-11-05T12:24:15","date_gmt":"2017-11-05T15:24:15","guid":{"rendered":"http:\/\/caririemacao.com\/1\/?p=32464"},"modified":"2017-11-05T12:24:15","modified_gmt":"2017-11-05T15:24:15","slug":"bandidos-agem-com-violencia-para-roubar-veiculos","status":"publish","type":"post","link":"https:\/\/www.caririemacao.com\/1\/2017\/11\/05\/bandidos-agem-com-violencia-para-roubar-veiculos\/","title":{"rendered":"Bandidos agem com viol\u00eancia para roubar ve\u00edculos"},"content":{"rendered":"<p>Treze ve\u00edculos s\u00e3o roubados por dia na Para\u00edba, de acordo com o 11\u00ba Anu\u00e1rio Brasileiro de Seguran\u00e7a P\u00fablica, com dados do ano passado, computados junto ao sistema de inclus\u00e3o de bloqueios do Detran-PB. O n\u00famero por si s\u00f3 \u00e9 alarmante. N\u00e3o bastasse isso, a modalidade de furtos praticamente desapareceu e os bandidos agora tomam os ve\u00edculos com arma em punho, rendendo os propriet\u00e1rios no meio da rua, o que faz o crime se tornar ainda mais perigoso para as v\u00edtimas.<\/p>\n<p>O furto se caracteriza quando o ve\u00edculo \u00e9 levado sem a presen\u00e7a do dono, normalmente mediante arrombamento. J\u00e1 no roubo, o ve\u00edculo \u00e9 tomado com viol\u00eancia ou grave amea\u00e7a. Segundo o delegado Get\u00falio Machado, titular da Delegacia de Roubos e Furtos de Ve\u00edculos da Capital (DRFV), a Secretaria da Seguran\u00e7a n\u00e3o disp\u00f5e de dados que separem as duas modalidades mas, o cotidiano da delegacia mostra que, a evolu\u00e7\u00e3o tecnol\u00f3gica dos ve\u00edculos dificulta o arrombamento. &#8220;A velha chave mincha foi aposentada. Agora os bandidos metem a arma na cara do cidad\u00e3o, em qualquer lugar da cidade e tomam o carro. Est\u00e1 cada vez mais perigoso&#8221;, disse.<\/p>\n<p>No Anu\u00e1rio, feito pelo F\u00f3rum Brasileiro de Seguran\u00e7a e que re\u00fane dados criminais do Pa\u00eds, referente a 2015 e 2016, a taxa de roubo, calculada a partir da propor\u00e7\u00e3o de um furto ou roubo para cada 100 mil ve\u00edculos, aumentou 47%. O percentual menor que o aumento de ocorr\u00eancias se deve ao fato de a frota ter crescido mais que os roubos ou furtos.<\/p>\n<p><strong>Sem hora nem lugar<\/strong><\/p>\n<p>As dificuldades impostas pela tecnologia para levar carros ou motos sem enfrentamento com o propriet\u00e1rio fez com que o ladr\u00e3o desse tipo de bem deixasse de ser um agente discreto, se tornando audacioso e perigoso.<\/p>\n<p>Com isso, n\u00e3o existe mais aquela tese de que \u00e9 preciso o ve\u00edculo estar em local deserto ou escuro para que o crime aconte\u00e7a. Agora, n\u00e3o h\u00e1 mais situa\u00e7\u00e3o que favore\u00e7a ou desfavore\u00e7a a a\u00e7\u00e3o do bandido. Pior para os cidad\u00e3os de bem.<\/p>\n<p>O delegado Get\u00falio Machado lembrou que o alerta de n\u00e3o reagir \u00e9 cada vez mais necess\u00e1rio, nessa modalidade de crime.<\/p>\n<p>\u201cComo os bandidos sabem que n\u00e3o tem outra alternativa a n\u00e3o ser render o propriet\u00e1rio, acabou essa hist\u00f3ria de lugar seguro. Eles agora chegam em qualquer lugar, de prefer\u00eancia no meio da rua, onde h\u00e1 a variedade de ve\u00edculos que procuram. Metem a arma na cara da v\u00edtima e levam. O que temos dito de forma insistente \u00e9 \u2018N\u00e3o reaja! N\u00e3o reaja!\u201d, alertou.<\/p>\n<p>O construtor Washington Suassuna foi v\u00edtima de um roubo, nessas circunst\u00e2ncias. \u201cEu havia sa\u00eddo de uma obra e estava indo para a outra quando foi abordado por dois homens, a p\u00e9, que sa\u00edram do acostamento e se colocaram na frente do carro, um deles com uma pistola na m\u00e3o, me obrigando a parar. A \u00fanica coisa que deu tempo de fazer foi descer do carro. Embora eles estivessem calmos, s\u00f3 passou o pior em minha cabe\u00e7a. Pensei em meus filhos, minha fam\u00edlia. Gra\u00e7as a Deus n\u00e3o fizeram nada comigo\u201d, lembrou. Dizendo-se agraciado com uma b\u00ean\u00e7\u00e3o, o construtor recuperou o ve\u00edculo meses depois. Estava com placas clonadas e sendo usado por um morador de Natal (RN).<\/p>\n<p><strong>CARIRI EM A\u00c7\u00c3O<\/strong><\/p>\n<p><em>Com correiodaparaiba\/Foto:Rafael Passos<\/em><\/p>\n<p><strong>Leia mais not\u00edcias em\u00a0<\/strong><a href=\"http:\/\/www.caririemacao.com\/\"><strong>caririemacao.com<\/strong><\/a><strong>, siga nossa p\u00e1gina no\u00a0<\/strong><a href=\"https:\/\/www.facebook.com\/CaririEmAcao\/?ref=aymt_homepage_panel\"><strong>Facebook<\/strong><\/a>,<strong>\u00a0<\/strong><a href=\"https:\/\/www.instagram.com\/cariri_em_acao\/?hl=pt-br\"><strong>Instagram<\/strong><\/a><strong>\u00a0e <\/strong><a href=\"https:\/\/www.youtube.com\/channel\/UCAptA0jQuYQy8vMhLt2m4qg\"><strong>Youtube<\/strong><\/a><strong>\u00a0e veja nossas mat\u00e9rias, v\u00eddeos e fotos. Voc\u00ea tamb\u00e9m pode enviar informa\u00e7\u00f5es \u00e0 Reda\u00e7\u00e3o do Portal Cariri em A\u00e7\u00e3o pelo WhatsApp (83) 9 9634.5791, (83) 9 9601-1162.<\/strong><\/p>\n","protected":false},"excerpt":{"rendered":"<p>Treze ve\u00edculos s\u00e3o roubados por dia na Para\u00edba, de acordo com o 11\u00ba Anu\u00e1rio Brasileiro de Seguran\u00e7a P\u00fablica, com dados do ano passado, computados junto&hellip; <\/p>\n","protected":false},"author":2,"featured_media":32465,"comment_status":"closed","ping_status":"closed","sticky":false,"template":"","format":"standard","meta":{"sfsi_plus_gutenberg_text_before_share":"","sfsi_plus_gutenberg_show_text_before_share":"","sfsi_plus_gutenberg_icon_type":"","sfsi_plus_gutenberg_icon_alignemt":"","sfsi_plus_gutenburg_max_per_row":"","footnotes":""},"categories":[12],"tags":[],"class_list":["post-32464","post","type-post","status-publish","format-standard","has-post-thumbnail","hentry","category-policia"],"_links":{"self":[{"href":"https:\/\/www.caririemacao.com\/1\/wp-json\/wp\/v2\/posts\/32464","targetHints":{"allow":["GET"]}}],"collection":[{"href":"https:\/\/www.caririemacao.com\/1\/wp-json\/wp\/v2\/posts"}],"about":[{"href":"https:\/\/www.caririemacao.com\/1\/wp-json\/wp\/v2\/types\/post"}],"author":[{"embeddable":true,"href":"https:\/\/www.caririemacao.com\/1\/wp-json\/wp\/v2\/users\/2"}],"replies":[{"embeddable":true,"href":"https:\/\/www.caririemacao.com\/1\/wp-json\/wp\/v2\/comments?post=32464"}],"version-history":[{"count":0,"href":"https:\/\/www.caririemacao.com\/1\/wp-json\/wp\/v2\/posts\/32464\/revisions"}],"wp:featuredmedia":[{"embeddable":true,"href":"https:\/\/www.caririemacao.com\/1\/wp-json\/wp\/v2\/media\/32465"}],"wp:attachment":[{"href":"https:\/\/www.caririemacao.com\/1\/wp-json\/wp\/v2\/media?parent=32464"}],"wp:term":[{"taxonomy":"category","embeddable":true,"href":"https:\/\/www.caririemacao.com\/1\/wp-json\/wp\/v2\/categories?post=32464"},{"taxonomy":"post_tag","embeddable":true,"href":"https:\/\/www.caririemacao.com\/1\/wp-json\/wp\/v2\/tags?post=32464"}],"curies":[{"name":"wp","href":"https:\/\/api.w.org\/{rel}","templated":true}]}}