{"id":32467,"date":"2017-11-05T12:30:47","date_gmt":"2017-11-05T15:30:47","guid":{"rendered":"http:\/\/caririemacao.com\/1\/?p=32467"},"modified":"2017-11-05T12:30:47","modified_gmt":"2017-11-05T15:30:47","slug":"camara-debate-proibicao-de-enfermeiros-fazerem-diagnosticos-e-pedirem-exames","status":"publish","type":"post","link":"https:\/\/www.caririemacao.com\/1\/2017\/11\/05\/camara-debate-proibicao-de-enfermeiros-fazerem-diagnosticos-e-pedirem-exames\/","title":{"rendered":"C\u00e2mara debate proibi\u00e7\u00e3o de enfermeiros fazerem diagn\u00f3sticos e pedirem exames"},"content":{"rendered":"<p>A Comiss\u00e3o de Trabalho, de Administra\u00e7\u00e3o e Servi\u00e7o P\u00fablico da C\u00e2mara dos Deputados promove, nesta ter\u00e7a-feira (7), audi\u00eancia p\u00fablica para discutir a decis\u00e3o judicial que proibiu enfermeiros de fazerem diagn\u00f3sticos e solicitarem exames.<\/p>\n<p>A possibilidade desse tipo de atendimento dos enfermeiros foi estabelecida por uma portaria de 2011 do Minist\u00e9rio da Sa\u00fade (Portaria 2.488\/2011) nos servi\u00e7os de aten\u00e7\u00e3o b\u00e1sica. A suspens\u00e3o da portaria foi requerida na Justi\u00e7a pelo Conselho Federal de Medicina, que defende exclusividade dos m\u00e9dicos para algumas atribui\u00e7\u00f5es. A decis\u00e3o favor\u00e1vel ocorreu no dia 27 de setembro e foi contestada pelos enfermeiros.<\/p>\n<p>A audi\u00eancia foi proposta na tentativa de mediar um acordo entre m\u00e9dicos e enfermeiros, e deve ter in\u00edcio \u00e0s 9h30, no plen\u00e1rio 12 das comiss\u00f5es.<\/p>\n<p><strong>CARIRI EM A\u00c7\u00c3O<\/strong><\/p>\n<p><em>Com Ag\u00eancia C\u00e2mara \/Foto: Google\u00a0\u00a0 <\/em><\/p>\n<p><strong>Leia mais not\u00edcias em\u00a0<\/strong><a href=\"http:\/\/www.caririemacao.com\/\"><strong>caririemacao.com<\/strong><\/a><strong>, siga nossa p\u00e1gina no\u00a0<\/strong><a href=\"https:\/\/www.facebook.com\/CaririEmAcao\/?ref=aymt_homepage_panel\"><strong>Facebook<\/strong><\/a>,<strong>\u00a0<\/strong><a href=\"https:\/\/www.instagram.com\/cariri_em_acao\/?hl=pt-br\"><strong>Instagram<\/strong><\/a><strong>\u00a0e <\/strong><a href=\"https:\/\/www.youtube.com\/channel\/UCAptA0jQuYQy8vMhLt2m4qg\"><strong>Youtube<\/strong><\/a><strong>\u00a0e veja nossas mat\u00e9rias, v\u00eddeos e fotos. Voc\u00ea tamb\u00e9m pode enviar informa\u00e7\u00f5es \u00e0 Reda\u00e7\u00e3o do Portal Cariri em A\u00e7\u00e3o pelo WhatsApp (83) 9 9634.5791, (83) 9 9601-1162.<\/strong><\/p>\n","protected":false},"excerpt":{"rendered":"<p>A Comiss\u00e3o de Trabalho, de Administra\u00e7\u00e3o e Servi\u00e7o P\u00fablico da C\u00e2mara dos Deputados promove, nesta ter\u00e7a-feira (7), audi\u00eancia p\u00fablica para discutir a decis\u00e3o judicial que&hellip; <\/p>\n","protected":false},"author":2,"featured_media":32048,"comment_status":"closed","ping_status":"closed","sticky":false,"template":"","format":"standard","meta":{"sfsi_plus_gutenberg_text_before_share":"","sfsi_plus_gutenberg_show_text_before_share":"","sfsi_plus_gutenberg_icon_type":"","sfsi_plus_gutenberg_icon_alignemt":"","sfsi_plus_gutenburg_max_per_row":"","footnotes":""},"categories":[11],"tags":[],"class_list":["post-32467","post","type-post","status-publish","format-standard","has-post-thumbnail","hentry","category-politica"],"_links":{"self":[{"href":"https:\/\/www.caririemacao.com\/1\/wp-json\/wp\/v2\/posts\/32467","targetHints":{"allow":["GET"]}}],"collection":[{"href":"https:\/\/www.caririemacao.com\/1\/wp-json\/wp\/v2\/posts"}],"about":[{"href":"https:\/\/www.caririemacao.com\/1\/wp-json\/wp\/v2\/types\/post"}],"author":[{"embeddable":true,"href":"https:\/\/www.caririemacao.com\/1\/wp-json\/wp\/v2\/users\/2"}],"replies":[{"embeddable":true,"href":"https:\/\/www.caririemacao.com\/1\/wp-json\/wp\/v2\/comments?post=32467"}],"version-history":[{"count":0,"href":"https:\/\/www.caririemacao.com\/1\/wp-json\/wp\/v2\/posts\/32467\/revisions"}],"wp:featuredmedia":[{"embeddable":true,"href":"https:\/\/www.caririemacao.com\/1\/wp-json\/wp\/v2\/media\/32048"}],"wp:attachment":[{"href":"https:\/\/www.caririemacao.com\/1\/wp-json\/wp\/v2\/media?parent=32467"}],"wp:term":[{"taxonomy":"category","embeddable":true,"href":"https:\/\/www.caririemacao.com\/1\/wp-json\/wp\/v2\/categories?post=32467"},{"taxonomy":"post_tag","embeddable":true,"href":"https:\/\/www.caririemacao.com\/1\/wp-json\/wp\/v2\/tags?post=32467"}],"curies":[{"name":"wp","href":"https:\/\/api.w.org\/{rel}","templated":true}]}}