{"id":32481,"date":"2017-11-05T12:59:48","date_gmt":"2017-11-05T15:59:48","guid":{"rendered":"http:\/\/caririemacao.com\/1\/?p=32481"},"modified":"2017-11-05T12:59:48","modified_gmt":"2017-11-05T15:59:48","slug":"fhc-pede-psdb-fora-do-governo-temer-e-diz-que-lula-deve-ser-candidato","status":"publish","type":"post","link":"https:\/\/www.caririemacao.com\/1\/2017\/11\/05\/fhc-pede-psdb-fora-do-governo-temer-e-diz-que-lula-deve-ser-candidato\/","title":{"rendered":"FHC pede PSDB fora do Governo Temer e diz que Lula deve ser candidato"},"content":{"rendered":"<p>Em seu artigo mensal, o ex-presidente Fernando Henrique Cardoso, or\u00e1culo da centro-direita brasileira, pede que o PSDB desembarque do governo de Michel Temer \u2013 que ele chamava de &#8220;pinguela&#8221; e que se mostrou desastroso em todos os aspectos: tanto econ\u00f4mico, como moral.<\/p>\n<p>&#8220;Ou o PSDB desembarca do governo na Conven\u00e7\u00e3o de dezembro pr\u00f3ximo, e reafirma que continuar\u00e1 votando pelas reformas, ou sua confus\u00e3o com o peemedebismo dominante o tornar\u00e1 coadjuvante na briga sucess\u00f3ria&#8221;, diz ele.<\/p>\n<p>Ressentido em rela\u00e7\u00e3o ao ex-presidente Lula, FHC prev\u00ea sua candidatura, mas tamb\u00e9m sua derrota; &#8220;Melhor \u00e9 supor que Lula dispute as pr\u00f3ximas elei\u00e7\u00f5es. Suas chances de vit\u00f3ria n\u00e3o s\u00e3o grandes&#8221;, afirma.<\/p>\n<p>Confira abaixo:<\/p>\n<p><em><strong>&#8216;Hora de decidir<\/strong><\/em><\/p>\n<p><em>Fernando Henrique Cardoso<\/em><\/p>\n<p><em>Depois da segunda nega\u00e7\u00e3o pela C\u00e2mara de abertura de inqu\u00e9rito para investigar o presidente da Rep\u00fablica, \u00e9 de se presumir que este cap\u00edtulo esteja encerrado. Independentemente do ju\u00edzo sobre o acerto da decis\u00e3o da C\u00e2mara, a opini\u00e3o p\u00fablica cansou do tema.<\/em><\/p>\n<p><em>As pesquisas parecem apontar nessa dire\u00e7\u00e3o e indicam certo ceticismo sobre os resultados da Lava-Jato e de outras opera\u00e7\u00f5es de investiga\u00e7\u00e3o, que, n\u00e3o obstante, continuam a contar com o apoio da sociedade.<\/em><\/p>\n<p><em>O clima \u00e9 de descren\u00e7a e des\u00e2nimo. Sendo assim, olhemos para o cotidiano e suas agruras.<\/em><\/p>\n<p><em>O governo se esfor\u00e7a para demonstrar que a economia est\u00e1 melhorando. Os dados confirmam a tend\u00eancia, a m\u00eddia repercute, e o povo, como disse Aristides Lobo quando da Proclama\u00e7\u00e3o da Rep\u00fablica, \u201cassiste bestificado\u201d ao que ocorre.<\/em><\/p>\n<p><em>N\u00e3o nos iludamos, por\u00e9m. Nas sociedades atuais, com a m\u00eddia social em constante evolu\u00e7\u00e3o, um fio desencapado pode reavivar velhos rancores e esperan\u00e7as. S\u00f3 que isso \u00e9 imprevis\u00edvel.<\/em><\/p>\n<p><em>Melhor, portanto, nos concentrarmos no que \u00e9 prov\u00e1vel que aconte\u00e7a: as vistas pol\u00edticas se voltar\u00e3o para as elei\u00e7\u00f5es de 2018. At\u00e9 l\u00e1, por mais alguns meses pelo menos, a pauta das reformas, por desnaturadas que sejam, continuar\u00e1 a ser importante, ocupar\u00e1 os partidos, a m\u00eddia e a opini\u00e3o interessada. Assim como a carruagem da economia continuar\u00e1 a andar e embalar\u00e1 as discuss\u00f5es dos que dela entendem ou pensam entender.<\/em><\/p>\n<p><em>O povo, olhando de soslaio, verificar\u00e1 se a melhora proclamada bate em seu bolso e em suas expectativas.<\/em><\/p>\n<p><em>N\u00e3o nos enganemos: por mais que as estruturas de poder continuem ativas, as marcas do que aconteceu nos \u00faltimos anos ser\u00e3o grilh\u00f5es nos p\u00e9s de partidos e candidaturas.<\/em><\/p>\n<p><em>Nem o PT se livrar\u00e1 dos muitos malfeitos que cometeu e das ilus\u00f5es que enterrou, nem o PMDB sacudir\u00e1 a poeira de haver formado parte n\u00e3o s\u00f3 da onda petista como de seus descaminhos, nem o PSDB deixar\u00e1 de pagar por ter dado a m\u00e3o ao governo Temer e de t\u00eala chamuscado por inqu\u00e9ritos.<\/em><\/p>\n<p><em>Falo dos principais, mas a hist\u00f3ria dos demais n\u00e3o \u00e9 muito diferente da percorrida pelos maiores partidos.Apenas os mais radicais, posi\u00e7\u00e3o que antes era dom\u00ednio exclusivo da extrema esquerda e hoje \u00e9 disputada pela extrema direita, talvez possam dizer: desta \u00e1gua eu n\u00e3o bebi!<\/em><\/p>\n<p><em>Argumentos h\u00e1 para defender os que se juntaram no impeachment ao governo petista, como os h\u00e1 para os que apoiaram o intermezzo peemedebista. Melhor manter a coer\u00eancia e sustentar as raz\u00f5es do apoio a ambos.<\/em><\/p>\n<p><em>Daqui por diante, contudo, o cap\u00edtulo \u00e9 o futuro. \u00c9 diante dele que os partidos ter\u00e3o que se posicionar.<\/em><\/p>\n<p><em>Falemos claramente: o PT est\u00e1 com a sorte colada \u00e0 de Lula, a qual est\u00e1 nas m\u00e3os da Justi\u00e7a. N\u00e3o tor\u00e7o pela desgra\u00e7a alheia. N\u00e3o sou juiz, n\u00e3o quero e n\u00e3o devo opinar na mat\u00e9ria. Melhor \u00e9 supor que Lula dispute as pr\u00f3ximas elei\u00e7\u00f5es. Suas chances de vit\u00f3ria n\u00e3o s\u00e3o grandes.<\/em><\/p>\n<p><em>Derrotei Lula duas vezes quando ele j\u00e1 era um l\u00edder partid\u00e1rio de massas. Por que ganhei? Porque Lula e seu partido se isolaram no que imaginavam ser a classe trabalhadora, com seus porta-vozes intelectuais.<\/em><\/p>\n<p><em>Quando Lula ganhou minha sucess\u00e3o foi porque ele e seu partido, com a Carta aos Brasileiros e outras a\u00e7\u00f5es mais, se aproximaram da classe m\u00e9dia e sa\u00edram do gueto, alargando sua base de apoio original.<\/em><\/p>\n<p><em>Desenhada a vit\u00f3ria e alcan\u00e7ado o poder, o establishment se juntou aos vitoriosos, sem temor de ser prejudicado.<\/em><\/p>\n<p><em>Hoje, Lula e seu partido voltaram para suas trincheiras originais. Incomodando sua sucessora, tentar\u00e3o relembrar os dias gloriosos da bonan\u00e7a econ\u00f4mica para que o eleitorado se esque\u00e7a dos esc\u00e2ndalos de corrup\u00e7\u00e3o, das desventuras a que levaram a sociedade e da recess\u00e3o que produziram na economia.<\/em><\/p>\n<p><em>S\u00e3o competidores, portanto, derrot\u00e1veis. A depender, como sempre em elei\u00e7\u00f5es, de saber que partidos el\u00edderes formar\u00e3o os \u201coutros lados\u201d. Nestes poder\u00e3o estar os que jogam \u201cpor fora\u201d dos grandes partidos, como Marina e, em sentido menos aut\u00eantico e mais costumeiro, candidaturas \u201ciradas\u201d, tipo Ciro Gomes.<\/em><\/p>\n<p><em>S\u00f3 que no momento desponta outra candidatura ainda mais \u201cirada\u201d e mais definida no espectro pol\u00edtico, a de Bolsonaro. Dele sabemos que \u00e9 \u201clinha-dura\u201d contra a desordem e a bandidagem, mas pouco se sabe \u2014ao contr\u00e1rio de Marina \u2014 sobre o tipo de sociedade de seus sonhos (e meus pesadelos&#8230;).<\/em><\/p>\n<p><em>Pode surgir um easy rider? Pode. Mas \u00e9 preciso esperar para ver.<\/em><\/p>\n<p><em>Sobra avaliar qual partido mais pode apresentar candidaturas v\u00e1lidas.<\/em><\/p>\n<p><em>O PMDB faz tempo que maneja o Congresso e sabe imiscuir-se na m\u00e1quina p\u00fablica, mas n\u00e3o parece ser um time pronto a disputar a pole position.<\/em><\/p>\n<p><em>O DEM, o PSB ou o PSD e os demais n\u00e3o t\u00eam nomes fortes para a cabe\u00e7a de chapa, embora possam pesar se ingressarem em um conglomerado que seja \u201ccentrista\u201d, mas olhe \u00e0 esquerda, por mais que tal gin\u00e1stica custe a alguns deles.<\/em><\/p>\n<p><em>E o PSDB?<\/em><\/p>\n<p><em>Pode apresentar algum nome competitivo. Mas precisa passar a limpo o passado recente.<\/em><\/p>\n<p><em>Deveria prosseguir no meaculpa apresentado na televis\u00e3o sob os ausp\u00edcios de Tasso Jereissati, sem deixar de dar a considera\u00e7\u00e3o a quem quase o levou \u00e0 Presid\u00eancia.<\/em><\/p>\n<p><em>\u00c9 hora de decidir e n\u00e3o de se estiolar em \u201cn\u00e3o decis\u00f5es\u201d.<\/em><\/p>\n<p><em>\u00c9 hora tamb\u00e9m de juntar as fac\u00e7\u00f5es internas e centrar fogo nos advers\u00e1rios externos.<\/em><\/p>\n<p><em>N\u00e3o h\u00e1 como negar o apoio dado ao governo atual. A transi\u00e7\u00e3o pol\u00edtica exigia repor em marcha o governo federal, o que foi feito em \u00e1reas significativas.<\/em><\/p>\n<p><em>Politicamente, contudo, h\u00e1 um ponto cr\u00edtico e alguma decis\u00e3o dever\u00e1 ser tomada: ou o PSDB desembarca do governo na Conven\u00e7\u00e3o de dezembro pr\u00f3ximo, e reafirma que continuar\u00e1 votando pelas reformas, ou sua confus\u00e3o com o peemedebismo dominante o tornar\u00e1 coadjuvante na briga sucess\u00f3ria.<\/em><\/p>\n<p><em>Ter\u00e1 cara renovada em 2018? Os cabelos n\u00e3o precisam ser tingidos, mas a alma deve ser nova, para que a coliga\u00e7\u00e3o que formar ganhe credibilidade e possa virar a p\u00e1gina dos desastres recentes.&#8217;<\/em><\/p>\n<p><strong>CARIRI EM A\u00c7\u00c3O<\/strong><\/p>\n<p><em>Com Brasil 247\/Foto: Google\u00a0\u00a0 <\/em><\/p>\n<p><strong>Leia mais not\u00edcias em\u00a0<\/strong><a href=\"http:\/\/www.caririemacao.com\/\"><strong>caririemacao.com<\/strong><\/a><strong>, siga nossa p\u00e1gina no\u00a0<\/strong><a href=\"https:\/\/www.facebook.com\/CaririEmAcao\/?ref=aymt_homepage_panel\"><strong>Facebook<\/strong><\/a>,<strong>\u00a0<\/strong><a href=\"https:\/\/www.instagram.com\/cariri_em_acao\/?hl=pt-br\"><strong>Instagram<\/strong><\/a><strong>\u00a0e <\/strong><a href=\"https:\/\/www.youtube.com\/channel\/UCAptA0jQuYQy8vMhLt2m4qg\"><strong>Youtube<\/strong><\/a><strong>\u00a0e veja nossas mat\u00e9rias, v\u00eddeos e fotos. Voc\u00ea tamb\u00e9m pode enviar informa\u00e7\u00f5es \u00e0 Reda\u00e7\u00e3o do Portal Cariri em A\u00e7\u00e3o pelo WhatsApp (83) 9 9634.5791, (83) 9 9601-1162.<\/strong><\/p>\n","protected":false},"excerpt":{"rendered":"<p>Em seu artigo mensal, o ex-presidente Fernando Henrique Cardoso, or\u00e1culo da centro-direita brasileira, pede que o PSDB desembarque do governo de Michel Temer \u2013 que&hellip; <\/p>\n","protected":false},"author":2,"featured_media":32482,"comment_status":"closed","ping_status":"closed","sticky":false,"template":"","format":"standard","meta":{"sfsi_plus_gutenberg_text_before_share":"","sfsi_plus_gutenberg_show_text_before_share":"","sfsi_plus_gutenberg_icon_type":"","sfsi_plus_gutenberg_icon_alignemt":"","sfsi_plus_gutenburg_max_per_row":"","footnotes":""},"categories":[11],"tags":[],"class_list":["post-32481","post","type-post","status-publish","format-standard","has-post-thumbnail","hentry","category-politica"],"_links":{"self":[{"href":"https:\/\/www.caririemacao.com\/1\/wp-json\/wp\/v2\/posts\/32481","targetHints":{"allow":["GET"]}}],"collection":[{"href":"https:\/\/www.caririemacao.com\/1\/wp-json\/wp\/v2\/posts"}],"about":[{"href":"https:\/\/www.caririemacao.com\/1\/wp-json\/wp\/v2\/types\/post"}],"author":[{"embeddable":true,"href":"https:\/\/www.caririemacao.com\/1\/wp-json\/wp\/v2\/users\/2"}],"replies":[{"embeddable":true,"href":"https:\/\/www.caririemacao.com\/1\/wp-json\/wp\/v2\/comments?post=32481"}],"version-history":[{"count":0,"href":"https:\/\/www.caririemacao.com\/1\/wp-json\/wp\/v2\/posts\/32481\/revisions"}],"wp:featuredmedia":[{"embeddable":true,"href":"https:\/\/www.caririemacao.com\/1\/wp-json\/wp\/v2\/media\/32482"}],"wp:attachment":[{"href":"https:\/\/www.caririemacao.com\/1\/wp-json\/wp\/v2\/media?parent=32481"}],"wp:term":[{"taxonomy":"category","embeddable":true,"href":"https:\/\/www.caririemacao.com\/1\/wp-json\/wp\/v2\/categories?post=32481"},{"taxonomy":"post_tag","embeddable":true,"href":"https:\/\/www.caririemacao.com\/1\/wp-json\/wp\/v2\/tags?post=32481"}],"curies":[{"name":"wp","href":"https:\/\/api.w.org\/{rel}","templated":true}]}}