{"id":32543,"date":"2017-11-06T10:38:26","date_gmt":"2017-11-06T13:38:26","guid":{"rendered":"http:\/\/caririemacao.com\/1\/?p=32543"},"modified":"2017-11-06T10:38:26","modified_gmt":"2017-11-06T13:38:26","slug":"terminam-nesta-segunda-as-inscricoes-para-33-mil-vagas-em-cursos-tecnicos-do-ifpb","status":"publish","type":"post","link":"https:\/\/www.caririemacao.com\/1\/2017\/11\/06\/terminam-nesta-segunda-as-inscricoes-para-33-mil-vagas-em-cursos-tecnicos-do-ifpb\/","title":{"rendered":"Terminam nesta segunda as inscri\u00e7\u00f5es para 3,3 mil vagas em cursos t\u00e9cnicos do IFPB"},"content":{"rendered":"<p>Terminam, nesta segunda-feira (6), as inscri\u00e7\u00f5es do Processo Seletivo para os Cursos T\u00e9cnicos (PSCT) do Instituto Federal da Para\u00edba (IFPB). A inscri\u00e7\u00e3o \u00e9 gratuita e deve ser feita pelo site da institui\u00e7\u00e3o.<\/p>\n<p>No total, s\u00e3o ofertadas 3.355 vagas em 20 campi. S\u00e3o 1.735 vagas para os cursos t\u00e9cnicos integrados ao ensino m\u00e9dio e 1.620 vagas para o t\u00e9cnico subsequente. As vagas do Integrado s\u00e3o para quem est\u00e1 concluindo ou concluiu o ensino fundamental, j\u00e1 o subsequente \u00e9 destinado a quem terminou o ensino m\u00e9dio.<\/p>\n<p>H\u00e1 vagas nos campi Cabedelo, Cabedelo Centro, Campina Grande, Cajazeiras, Catol\u00e9 do Rocha, Esperan\u00e7a, Guarabira, Itabaiana, Itaporanga, Jo\u00e3o Pessoa, Monteiro, Patos, Picu\u00ed, Princesa Isabel, Santa Rita, Sousa, Areia, JP\/Mangabeira, Santa Luzia e Soledade. Os detalhes sobre a sele\u00e7\u00e3o e as vagas est\u00e3o nos editais, juntamente com os links para ter acesso \u00e0 inscri\u00e7\u00e3o.<\/p>\n<p>Os cursos ofertados s\u00e3o: Automa\u00e7\u00e3o Industrial, Controle Ambiental, Contabilidade, Seguran\u00e7a no Trabalho, Geologia, Agroind\u00fastria, Recursos Pesqueiros, Multim\u00eddia, Inform\u00e1tica, Minera\u00e7\u00e3o, Petr\u00f3leo e G\u00e1s, Qu\u00edmica, Edifica\u00e7\u00f5es, Servi\u00e7os de Restaurante e Bar, Meio Ambiente, Servi\u00e7os Jur\u00eddicos, Transa\u00e7\u00f5es Imobili\u00e1rias, Guia de Turismo, Eletromec\u00e2nica, Manuten\u00e7\u00e3o e Suporte em Inform\u00e1tica, Eletr\u00f4nica, Equipamentos Biom\u00e9dicos, Secretariado, Mec\u00e2nica, Eletrot\u00e9cnica, Instrumento Musical, Eletr\u00f4nica, Cuidados de Idosos e Agropecu\u00e1ria.<\/p>\n<p>Metade das vagas \u00e9 reservada para quem estudou o ensino fundamental em rede p\u00fablica. Nesse grupo, h\u00e1 reserva de 50% para pessoas negras, pardas e ind\u00edgenas. Dentre os egressos da rede p\u00fablica de ensino, metade das vagas \u00e9 reservada para quem tem renda familiar per capita mensal de at\u00e9 1,5 sal\u00e1rio m\u00ednimo.<\/p>\n<p>Em todos os cursos, h\u00e1 cota para pessoas com defici\u00eancia e no Campus Sousa para assentados da reforma agr\u00e1ria.<\/p>\n<p><strong>CARIRI EM A\u00c7\u00c3O<\/strong><\/p>\n<p><em>Com Portal Correio\/Foto: Google\u00a0\u00a0 <\/em><\/p>\n<p><strong>Leia mais not\u00edcias em\u00a0<\/strong><a href=\"http:\/\/www.caririemacao.com\/\"><strong>caririemacao.com<\/strong><\/a><strong>, siga nossa p\u00e1gina no\u00a0<\/strong><a href=\"https:\/\/www.facebook.com\/CaririEmAcao\/?ref=aymt_homepage_panel\"><strong>Facebook<\/strong><\/a>,<strong>\u00a0<\/strong><a href=\"https:\/\/www.instagram.com\/cariri_em_acao\/?hl=pt-br\"><strong>Instagram<\/strong><\/a><strong>\u00a0e <\/strong><a href=\"https:\/\/www.youtube.com\/channel\/UCAptA0jQuYQy8vMhLt2m4qg\"><strong>Youtube<\/strong><\/a><strong>\u00a0e veja nossas mat\u00e9rias, v\u00eddeos e fotos. Voc\u00ea tamb\u00e9m pode enviar informa\u00e7\u00f5es \u00e0 Reda\u00e7\u00e3o do Portal Cariri em A\u00e7\u00e3o pelo WhatsApp (83) 9 9634.5791, (83) 9 9601-1162.<\/strong><\/p>\n","protected":false},"excerpt":{"rendered":"<p>Terminam, nesta segunda-feira (6), as inscri\u00e7\u00f5es do Processo Seletivo para os Cursos T\u00e9cnicos (PSCT) do Instituto Federal da Para\u00edba (IFPB). A inscri\u00e7\u00e3o \u00e9 gratuita e&hellip; <\/p>\n","protected":false},"author":2,"featured_media":32544,"comment_status":"closed","ping_status":"closed","sticky":false,"template":"","format":"standard","meta":{"sfsi_plus_gutenberg_text_before_share":"","sfsi_plus_gutenberg_show_text_before_share":"","sfsi_plus_gutenberg_icon_type":"","sfsi_plus_gutenberg_icon_alignemt":"","sfsi_plus_gutenburg_max_per_row":"","footnotes":""},"categories":[2],"tags":[],"class_list":["post-32543","post","type-post","status-publish","format-standard","has-post-thumbnail","hentry","category-geral"],"_links":{"self":[{"href":"https:\/\/www.caririemacao.com\/1\/wp-json\/wp\/v2\/posts\/32543","targetHints":{"allow":["GET"]}}],"collection":[{"href":"https:\/\/www.caririemacao.com\/1\/wp-json\/wp\/v2\/posts"}],"about":[{"href":"https:\/\/www.caririemacao.com\/1\/wp-json\/wp\/v2\/types\/post"}],"author":[{"embeddable":true,"href":"https:\/\/www.caririemacao.com\/1\/wp-json\/wp\/v2\/users\/2"}],"replies":[{"embeddable":true,"href":"https:\/\/www.caririemacao.com\/1\/wp-json\/wp\/v2\/comments?post=32543"}],"version-history":[{"count":0,"href":"https:\/\/www.caririemacao.com\/1\/wp-json\/wp\/v2\/posts\/32543\/revisions"}],"wp:featuredmedia":[{"embeddable":true,"href":"https:\/\/www.caririemacao.com\/1\/wp-json\/wp\/v2\/media\/32544"}],"wp:attachment":[{"href":"https:\/\/www.caririemacao.com\/1\/wp-json\/wp\/v2\/media?parent=32543"}],"wp:term":[{"taxonomy":"category","embeddable":true,"href":"https:\/\/www.caririemacao.com\/1\/wp-json\/wp\/v2\/categories?post=32543"},{"taxonomy":"post_tag","embeddable":true,"href":"https:\/\/www.caririemacao.com\/1\/wp-json\/wp\/v2\/tags?post=32543"}],"curies":[{"name":"wp","href":"https:\/\/api.w.org\/{rel}","templated":true}]}}