{"id":32549,"date":"2017-11-06T10:52:28","date_gmt":"2017-11-06T13:52:28","guid":{"rendered":"http:\/\/caririemacao.com\/1\/?p=32549"},"modified":"2017-11-06T10:52:28","modified_gmt":"2017-11-06T13:52:28","slug":"presidente-da-assembleia-nega-conflito-entre-psb-e-pdt","status":"publish","type":"post","link":"https:\/\/www.caririemacao.com\/1\/2017\/11\/06\/presidente-da-assembleia-nega-conflito-entre-psb-e-pdt\/","title":{"rendered":"Presidente da Assembleia nega conflito entre PSB e PDT"},"content":{"rendered":"<p class=\"western\">O presidente da Assembleia Legislativa, deputado Gerv\u00e1sio Maia negou que esteja havendo conflito de interesses entre o PSB e o PDT para as elei\u00e7\u00f5es de 2018. Ele atribui \u00e0 oposi\u00e7\u00e3o os boatos de desaven\u00e7as entre o governador do Estado, Ricardo Coutinho, a vice-governadora, L\u00edgia Feliciano e o esposo dela, o presidente estadual do PDT, deputado federal, Dami\u00e3o Feliciano.<\/p>\n<p class=\"western\">\u201cL\u00edgia tem sido uma pessoa muito importante nessa engrenagem tanto quanto o deputado Dami\u00e3o. Agora, a turma do lado de l\u00e1 fica alimentando a desuni\u00e3o, o desentendimento, mas n\u00f3s estamos juntos porque o nosso prop\u00f3sito, o nosso projeto \u00e9 o trabalho, \u00e9 o desenvolvimento da Para\u00edba e \u00e9 isso que todos est\u00e3o verificando\u201d, destacou.<\/p>\n<p class=\"western\">Gerv\u00e1sio tamb\u00e9m ressaltou a sua defesa em torno do nome do secret\u00e1rio Jo\u00e3o Azevedo para governador do Estado porque quer que o projeto do PSB continue e deseja que a Para\u00edba continue no ritmo de obras apresentado pelo governo, o que ser\u00e1 muito bom para o futuro do Estado.<\/p>\n<p class=\"western\">\u201cO ano que vem vai ser extremamente importante para nortear o futuro da Para\u00edba e eu vejo, em Jo\u00e3o um homem que tem todas as condi\u00e7\u00f5es para levar adiante o projeto do PSB. \u00c9 um homem s\u00e9rio, honesto, de palavra para tocar tudo isso\u201d, disse.<\/p>\n<p class=\"western\">Sobre o vice na chapa do PSB, Gerv\u00e1sio adiantou que isso vai depender muito das composi\u00e7\u00f5es com os partidos que est\u00e3o no arco das alian\u00e7as. \u201cN\u00f3s temos quatro vagas rumo ao senado contando com as supl\u00eancias e temos a vaga de vice , al\u00e9m das composi\u00e7\u00f5es que ser\u00e3o feitas na chapa proporcional, mas isso s\u00f3 o tempo vai poder mostrar com as proximidades das conven\u00e7\u00f5es e \u00e9 quando as coisas ser\u00e3o definidas\u201d, observou.<\/p>\n<p><strong>CARIRI EM A\u00c7\u00c3O<\/strong><\/p>\n<p><em>Com Para\u00edba\u00a0Online\/Foto:Google\u00a0\u00a0 <\/em><\/p>\n<p><strong>Leia mais not\u00edcias em\u00a0<\/strong><a href=\"http:\/\/www.caririemacao.com\/\"><strong>caririemacao.com<\/strong><\/a><strong>, siga nossa p\u00e1gina no\u00a0<\/strong><a href=\"https:\/\/www.facebook.com\/CaririEmAcao\/?ref=aymt_homepage_panel\"><strong>Facebook<\/strong><\/a>,<strong>\u00a0<\/strong><a href=\"https:\/\/www.instagram.com\/cariri_em_acao\/?hl=pt-br\"><strong>Instagram<\/strong><\/a><strong>\u00a0e <\/strong><a href=\"https:\/\/www.youtube.com\/channel\/UCAptA0jQuYQy8vMhLt2m4qg\"><strong>Youtube<\/strong><\/a><strong>\u00a0e veja nossas mat\u00e9rias, v\u00eddeos e fotos. Voc\u00ea tamb\u00e9m pode enviar informa\u00e7\u00f5es \u00e0 Reda\u00e7\u00e3o do Portal Cariri em A\u00e7\u00e3o pelo WhatsApp (83) 9 9634.5791, (83) 9 9601-1162.<\/strong><\/p>\n","protected":false},"excerpt":{"rendered":"<p>O presidente da Assembleia Legislativa, deputado Gerv\u00e1sio Maia negou que esteja havendo conflito de interesses entre o PSB e o PDT para as elei\u00e7\u00f5es de&hellip; <\/p>\n","protected":false},"author":2,"featured_media":17204,"comment_status":"closed","ping_status":"closed","sticky":false,"template":"","format":"standard","meta":{"sfsi_plus_gutenberg_text_before_share":"","sfsi_plus_gutenberg_show_text_before_share":"","sfsi_plus_gutenberg_icon_type":"","sfsi_plus_gutenberg_icon_alignemt":"","sfsi_plus_gutenburg_max_per_row":"","footnotes":""},"categories":[11],"tags":[],"class_list":["post-32549","post","type-post","status-publish","format-standard","has-post-thumbnail","hentry","category-politica"],"_links":{"self":[{"href":"https:\/\/www.caririemacao.com\/1\/wp-json\/wp\/v2\/posts\/32549","targetHints":{"allow":["GET"]}}],"collection":[{"href":"https:\/\/www.caririemacao.com\/1\/wp-json\/wp\/v2\/posts"}],"about":[{"href":"https:\/\/www.caririemacao.com\/1\/wp-json\/wp\/v2\/types\/post"}],"author":[{"embeddable":true,"href":"https:\/\/www.caririemacao.com\/1\/wp-json\/wp\/v2\/users\/2"}],"replies":[{"embeddable":true,"href":"https:\/\/www.caririemacao.com\/1\/wp-json\/wp\/v2\/comments?post=32549"}],"version-history":[{"count":0,"href":"https:\/\/www.caririemacao.com\/1\/wp-json\/wp\/v2\/posts\/32549\/revisions"}],"wp:featuredmedia":[{"embeddable":true,"href":"https:\/\/www.caririemacao.com\/1\/wp-json\/wp\/v2\/media\/17204"}],"wp:attachment":[{"href":"https:\/\/www.caririemacao.com\/1\/wp-json\/wp\/v2\/media?parent=32549"}],"wp:term":[{"taxonomy":"category","embeddable":true,"href":"https:\/\/www.caririemacao.com\/1\/wp-json\/wp\/v2\/categories?post=32549"},{"taxonomy":"post_tag","embeddable":true,"href":"https:\/\/www.caririemacao.com\/1\/wp-json\/wp\/v2\/tags?post=32549"}],"curies":[{"name":"wp","href":"https:\/\/api.w.org\/{rel}","templated":true}]}}