{"id":32551,"date":"2017-11-06T10:56:00","date_gmt":"2017-11-06T13:56:00","guid":{"rendered":"http:\/\/caririemacao.com\/1\/?p=32551"},"modified":"2017-11-06T10:56:36","modified_gmt":"2017-11-06T13:56:36","slug":"estudo-identifica-23-mil-fungos-e-bacterias-em-celulares-risco-vai-de-micoses-ate-infeccoes-respiratorias","status":"publish","type":"post","link":"https:\/\/www.caririemacao.com\/1\/2017\/11\/06\/estudo-identifica-23-mil-fungos-e-bacterias-em-celulares-risco-vai-de-micoses-ate-infeccoes-respiratorias\/","title":{"rendered":"Estudo identifica 23 mil fungos e bact\u00e9rias em celulares; risco vai de micoses at\u00e9 infec\u00e7\u00f5es respirat\u00f3rias"},"content":{"rendered":"<div class=\"mc-column content-media content-media--normal content-photo\" data-block-type=\"backstage-photo\">\n<div class=\"content-media__container\">\n<div class=\"content-media__description-centered \">\n<p class=\"content-media__description\">Um estudo feito com celulares identificou nos equipamentos a presen\u00e7a de at\u00e9 23 mil fungos e bact\u00e9rias que podem provocar doen\u00e7as como micoses, conjuntivite, intoxica\u00e7\u00f5es alimentares, al\u00e9m de infec\u00e7\u00f5es respirat\u00f3rias e urin\u00e1rias. A pesquisa da Devry Metrocamp, em Campinas (SP), alerta para a necessidade de limpeza dos produtos e indica quais s\u00e3o os grupos mais vulner\u00e1veis.<\/p>\n<\/div>\n<\/div>\n<\/div>\n<div class=\"mc-column content-text active-extra-styles \" data-block-type=\"unstyled\" data-block-weight=\"44\">\n<p class=\"content-text__container \" data-track-category=\"Link no Texto\" data-track-links=\"\">Durante a an\u00e1lise, foram usados 20 celulares, cinco tablets e as capas de prote\u00e7\u00e3o dos aparelhos, al\u00e9m de 12 teclados e respectivos mouses. Entre as 74 amostras, diz o estudo, o microorganismo predominante foi a bact\u00e9ria\u00a0<em>Staphylococcus aureus<\/em>, presente em 43% dos objetos avaliados.<\/p>\n<\/div>\n<div class=\"mc-column content-text active-extra-styles \" data-block-type=\"unstyled\" data-block-weight=\"32\">\n<p class=\"content-text__container \" data-track-category=\"Link no Texto\" data-track-links=\"\">O micro-organismo costuma estar associado \u00e0s infec\u00e7\u00f5es de pele, como fur\u00fanculo, al\u00e9m de abcessos e infec\u00e7\u00f5es das vias a\u00e9reas superiores, entre elas, otites e sinusites. Em alguns casos, pode causar at\u00e9 meningite.<\/p>\n<\/div>\n<div class=\"mc-column content-text active-extra-styles \" data-block-type=\"unstyled\" data-block-weight=\"14\">\n<p class=\"content-text__container \" data-track-category=\"Link no Texto\" data-track-links=\"\">Al\u00e9m disso, foram constatadas as presen\u00e7as de bolores e coliformes fecais nos telefones avaliados.<\/p>\n<p class=\"content-text__container \" data-track-category=\"Link no Texto\" data-track-links=\"\"><strong>O que pode ser feito?<\/strong><\/p>\n<\/div>\n<div class=\"mc-column content-text active-extra-styles \" data-block-type=\"unstyled\" data-block-weight=\"31\">\n<p class=\"content-text__container \" data-track-category=\"Link no Texto\" data-track-links=\"\">A especialista em biomedicina destaca que a contamina\u00e7\u00e3o n\u00e3o ocorre pelo uso do telefone e atribui o problema \u00e0 falta de higieniza\u00e7\u00e3o das m\u00e3os ap\u00f3s contato do usu\u00e1rio com o equipamento.<\/p>\n<p class=\"content-text__container \" data-track-category=\"Link no Texto\" data-track-links=\"\">Entre as outras formas de preven\u00e7\u00e3o contra as enfermidades, diz a pesquisa, est\u00e3o: uso do \u00e1lcool em gel, limpar os acess\u00f3rios com \u00e1lcool isoprop\u00edlico &#8211; que n\u00e3o danifica as partes el\u00e9tricas &#8211; e mant\u00ea-los em local seco e arejado.<\/p>\n<\/div>\n<div class=\"mc-column content-text active-extra-styles \" data-block-type=\"unstyled\" data-block-weight=\"39\">\n<p><strong>CARIRI EM A\u00c7\u00c3O<\/strong><\/p>\n<p><em>Com G1 \/Foto: Reprodu\u00e7\u00e3o<\/em><\/p>\n<p><strong>Leia mais not\u00edcias em\u00a0<\/strong><a href=\"http:\/\/www.caririemacao.com\/\"><strong>caririemacao.com<\/strong><\/a><strong>, siga nossa p\u00e1gina no\u00a0<\/strong><a href=\"https:\/\/www.facebook.com\/CaririEmAcao\/?ref=aymt_homepage_panel\"><strong>Facebook<\/strong><\/a>,<strong>\u00a0<\/strong><a href=\"https:\/\/www.instagram.com\/cariri_em_acao\/?hl=pt-br\"><strong>Instagram<\/strong><\/a><strong>\u00a0e <\/strong><a href=\"https:\/\/www.youtube.com\/channel\/UCAptA0jQuYQy8vMhLt2m4qg\"><strong>Youtube<\/strong><\/a><strong>\u00a0e veja nossas mat\u00e9rias, v\u00eddeos e fotos. Voc\u00ea tamb\u00e9m pode enviar informa\u00e7\u00f5es \u00e0 Reda\u00e7\u00e3o do Portal Cariri em A\u00e7\u00e3o pelo WhatsApp (83) 9 9634.5791, (83) 9 9601-1162.<\/strong><\/p>\n<\/div>\n","protected":false},"excerpt":{"rendered":"<p>Um estudo feito com celulares identificou nos equipamentos a presen\u00e7a de at\u00e9 23 mil fungos e bact\u00e9rias que podem provocar doen\u00e7as como micoses, conjuntivite, intoxica\u00e7\u00f5es&hellip; <\/p>\n","protected":false},"author":2,"featured_media":32552,"comment_status":"closed","ping_status":"closed","sticky":false,"template":"","format":"standard","meta":{"sfsi_plus_gutenberg_text_before_share":"","sfsi_plus_gutenberg_show_text_before_share":"","sfsi_plus_gutenberg_icon_type":"","sfsi_plus_gutenberg_icon_alignemt":"","sfsi_plus_gutenburg_max_per_row":"","footnotes":""},"categories":[16],"tags":[],"class_list":["post-32551","post","type-post","status-publish","format-standard","has-post-thumbnail","hentry","category-saude"],"_links":{"self":[{"href":"https:\/\/www.caririemacao.com\/1\/wp-json\/wp\/v2\/posts\/32551","targetHints":{"allow":["GET"]}}],"collection":[{"href":"https:\/\/www.caririemacao.com\/1\/wp-json\/wp\/v2\/posts"}],"about":[{"href":"https:\/\/www.caririemacao.com\/1\/wp-json\/wp\/v2\/types\/post"}],"author":[{"embeddable":true,"href":"https:\/\/www.caririemacao.com\/1\/wp-json\/wp\/v2\/users\/2"}],"replies":[{"embeddable":true,"href":"https:\/\/www.caririemacao.com\/1\/wp-json\/wp\/v2\/comments?post=32551"}],"version-history":[{"count":0,"href":"https:\/\/www.caririemacao.com\/1\/wp-json\/wp\/v2\/posts\/32551\/revisions"}],"wp:featuredmedia":[{"embeddable":true,"href":"https:\/\/www.caririemacao.com\/1\/wp-json\/wp\/v2\/media\/32552"}],"wp:attachment":[{"href":"https:\/\/www.caririemacao.com\/1\/wp-json\/wp\/v2\/media?parent=32551"}],"wp:term":[{"taxonomy":"category","embeddable":true,"href":"https:\/\/www.caririemacao.com\/1\/wp-json\/wp\/v2\/categories?post=32551"},{"taxonomy":"post_tag","embeddable":true,"href":"https:\/\/www.caririemacao.com\/1\/wp-json\/wp\/v2\/tags?post=32551"}],"curies":[{"name":"wp","href":"https:\/\/api.w.org\/{rel}","templated":true}]}}