{"id":32555,"date":"2017-11-06T10:59:27","date_gmt":"2017-11-06T13:59:27","guid":{"rendered":"http:\/\/caririemacao.com\/1\/?p=32555"},"modified":"2017-11-06T10:59:27","modified_gmt":"2017-11-06T13:59:27","slug":"eduardo-cunha-diz-a-justica-que-delator-e-operador-do-pmdb-atribui-tudo-a-ele","status":"publish","type":"post","link":"https:\/\/www.caririemacao.com\/1\/2017\/11\/06\/eduardo-cunha-diz-a-justica-que-delator-e-operador-do-pmdb-atribui-tudo-a-ele\/","title":{"rendered":"Eduardo Cunha diz \u00e0 Justi\u00e7a que delator e operador do PMDB atribui &#8216;tudo&#8217; a ele"},"content":{"rendered":"<div class=\"mc-column content-media content-media--normal content-photo\" data-block-type=\"backstage-photo\">\n<div class=\"content-media__container\">\n<div class=\"content-media__description-centered \">\n<p class=\"content-media__description\">O ex-presidente da C\u00e2mara dos Deputados Eduardo Cunha (PMDB-RJ) disse nesta segunda-feira (6), em depoimento \u00e0 Justi\u00e7a Federal em Bras\u00edlia, que n\u00e3o participou de nenhum esquema de corrup\u00e7\u00e3o e acusou o ex-operador do PMDB e delator L\u00facio Funaro de querer atribuir &#8220;tudo&#8221; a ele.<\/p>\n<\/div>\n<\/div>\n<\/div>\n<div class=\"mc-column content-text active-extra-styles \" data-block-type=\"unstyled\" data-block-weight=\"25\">\n<p class=\"content-text__container \" data-track-category=\"Link no Texto\" data-track-links=\"\">O depoimento de Cunha \u00e9 sobre o\u00a0suposto esquema de propinasenvolvendo financiamentos do Fundo de Investimentos do FGTS (FI-FGTS), administrado pela Caixa Econ\u00f4mica Federal.<\/p>\n<\/div>\n<div class=\"mc-column content-text active-extra-styles \" data-block-type=\"unstyled\" data-block-weight=\"36\">\n<p class=\"content-text__container \" data-track-category=\"Link no Texto\" data-track-links=\"\">O esquema \u00e9 investigado pela Opera\u00e7\u00e3o S\u00e9psis, um desdobramento da Lava Jato. Al\u00e9m de Cunha, tamb\u00e9m s\u00e3o r\u00e9us nesse processo L\u00facio Funaro, F\u00e1bio Cleto, ex-vice-presidente da Caixa, e Henrique Eduardo Alves, ex-ministro e ex-presidente da C\u00e2mara.<\/p>\n<\/div>\n<div class=\"mc-column content-text active-extra-styles \" data-block-type=\"unstyled\" data-block-weight=\"41\">\n<p class=\"content-text__container \" data-track-category=\"Link no Texto\" data-track-links=\"\">Cunha atacou Funaro logo no in\u00edcio do depoimento. O operador do PMDB, em\u00a0audi\u00eancia\u00a0no fim de outubro, confirmou a exist\u00eancia do esquema de corrup\u00e7\u00e3o e listou pol\u00edticos do partido que teriam se beneficiado, como Cunha e o presidente Michel Temer.<\/p>\n<\/div>\n<div class=\"mc-column content-text active-extra-styles \" data-block-type=\"unstyled\" data-block-weight=\"22\">\n<p class=\"content-text__container \" data-track-category=\"Link no Texto\" data-track-links=\"\">&#8220;A dela\u00e7\u00e3o que ele [Funaro] faz agora est\u00e1 me transformando num posto Ipiranga. Tudo \u00e9 Eduardo Cunha&#8221;, disse o ex-presidente da C\u00e2mara.<\/p>\n<\/div>\n<div class=\"mc-column content-text active-extra-styles \" data-block-type=\"unstyled\" data-block-weight=\"25\">\n<p class=\"content-text__container \" data-track-category=\"Link no Texto\" data-track-links=\"\">Cunha refutou as acusa\u00e7\u00f5es de corrup\u00e7\u00e3o e disse que ir\u00e1 contestar todas. &#8220;Nenhuma delas \u00e9 verdadeira e eu quero rebater cada ponto delas&#8221;, continuou Cunha.<\/p>\n<\/div>\n<div class=\"mc-column content-media content-media--normal content-video\" data-block-type=\"backstage-video\">\n<div class=\"content-media__description-centered\">\n<p class=\"content-media__description\">\n<p class=\"content-media__description\"><strong>Doa\u00e7\u00e3o do grupo Bertin<\/strong><\/p>\n<\/div>\n<\/div>\n<div class=\"mc-column content-text active-extra-styles \" data-block-type=\"unstyled\" data-block-weight=\"33\">\n<p class=\"content-text__container \" data-track-category=\"Link no Texto\" data-track-links=\"\">Eduardo Cunha contestou a\u00a0acusa\u00e7\u00e3o feita por Funaro\u00a0de que o grupo empresarial Bertin pagou propina ao PMDB como contrapartida pela libera\u00e7\u00e3o de financiamento do Fundo de Investimentos do FGTS, administrado pela Caixa.<\/p>\n<\/div>\n<div class=\"content-ads content-ads--reveal\">\n<div id=\"banner_materia2\" class=\"tag-manager-publicidade-container has-reveal has-ad-lazyload tag-manager-publicidade-banner_materia2 tag-manager-publicidade-container--carregado tag-manager-publicidade-container--visivel\" data-id=\"banner_materia2\" data-google-query-id=\"CM38gauNqtcCFUQQkQodV5UKFw\" data-cid=\"138215967996\" data-lid=\"4462917266\">\n<div id=\"google_ads_iframe_\/95377733\/tvg_G1\/Politica_2__container__\">&#8220;Esse fato \u00e9 mentiroso. Eu n\u00e3o recebi propina nenhuma&#8221;, afirmou.<\/div>\n<\/div>\n<\/div>\n<div class=\"mc-column content-text active-extra-styles \" data-block-type=\"unstyled\" data-block-weight=\"24\">\n<p class=\"content-text__container \" data-track-category=\"Link no Texto\" data-track-links=\"\">De acordo com Funaro, dessa transa\u00e7\u00e3o, Michel Temer teria recebido R$ 2,5 milh\u00f5es, o que \u00e9 negado de &#8220;forma categ\u00f3rica&#8221; pelo Pal\u00e1cio do Planalto.<\/p>\n<\/div>\n<div class=\"mc-column content-text active-extra-styles \" data-block-type=\"unstyled\" data-block-weight=\"27\">\n<p class=\"content-text__container \" data-track-category=\"Link no Texto\" data-track-links=\"\">Cunha disse que conversou com o grupo apenas sobre doa\u00e7\u00f5es oficiais \u00e0 campanha eleitoral e que n\u00e3o se lembra de ter pedido doa\u00e7\u00e3o em nome de Temer.<\/p>\n<\/div>\n<div class=\"mc-column content-text active-extra-styles \" data-block-type=\"unstyled\" data-block-weight=\"31\">\n<p class=\"content-text__container \" data-track-category=\"Link no Texto\" data-track-links=\"\">&#8220;Eu n\u00e3o me lembro de ter pedido para o Michel Temer, mas, se eu tivesse pedido, qual \u00e9 o il\u00edcito? Eu n\u00e3o recordo sinceramente&#8221;, disse Cunha em seu depoimento \u00e0 Justi\u00e7a.<\/p>\n<\/div>\n<div class=\"mc-column content-text active-extra-styles \" data-block-type=\"unstyled\" data-block-weight=\"38\">\n<p class=\"content-text__container \" data-track-category=\"Link no Texto\" data-track-links=\"\">O ex-deputado disse que marcou em 2010 uma audi\u00eancia entre o hoje ministro Moreira Franco, \u00e0 \u00e9poca vice-presidente da Caixa, e L\u00facio Funaro, mas que n\u00e3o participou do encontro e nem que recebeu qualquer comiss\u00e3o por essa intermedia\u00e7\u00e3o.<\/p>\n<\/div>\n<div class=\"mc-column content-text active-extra-styles \" data-block-type=\"unstyled\" data-block-weight=\"23\">\n<p class=\"content-text__container \" data-track-category=\"Link no Texto\" data-track-links=\"\">&#8220;Se o Moreira Franco recebeu [propina], e se tratando de Moreira Franco eu at\u00e9 n\u00e3o duvido, n\u00e3o foi das minhas m\u00e3os&#8221;, disse Cunha.<\/p>\n<p class=\"content-text__container \" data-track-category=\"Link no Texto\" data-track-links=\"\"><strong>Rela\u00e7\u00e3o com o delator<\/strong><\/p>\n<\/div>\n<div class=\"mc-column content-text active-extra-styles \" data-block-type=\"unstyled\" data-block-weight=\"26\">\n<p class=\"content-text__container \" data-track-category=\"Link no Texto\" data-track-links=\"\">Ao detalhar a sua rela\u00e7\u00e3o com Funaro, Cunha disse que os dois se aproximaram em 2003, quando o operador fez doa\u00e7\u00f5es para a campanha do ex-deputado.<\/p>\n<\/div>\n<div class=\"mc-column content-text active-extra-styles \" data-block-type=\"unstyled\" data-block-weight=\"16\">\n<p class=\"content-text__container \" data-track-category=\"Link no Texto\" data-track-links=\"\">A partir da\u00ed, contou que se tornaram amigos e come\u00e7aram a operar juntos no mercado financeiro.<\/p>\n<\/div>\n<div class=\"mc-column content-text active-extra-styles \" data-block-type=\"unstyled\" data-block-weight=\"41\">\n<p class=\"content-text__container \" data-track-category=\"Link no Texto\" data-track-links=\"\">&#8220;O fato de ele [Funaro] dizer que n\u00e3o \u00e9 doleiro, \u00e9 s\u00f3 quebrar o sigilo. Essa muita movimenta\u00e7\u00e3o \u00e9 que vai mostrar que ele era doleiro&#8221;, disse Cunha. &#8220;Isso \u00e9 s\u00f3 para explicar que ele era doleiro, apesar de negar&#8221;, completou.<\/p>\n<\/div>\n<div class=\"mc-column content-text active-extra-styles \" data-block-type=\"unstyled\" data-block-weight=\"44\">\n<p class=\"content-text__container \" data-track-category=\"Link no Texto\" data-track-links=\"\">Cunha relatou ainda diversas situa\u00e7\u00f5es em que as informa\u00e7\u00f5es pol\u00edticas beneficiaram Funaro e ele nessas opera\u00e7\u00f5es. &#8220;Eu tinha muito boas informa\u00e7\u00f5es e ganhava na maioria. O L\u00facio come\u00e7ou a entender que as informa\u00e7\u00f5es que vinham de Bras\u00edlia acabavam tendo repercuss\u00e3o no mercado financeiro&#8221;, disse.<\/p>\n<\/div>\n<div class=\"mc-column content-text active-extra-styles \" data-block-type=\"unstyled\" data-block-weight=\"34\">\n<p class=\"content-text__container \" data-track-category=\"Link no Texto\" data-track-links=\"\">Por conta disso, segundo o ex-deputado, Funaro ficou interessado em disputar uma vaga como deputado por Pernambuco, mas cabou desistindo das suas pretens\u00f5es eleitorais porque seu nome veio \u00e0 tona no esc\u00e2ndalo do mensal\u00e3o.<\/p>\n<\/div>\n<div class=\"mc-column content-text active-extra-styles \" data-block-type=\"unstyled\" data-block-weight=\"21\">\n<p class=\"content-text__container \" data-track-category=\"Link no Texto\" data-track-links=\"\">Cunha negou que Funaro tenha rela\u00e7\u00e3o com o PMDB e seja operador de propina do partido, conforme acusa o Minist\u00e9rio P\u00fablico.<\/p>\n<\/div>\n<div class=\"mc-column content-text active-extra-styles \" data-block-type=\"unstyled\" data-block-weight=\"41\">\n<p class=\"content-text__container \" data-track-category=\"Link no Texto\" data-track-links=\"\">&#8220;Nenhuma [rela\u00e7\u00e3o com o PMDB], zero, zero. Ningu\u00e9m sabe quem \u00e9 L\u00facio Funaro. Operador nenhum, operador coisa nenhuma. \u00c9 uma historia que ele est\u00e1 criando para ter uma dela\u00e7\u00e3o. Todo mundo que ele conheceu foi atrav\u00e9s de mim&#8221;, declarou o ex-deputado.<\/p>\n<\/div>\n<div class=\"mc-column content-text active-extra-styles \" data-block-type=\"unstyled\" data-block-weight=\"35\">\n<p class=\"content-text__container \" data-track-category=\"Link no Texto\" data-track-links=\"\">Cunha ainda negou ter indicado F\u00e1bio Cleto para a vice-presid\u00eancia da Caixa, conforme afirmado pelo pr\u00f3prio Cleto e por Funaro. Ele disse que n\u00e3o o conhecia at\u00e9 ent\u00e3o e ficou surpreso com a sua nomea\u00e7\u00e3o.<\/p>\n<\/div>\n<div class=\"mc-column content-text active-extra-styles \" data-block-type=\"unstyled\" data-block-weight=\"41\">\n<p class=\"content-text__container \" data-track-category=\"Link no Texto\" data-track-links=\"\">&#8220;Na minha opini\u00e3o, eu n\u00e3o o escolheria. Ele n\u00e3o era diretor do Ita\u00fa, ele era operador de mesa, ele n\u00e3o tinha nenhuma experi\u00eancia. Acordamos no dia com a nomea\u00e7\u00e3o dele [no Di\u00e1rio Oficial], sem eu sequer ter conhecido F\u00e1bio Cleto&#8221;, disse.<\/p>\n<p class=\"content-text__container \" data-track-category=\"Link no Texto\" data-track-links=\"\"><strong>Michel Temer<\/strong><\/p>\n<\/div>\n<div class=\"mc-column content-text active-extra-styles \" data-block-type=\"unstyled\" data-block-weight=\"13\">\n<p class=\"content-text__container \" data-track-category=\"Link no Texto\" data-track-links=\"\">Em seu depoimento, Eduardo Cunha isentou Michel Temer de ter rela\u00e7\u00e3o com Funaro.<\/p>\n<\/div>\n<div class=\"mc-column content-text active-extra-styles \" data-block-type=\"unstyled\" data-block-weight=\"27\">\n<p class=\"content-text__container \" data-track-category=\"Link no Texto\" data-track-links=\"\">&#8220;L\u00facio Funaro nunca teve acesso ao Michel Temer&#8221;, disse Cunha. Segundo o ex-deputado, as tr\u00eas ocasi\u00f5es de encontro citadas por Funaro em sua dela\u00e7\u00e3o n\u00e3o s\u00e3o verdadeiras.<\/p>\n<\/div>\n<div class=\"mc-column content-text active-extra-styles \" data-block-type=\"unstyled\" data-block-weight=\"26\">\n<p class=\"content-text__container \" data-track-category=\"Link no Texto\" data-track-links=\"\">Uma delas teria sido em um culto religioso em um templo, outra em um com\u00edcio de campanha e a terceira na base a\u00e9rea de S\u00e3o Paulo.<\/p>\n<\/div>\n<div class=\"mc-column content-text active-extra-styles \" data-block-type=\"unstyled\" data-block-weight=\"34\">\n<p class=\"content-text__container \" data-track-category=\"Link no Texto\" data-track-links=\"\">&#8220;O culto era em um lugar para 12 mil pessoas sentadas e n\u00e3o \u00e9 qualquer um que entra no p\u00falpito. O Temer estava no p\u00falpito, o L\u00facio n\u00e3o deve nem ter passado perto&#8221;, disse.<\/p>\n<\/div>\n<div class=\"mc-column content-text active-extra-styles \" data-block-type=\"unstyled\" data-block-weight=\"26\">\n<p class=\"content-text__container \" data-track-category=\"Link no Texto\" data-track-links=\"\">E continuou: &#8220;\u00c9 mentira. S\u00f3 se houve outros momentos. Na minha frente, ele nunca cumprimentou o Michel Temer. Nessas tr\u00eas ocasi\u00f5es, eu estava com Michel Temer&#8221;.<\/p>\n<p class=\"content-text__container \" data-track-category=\"Link no Texto\" data-track-links=\"\"><strong>Busca e apreens\u00e3o<\/strong><\/p>\n<\/div>\n<div class=\"mc-column content-text active-extra-styles \" data-block-type=\"unstyled\" data-block-weight=\"20\">\n<p class=\"content-text__container \" data-track-category=\"Link no Texto\" data-track-links=\"\">Cunha disse ainda que Funaro sabia que seria alvo de um mandado de busca e apreens\u00e3o em dezembro de 2105.<\/p>\n<\/div>\n<div class=\"mc-column content-text active-extra-styles \" data-block-type=\"unstyled\" data-block-weight=\"27\">\n<p class=\"content-text__container \" data-track-category=\"Link no Texto\" data-track-links=\"\">A opera\u00e7\u00e3o daquele dia teve como alvos Funaro e Cunha, entre outros nomes. O ex-deputado contou que o operador do PMDB foi avisado com anteced\u00eancia das buscas.<\/p>\n<\/div>\n<div class=\"content-ads content-ads--reveal\"><\/div>\n<div class=\"mc-column content-text active-extra-styles \" data-block-type=\"unstyled\" data-block-weight=\"53\">\n<p class=\"content-text__container \" data-track-category=\"Link no Texto\" data-track-links=\"\">&#8220;A busca foi no dia 15 de dezembro, que era uma ter\u00e7a. Ele me mandou mensagem avisando no s\u00e1bado, dia 12. O objetivo de me avisar era que para eu n\u00e3o mandar mensagem a ele. S\u00f3 foi apreendido o que ele quis. Tanto \u00e9 que ele retirou obras de arte, j\u00f3ias&#8221;, afirmou Cunha.<\/p>\n<\/div>\n<div data-track-category=\"fim do conteudo\" data-track-action=\"ultimo chunk conteudo\" data-track-noninteraction=\"false\" data-track-scroll=\"entrada completa viewport\">\n<div class=\"mc-column content-text active-extra-styles \" data-block-type=\"unstyled\" data-block-weight=\"18\">\n<p class=\"content-text__container \" data-track-category=\"Link no Texto\" data-track-links=\"\">Ainda segundo o ex-deputado, Funaro s\u00f3 comentou que ele seria alvo e n\u00e3o quea opera\u00e7\u00e3o atingiria tamb\u00e9m Cunha.<\/p>\n<\/div>\n<\/div>\n<p><strong>CARIRI EM A\u00c7\u00c3O<\/strong><\/p>\n<p><em>Com G1 \/Foto: Reprodu\u00e7\u00e3o, Divulga\u00e7\u00e3o, Google\u00a0\u00a0 <\/em><\/p>\n<p><strong>Leia mais not\u00edcias em\u00a0<\/strong><a href=\"http:\/\/www.caririemacao.com\/\"><strong>caririemacao.com<\/strong><\/a><strong>, siga nossa p\u00e1gina no\u00a0<\/strong><a href=\"https:\/\/www.facebook.com\/CaririEmAcao\/?ref=aymt_homepage_panel\"><strong>Facebook<\/strong><\/a>,<strong>\u00a0<\/strong><a href=\"https:\/\/www.instagram.com\/cariri_em_acao\/?hl=pt-br\"><strong>Instagram<\/strong><\/a><strong>\u00a0e <\/strong><a href=\"https:\/\/www.youtube.com\/channel\/UCAptA0jQuYQy8vMhLt2m4qg\"><strong>Youtube<\/strong><\/a><strong>\u00a0e veja nossas mat\u00e9rias, v\u00eddeos e fotos. Voc\u00ea tamb\u00e9m pode enviar informa\u00e7\u00f5es \u00e0 Reda\u00e7\u00e3o do Portal Cariri em A\u00e7\u00e3o pelo WhatsApp (83) 9 9634.5791, (83) 9 9601-1162.<\/strong><\/p>\n","protected":false},"excerpt":{"rendered":"<p>O ex-presidente da C\u00e2mara dos Deputados Eduardo Cunha (PMDB-RJ) disse nesta segunda-feira (6), em depoimento \u00e0 Justi\u00e7a Federal em Bras\u00edlia, que n\u00e3o participou de nenhum&hellip; <\/p>\n","protected":false},"author":2,"featured_media":30989,"comment_status":"closed","ping_status":"closed","sticky":false,"template":"","format":"standard","meta":{"sfsi_plus_gutenberg_text_before_share":"","sfsi_plus_gutenberg_show_text_before_share":"","sfsi_plus_gutenberg_icon_type":"","sfsi_plus_gutenberg_icon_alignemt":"","sfsi_plus_gutenburg_max_per_row":"","footnotes":""},"categories":[2],"tags":[],"class_list":["post-32555","post","type-post","status-publish","format-standard","has-post-thumbnail","hentry","category-geral"],"_links":{"self":[{"href":"https:\/\/www.caririemacao.com\/1\/wp-json\/wp\/v2\/posts\/32555","targetHints":{"allow":["GET"]}}],"collection":[{"href":"https:\/\/www.caririemacao.com\/1\/wp-json\/wp\/v2\/posts"}],"about":[{"href":"https:\/\/www.caririemacao.com\/1\/wp-json\/wp\/v2\/types\/post"}],"author":[{"embeddable":true,"href":"https:\/\/www.caririemacao.com\/1\/wp-json\/wp\/v2\/users\/2"}],"replies":[{"embeddable":true,"href":"https:\/\/www.caririemacao.com\/1\/wp-json\/wp\/v2\/comments?post=32555"}],"version-history":[{"count":0,"href":"https:\/\/www.caririemacao.com\/1\/wp-json\/wp\/v2\/posts\/32555\/revisions"}],"wp:featuredmedia":[{"embeddable":true,"href":"https:\/\/www.caririemacao.com\/1\/wp-json\/wp\/v2\/media\/30989"}],"wp:attachment":[{"href":"https:\/\/www.caririemacao.com\/1\/wp-json\/wp\/v2\/media?parent=32555"}],"wp:term":[{"taxonomy":"category","embeddable":true,"href":"https:\/\/www.caririemacao.com\/1\/wp-json\/wp\/v2\/categories?post=32555"},{"taxonomy":"post_tag","embeddable":true,"href":"https:\/\/www.caririemacao.com\/1\/wp-json\/wp\/v2\/tags?post=32555"}],"curies":[{"name":"wp","href":"https:\/\/api.w.org\/{rel}","templated":true}]}}