{"id":32568,"date":"2017-11-06T12:27:47","date_gmt":"2017-11-06T15:27:47","guid":{"rendered":"http:\/\/caririemacao.com\/1\/?p=32568"},"modified":"2017-11-06T12:34:15","modified_gmt":"2017-11-06T15:34:15","slug":"prefeitura-de-sume-entrega-novos-instrumentos-a-filarmonica-municipal","status":"publish","type":"post","link":"https:\/\/www.caririemacao.com\/1\/2017\/11\/06\/prefeitura-de-sume-entrega-novos-instrumentos-a-filarmonica-municipal\/","title":{"rendered":"Prefeitura de Sum\u00e9 entrega novos instrumentos \u00e0 Filarm\u00f4nica Municipal"},"content":{"rendered":"<p style=\"text-align: left;\">Prefeitura de Sum\u00e9 entrega novos instrumentos \u00e0 Filarm\u00f4nica Municipal<br \/>\nNo \u00faltimo s\u00e1bado (04), a Filarm\u00f4nica Municipal Maestro Ant\u00f4nio Josu\u00e9 de Lima recebeu da Prefeitura de Sum\u00e9 sete novos instrumentos musicais para uso dos m\u00fasicos.<\/p>\n<p style=\"text-align: left;\">A entrega aconteceu na sede da Filarm\u00f4nica e foi feita pelo secret\u00e1rio de Educa\u00e7\u00e3o e Cultura, Odilon Ara\u00fajo e pela secret\u00e1ria de Assist\u00eancia Social, Tanniery L\u00eala, que na ocasi\u00e3o representou o prefeito \u00c9den Duarte.<br \/>\n<a href=\"http:\/\/caririemacao.com\/1\/wp-content\/uploads\/2017\/11\/DSC_0169.jpg\"><img fetchpriority=\"high\" decoding=\"async\" class=\"aligncenter wp-image-32572 size-full\" src=\"http:\/\/caririemacao.com\/1\/wp-content\/uploads\/2017\/11\/DSC_0169.jpg\" alt=\"\" width=\"1024\" height=\"681\" srcset=\"https:\/\/www.caririemacao.com\/1\/wp-content\/uploads\/2017\/11\/DSC_0169.jpg 1024w, https:\/\/www.caririemacao.com\/1\/wp-content\/uploads\/2017\/11\/DSC_0169-300x200.jpg 300w, https:\/\/www.caririemacao.com\/1\/wp-content\/uploads\/2017\/11\/DSC_0169-768x511.jpg 768w\" sizes=\"(max-width: 1024px) 100vw, 1024px\" \/><\/a><\/p>\n<p style=\"text-align: left;\">Foram entregues sete novos instrumentos, sendo duas flautas transversais, tr\u00eas trombones de vara e dois trompetes.<br \/>\nPara o maestro da Filarm\u00f4nica Diego Bruno de Souza a chegada dos novos instrumentos vai ampliar a qualidade de som da banda e acrescentar um naipe de instrumentos que n\u00e3o tinha anteriormente, como por exemplo, as flautas.<a href=\"http:\/\/caririemacao.com\/1\/wp-content\/uploads\/2017\/11\/DSC_0175.jpg\"><img decoding=\"async\" class=\"aligncenter wp-image-32570 size-full lazyload\" data-src=\"http:\/\/caririemacao.com\/1\/wp-content\/uploads\/2017\/11\/DSC_0175.jpg\" alt=\"\" width=\"1024\" height=\"681\" data-srcset=\"https:\/\/www.caririemacao.com\/1\/wp-content\/uploads\/2017\/11\/DSC_0175.jpg 1024w, https:\/\/www.caririemacao.com\/1\/wp-content\/uploads\/2017\/11\/DSC_0175-300x200.jpg 300w, https:\/\/www.caririemacao.com\/1\/wp-content\/uploads\/2017\/11\/DSC_0175-768x511.jpg 768w\" data-sizes=\"(max-width: 1024px) 100vw, 1024px\" src=\"data:image\/svg+xml;base64,PHN2ZyB3aWR0aD0iMSIgaGVpZ2h0PSIxIiB4bWxucz0iaHR0cDovL3d3dy53My5vcmcvMjAwMC9zdmciPjwvc3ZnPg==\" style=\"--smush-placeholder-width: 1024px; --smush-placeholder-aspect-ratio: 1024\/681;\" \/><\/a><br \/>\n\u201cA Prefeitura sempre vem investindo na Filarm\u00f4nica do Munic\u00edpio, uma vez por ano n\u00f3s mandamos os instrumentos para manuten\u00e7\u00e3o, concorremos a projetos e conseguimos adquirir em outros momentos outros instrumentos, o edif\u00edcio passou por melhorias em suas instala\u00e7\u00f5es f\u00edsicas, os componentes da filarm\u00f4nica recebem mensalmente uma bolsa de aux\u00edlio financeiro, al\u00e9m das aulas que s\u00e3o ministradas para os alunos da banda\u201d, afirmou o maestro Diego.<\/p>\n<p style=\"text-align: left;\"><a href=\"http:\/\/caririemacao.com\/1\/wp-content\/uploads\/2017\/11\/DSC_0171.jpg\"><img decoding=\"async\" class=\"aligncenter wp-image-32576 size-full lazyload\" data-src=\"http:\/\/caririemacao.com\/1\/wp-content\/uploads\/2017\/11\/DSC_0171.jpg\" alt=\"\" width=\"1024\" height=\"681\" data-srcset=\"https:\/\/www.caririemacao.com\/1\/wp-content\/uploads\/2017\/11\/DSC_0171.jpg 1024w, https:\/\/www.caririemacao.com\/1\/wp-content\/uploads\/2017\/11\/DSC_0171-300x200.jpg 300w, https:\/\/www.caririemacao.com\/1\/wp-content\/uploads\/2017\/11\/DSC_0171-768x511.jpg 768w\" data-sizes=\"(max-width: 1024px) 100vw, 1024px\" src=\"data:image\/svg+xml;base64,PHN2ZyB3aWR0aD0iMSIgaGVpZ2h0PSIxIiB4bWxucz0iaHR0cDovL3d3dy53My5vcmcvMjAwMC9zdmciPjwvc3ZnPg==\" style=\"--smush-placeholder-width: 1024px; --smush-placeholder-aspect-ratio: 1024\/681;\" \/><\/a><br \/>\nDiego informou que com a chegada dos novos instrumentos, h\u00e1 a possibilidade novas vagas serem abertas no pr\u00f3ximo ano para quem quiser ingressar na banda. Atualmente a Filarm\u00f4nica conta no total com 60 componentes, entre m\u00fasicos que j\u00e1 participam das apresenta\u00e7\u00f5es oficiais e alunos.<br \/>\nO m\u00fasico Leonardo, que est\u00e1 na Filarm\u00f4nica Maestro Ant\u00f4nio Josu\u00e9 de Lima h\u00e1 oito anos, disse que os instrumentos comprados s\u00e3o de \u00f3tima qualidade, ele tamb\u00e9m declarou que a participa\u00e7\u00e3o na banda o ajudou a ter contato com a arte, ter mais participa\u00e7\u00e3o na comunidade al\u00e9m da escola e da fam\u00edlia.<\/p>\n<p><a href=\"http:\/\/caririemacao.com\/1\/wp-content\/uploads\/2017\/11\/DSC_0166.jpg\"><img decoding=\"async\" class=\"aligncenter wp-image-32569 size-full lazyload\" data-src=\"http:\/\/caririemacao.com\/1\/wp-content\/uploads\/2017\/11\/DSC_0166.jpg\" alt=\"\" width=\"1024\" height=\"681\" data-srcset=\"https:\/\/www.caririemacao.com\/1\/wp-content\/uploads\/2017\/11\/DSC_0166.jpg 1024w, https:\/\/www.caririemacao.com\/1\/wp-content\/uploads\/2017\/11\/DSC_0166-300x200.jpg 300w, https:\/\/www.caririemacao.com\/1\/wp-content\/uploads\/2017\/11\/DSC_0166-768x511.jpg 768w\" data-sizes=\"(max-width: 1024px) 100vw, 1024px\" src=\"data:image\/svg+xml;base64,PHN2ZyB3aWR0aD0iMSIgaGVpZ2h0PSIxIiB4bWxucz0iaHR0cDovL3d3dy53My5vcmcvMjAwMC9zdmciPjwvc3ZnPg==\" style=\"--smush-placeholder-width: 1024px; --smush-placeholder-aspect-ratio: 1024\/681;\" \/><\/a><br \/>\nO secret\u00e1rio Odilon Ara\u00fajo, informou que a Prefeitura far\u00e1 a aquisi\u00e7\u00e3o de mais instrumentos, de nova mob\u00edlia e que far\u00e1 uma nova reforma no edif\u00edcio da banda para que possa melhorar a ac\u00fastica e dar mais conforto e comodidade aos m\u00fasicos.<\/p>\n<p><strong>CARIRI EM A\u00c7\u00c3O<\/strong><\/p>\n<p><em>Com Ascom \/Foto: Reprodu\u00e7\u00e3o\u00a0<\/em><\/p>\n<p><strong>Leia mais not\u00edcias em\u00a0<\/strong><a href=\"http:\/\/www.caririemacao.com\/\"><strong>caririemacao.com<\/strong><\/a><strong>, siga nossa p\u00e1gina no\u00a0<\/strong><a href=\"https:\/\/www.facebook.com\/CaririEmAcao\/?ref=aymt_homepage_panel\"><strong>Facebook<\/strong><\/a>,<strong>\u00a0<\/strong><a href=\"https:\/\/www.instagram.com\/cariri_em_acao\/?hl=pt-br\"><strong>Instagram<\/strong><\/a><strong>\u00a0e\u00a0<\/strong><a href=\"https:\/\/www.youtube.com\/channel\/UCAptA0jQuYQy8vMhLt2m4qg\"><strong>Youtube<\/strong><\/a><strong>\u00a0e veja nossas mat\u00e9rias, v\u00eddeos e fotos. Voc\u00ea tamb\u00e9m pode enviar informa\u00e7\u00f5es \u00e0 Reda\u00e7\u00e3o do Portal Cariri em A\u00e7\u00e3o pelo WhatsApp (83) 9 9634.5791, (83) 9 9601-1162.<\/strong><\/p>\n","protected":false},"excerpt":{"rendered":"<p>Prefeitura de Sum\u00e9 entrega novos instrumentos \u00e0 Filarm\u00f4nica Municipal No \u00faltimo s\u00e1bado (04), a Filarm\u00f4nica Municipal Maestro Ant\u00f4nio Josu\u00e9 de Lima recebeu da Prefeitura de&hellip; <\/p>\n","protected":false},"author":2,"featured_media":32571,"comment_status":"closed","ping_status":"closed","sticky":false,"template":"","format":"standard","meta":{"sfsi_plus_gutenberg_text_before_share":"","sfsi_plus_gutenberg_show_text_before_share":"","sfsi_plus_gutenberg_icon_type":"","sfsi_plus_gutenberg_icon_alignemt":"","sfsi_plus_gutenburg_max_per_row":"","footnotes":""},"categories":[6],"tags":[],"class_list":["post-32568","post","type-post","status-publish","format-standard","has-post-thumbnail","hentry","category-cidades"],"_links":{"self":[{"href":"https:\/\/www.caririemacao.com\/1\/wp-json\/wp\/v2\/posts\/32568","targetHints":{"allow":["GET"]}}],"collection":[{"href":"https:\/\/www.caririemacao.com\/1\/wp-json\/wp\/v2\/posts"}],"about":[{"href":"https:\/\/www.caririemacao.com\/1\/wp-json\/wp\/v2\/types\/post"}],"author":[{"embeddable":true,"href":"https:\/\/www.caririemacao.com\/1\/wp-json\/wp\/v2\/users\/2"}],"replies":[{"embeddable":true,"href":"https:\/\/www.caririemacao.com\/1\/wp-json\/wp\/v2\/comments?post=32568"}],"version-history":[{"count":0,"href":"https:\/\/www.caririemacao.com\/1\/wp-json\/wp\/v2\/posts\/32568\/revisions"}],"wp:featuredmedia":[{"embeddable":true,"href":"https:\/\/www.caririemacao.com\/1\/wp-json\/wp\/v2\/media\/32571"}],"wp:attachment":[{"href":"https:\/\/www.caririemacao.com\/1\/wp-json\/wp\/v2\/media?parent=32568"}],"wp:term":[{"taxonomy":"category","embeddable":true,"href":"https:\/\/www.caririemacao.com\/1\/wp-json\/wp\/v2\/categories?post=32568"},{"taxonomy":"post_tag","embeddable":true,"href":"https:\/\/www.caririemacao.com\/1\/wp-json\/wp\/v2\/tags?post=32568"}],"curies":[{"name":"wp","href":"https:\/\/api.w.org\/{rel}","templated":true}]}}