{"id":32578,"date":"2017-11-07T01:42:59","date_gmt":"2017-11-07T04:42:59","guid":{"rendered":"http:\/\/caririemacao.com\/1\/?p=32578"},"modified":"2017-11-07T01:42:59","modified_gmt":"2017-11-07T04:42:59","slug":"prefeita-de-monteiro-representa-municipios-brasileiros-em-congresso-na-alemanha","status":"publish","type":"post","link":"https:\/\/www.caririemacao.com\/1\/2017\/11\/07\/prefeita-de-monteiro-representa-municipios-brasileiros-em-congresso-na-alemanha\/","title":{"rendered":"Prefeita de Monteiro representa munic\u00edpios brasileiros em congresso na Alemanha"},"content":{"rendered":"<p>A prefeita do munic\u00edpio de Monteiro, Anna Lorena de Farias Leite N\u00f3brega foi designada pela Confedera\u00e7\u00e3o Nacional dos Munic\u00edpios \u2013 CNM, para representar os munic\u00edpios brasileiros na Confer\u00eancia Clim\u00e1tica de L\u00edderes Locais e Regionais, a ser realizado na cidade de Bonn, na Alemanha, entre os dias 09 e 15 de novembro.<\/p>\n<p>O encontro re\u00fane lideran\u00e7as pol\u00edticas de todos os pa\u00edses e a presen\u00e7a da prefeita de Monteiro representando todos os munic\u00edpios brasileiros engrandece cada vez a regi\u00e3o do Cariri e a Para\u00edba como um todo.<\/p>\n<p>\u201cPra mim \u00e9 um motivo de orgulho representar os munic\u00edpios brasileiros nesta confer\u00eancia internacional que acontece na Alemanha, isto demonstra o reconhecimento de nossa participa\u00e7\u00e3o em todos os seguimentos pol\u00edticos e administrativos que temos marcado presen\u00e7a\u201d, disse a prefeita Anna Lorena.<\/p>\n<p>A viagem da prefeita est\u00e1 agendada para esta quarta-feira, 8, e nesta ter\u00e7a-feira, 7, a prefeita Anna Lorena transmite o cargo para o vice-prefeito Celecileno Alves que ficar\u00e1 a frente da gest\u00e3o municipal entre os dias 08 e 19 de novembro.<\/p>\n<p>A solenidade de transmiss\u00e3o do cargo nesta ter\u00e7a-feira, \u00e0s 16 horas, no gabinete da prefeita, na presen\u00e7a de secret\u00e1rios municipais e vereadores.<\/p>\n<p><strong>CARIRI EM A\u00c7\u00c3O<\/strong><\/p>\n<p>Com Secom<\/p>\n<p><strong>Leia mais not\u00edcias em\u00a0<\/strong><a style=\"font-style: inherit; font-weight: inherit;\" href=\"http:\/\/www.caririemacao.com\/\"><strong style=\"font-style: inherit;\">caririemacao.com<\/strong><\/a><strong style=\"font-style: inherit;\">, siga nossa p\u00e1gina no\u00a0<\/strong><a style=\"font-style: inherit; font-weight: inherit;\" href=\"https:\/\/www.facebook.com\/CaririEmAcao\/?ref=aymt_homepage_panel\"><strong style=\"font-style: inherit;\">Facebook<\/strong><\/a>,<strong style=\"font-style: inherit;\">\u00a0<\/strong><a style=\"font-style: inherit; font-weight: inherit;\" href=\"https:\/\/www.instagram.com\/cariri_em_acao\/?hl=pt-br\"><strong style=\"font-style: inherit;\">Instagram<\/strong><\/a><strong style=\"font-style: inherit;\">\u00a0e\u00a0<\/strong><a style=\"font-style: inherit; font-weight: inherit;\" href=\"https:\/\/www.youtube.com\/channel\/UCAptA0jQuYQy8vMhLt2m4qg\"><strong style=\"font-style: inherit;\">Youtube<\/strong><\/a><strong style=\"font-style: inherit;\">\u00a0e veja nossas mat\u00e9rias, v\u00eddeos e fotos. Voc\u00ea tamb\u00e9m pode enviar informa\u00e7\u00f5es \u00e0 Reda\u00e7\u00e3o do Portal Cariri em A\u00e7\u00e3o pelo WhatsApp (83) 9 9634.5791, (83) 9 9601-1162.<\/strong><\/p>\n","protected":false},"excerpt":{"rendered":"<p>A prefeita do munic\u00edpio de Monteiro, Anna Lorena de Farias Leite N\u00f3brega foi designada pela Confedera\u00e7\u00e3o Nacional dos Munic\u00edpios \u2013 CNM, para representar os munic\u00edpios&hellip; <\/p>\n","protected":false},"author":2,"featured_media":32579,"comment_status":"closed","ping_status":"closed","sticky":false,"template":"","format":"standard","meta":{"sfsi_plus_gutenberg_text_before_share":"","sfsi_plus_gutenberg_show_text_before_share":"","sfsi_plus_gutenberg_icon_type":"","sfsi_plus_gutenberg_icon_alignemt":"","sfsi_plus_gutenburg_max_per_row":"","footnotes":""},"categories":[11],"tags":[],"class_list":["post-32578","post","type-post","status-publish","format-standard","has-post-thumbnail","hentry","category-politica"],"_links":{"self":[{"href":"https:\/\/www.caririemacao.com\/1\/wp-json\/wp\/v2\/posts\/32578","targetHints":{"allow":["GET"]}}],"collection":[{"href":"https:\/\/www.caririemacao.com\/1\/wp-json\/wp\/v2\/posts"}],"about":[{"href":"https:\/\/www.caririemacao.com\/1\/wp-json\/wp\/v2\/types\/post"}],"author":[{"embeddable":true,"href":"https:\/\/www.caririemacao.com\/1\/wp-json\/wp\/v2\/users\/2"}],"replies":[{"embeddable":true,"href":"https:\/\/www.caririemacao.com\/1\/wp-json\/wp\/v2\/comments?post=32578"}],"version-history":[{"count":0,"href":"https:\/\/www.caririemacao.com\/1\/wp-json\/wp\/v2\/posts\/32578\/revisions"}],"wp:featuredmedia":[{"embeddable":true,"href":"https:\/\/www.caririemacao.com\/1\/wp-json\/wp\/v2\/media\/32579"}],"wp:attachment":[{"href":"https:\/\/www.caririemacao.com\/1\/wp-json\/wp\/v2\/media?parent=32578"}],"wp:term":[{"taxonomy":"category","embeddable":true,"href":"https:\/\/www.caririemacao.com\/1\/wp-json\/wp\/v2\/categories?post=32578"},{"taxonomy":"post_tag","embeddable":true,"href":"https:\/\/www.caririemacao.com\/1\/wp-json\/wp\/v2\/tags?post=32578"}],"curies":[{"name":"wp","href":"https:\/\/api.w.org\/{rel}","templated":true}]}}