{"id":32584,"date":"2017-11-09T09:45:16","date_gmt":"2017-11-09T12:45:16","guid":{"rendered":"http:\/\/caririemacao.com\/1\/?p=32584"},"modified":"2017-11-09T09:57:44","modified_gmt":"2017-11-09T12:57:44","slug":"tony-allysson-realiza-show-neste-final-de-semana-no-cariri","status":"publish","type":"post","link":"https:\/\/www.caririemacao.com\/1\/2017\/11\/09\/tony-allysson-realiza-show-neste-final-de-semana-no-cariri\/","title":{"rendered":"Tony Allysson realiza show neste final de semana no Cariri"},"content":{"rendered":"<p>O cantor Tony Allysson realizar\u00e1 um grande show oracional no pr\u00f3ximo dia 11 de novembro na cidade de Ouro Velho no Cariri.<\/p>\n<p>O evento ter\u00e1 in\u00edcio \u00e0s 18 horas, e ocorrer\u00e1 na \u00e1rea de shows do Parque Aqu\u00e1tico, Cant\u2019\u00e1guas. Os ingressos est\u00e3o sendo vendidos, antecipadamente, no valor de R$ 15,00; nos pontos de vendas espalhados nas cidades de Ouro Velho, Prata, Amparo, Monteiro, Sum\u00e9, S\u00e3o Jos\u00e9 do Egito e Tuparetama.<\/p>\n<p>O evento \u00e9 uma realiza\u00e7\u00e3o da par\u00f3quia Nossa Senhora do Ros\u00e1rio. Mais informa\u00e7\u00f5es (83) 3390-1070 ou <a href=\"mailto:paroquiapratapb@hotmail.com.br\">paroquiapratapb@hotmail.com.br<\/a>.<\/p>\n<p><strong>CARIRI EM A\u00c7\u00c3O<\/strong><\/p>\n<p><strong>Leia mais not\u00edcias em\u00a0<\/strong><a href=\"http:\/\/www.caririemacao.com\/\"><strong>caririemacao.com<\/strong><\/a><strong>, siga nossa p\u00e1gina no\u00a0<\/strong><a href=\"https:\/\/www.facebook.com\/CaririEmAcao\/?ref=aymt_homepage_panel\"><strong>Facebook<\/strong><\/a>,<strong>\u00a0<a href=\"https:\/\/www.instagram.com\/cariri_em_acao\/?hl=pt-br\">Instagram<\/a>\u00a0e <\/strong><a href=\"https:\/\/www.youtube.com\/channel\/UCAptA0jQuYQy8vMhLt2m4qg\"><strong>Youtube<\/strong><\/a><strong>\u00a0e veja nossas mat\u00e9rias, v\u00eddeos e fotos. Voc\u00ea tamb\u00e9m pode enviar informa\u00e7\u00f5es \u00e0 Reda\u00e7\u00e3o do Portal Cariri em A\u00e7\u00e3o pelo WhatsApp (83) 9 9634.5791, (83) 9 9601-1162.<\/strong><\/p>\n","protected":false},"excerpt":{"rendered":"<p>O cantor Tony Allysson realizar\u00e1 um grande show oracional no pr\u00f3ximo dia 11 de novembro na cidade de Ouro Velho no Cariri. O evento ter\u00e1&hellip; <\/p>\n","protected":false},"author":2,"featured_media":32585,"comment_status":"closed","ping_status":"closed","sticky":false,"template":"","format":"standard","meta":{"sfsi_plus_gutenberg_text_before_share":"","sfsi_plus_gutenberg_show_text_before_share":"","sfsi_plus_gutenberg_icon_type":"","sfsi_plus_gutenberg_icon_alignemt":"","sfsi_plus_gutenburg_max_per_row":"","footnotes":""},"categories":[2],"tags":[],"class_list":["post-32584","post","type-post","status-publish","format-standard","has-post-thumbnail","hentry","category-geral"],"_links":{"self":[{"href":"https:\/\/www.caririemacao.com\/1\/wp-json\/wp\/v2\/posts\/32584","targetHints":{"allow":["GET"]}}],"collection":[{"href":"https:\/\/www.caririemacao.com\/1\/wp-json\/wp\/v2\/posts"}],"about":[{"href":"https:\/\/www.caririemacao.com\/1\/wp-json\/wp\/v2\/types\/post"}],"author":[{"embeddable":true,"href":"https:\/\/www.caririemacao.com\/1\/wp-json\/wp\/v2\/users\/2"}],"replies":[{"embeddable":true,"href":"https:\/\/www.caririemacao.com\/1\/wp-json\/wp\/v2\/comments?post=32584"}],"version-history":[{"count":0,"href":"https:\/\/www.caririemacao.com\/1\/wp-json\/wp\/v2\/posts\/32584\/revisions"}],"wp:featuredmedia":[{"embeddable":true,"href":"https:\/\/www.caririemacao.com\/1\/wp-json\/wp\/v2\/media\/32585"}],"wp:attachment":[{"href":"https:\/\/www.caririemacao.com\/1\/wp-json\/wp\/v2\/media?parent=32584"}],"wp:term":[{"taxonomy":"category","embeddable":true,"href":"https:\/\/www.caririemacao.com\/1\/wp-json\/wp\/v2\/categories?post=32584"},{"taxonomy":"post_tag","embeddable":true,"href":"https:\/\/www.caririemacao.com\/1\/wp-json\/wp\/v2\/tags?post=32584"}],"curies":[{"name":"wp","href":"https:\/\/api.w.org\/{rel}","templated":true}]}}