{"id":32587,"date":"2017-11-07T13:05:51","date_gmt":"2017-11-07T16:05:51","guid":{"rendered":"http:\/\/caririemacao.com\/1\/?p=32587"},"modified":"2017-11-07T13:05:51","modified_gmt":"2017-11-07T16:05:51","slug":"governo-federal-autoriza-obras-da-barragem-de-camalau-nesta-sexta","status":"publish","type":"post","link":"https:\/\/www.caririemacao.com\/1\/2017\/11\/07\/governo-federal-autoriza-obras-da-barragem-de-camalau-nesta-sexta\/","title":{"rendered":"Governo Federal autoriza obras da Barragem de Camala\u00fa nesta sexta"},"content":{"rendered":"<p>O Governo Federal autoriza na pr\u00f3xima sexta-feira (10), o in\u00edcio das obras da 2\u00aa etapa da barregam de Camala\u00fa, no Cariri paraibano. A solenidade ter\u00e1 a presen\u00e7a do secret\u00e1rio nacional de Recursos H\u00eddricos do Minist\u00e9rio da Integra\u00e7\u00e3o Nacional, Ant\u00f4nio de P\u00e1dua, al\u00e9m da bancada federal paraibana na C\u00e2mara e no Senado.<\/p>\n<div><\/div>\n<div>Para esta etapa, est\u00e3o sendo investidos mais de R$ 10 milh\u00f5es. A obra ser\u00e1 executada pelo DNOCS e tem previs\u00e3o de ser entregue em seis meses.<\/div>\n<div><\/div>\n<div>A obra vai perenizar o Rio Para\u00edba chegando at\u00e9 a Barragem de Boqueir\u00e3o, levando benef\u00edcio para Campina Grande e outros 18 munic\u00edpios do compartimento da Borborema.<\/div>\n<div>\n<p><strong>CARIRI EM A\u00c7\u00c3O<\/strong><\/p>\n<p><em>Com Mais PB\/Foto:Google\u00a0\u00a0 <\/em><\/p>\n<p><strong>Leia mais not\u00edcias em\u00a0<\/strong><a href=\"http:\/\/www.caririemacao.com\/\"><strong>caririemacao.com<\/strong><\/a><strong>, siga nossa p\u00e1gina no\u00a0<\/strong><a href=\"https:\/\/www.facebook.com\/CaririEmAcao\/?ref=aymt_homepage_panel\"><strong>Facebook<\/strong><\/a>,<strong>\u00a0<\/strong><a href=\"https:\/\/www.instagram.com\/cariri_em_acao\/?hl=pt-br\"><strong>Instagram<\/strong><\/a><strong>\u00a0e <\/strong><a href=\"https:\/\/www.youtube.com\/channel\/UCAptA0jQuYQy8vMhLt2m4qg\"><strong>Youtube<\/strong><\/a><strong>\u00a0e veja nossas mat\u00e9rias, v\u00eddeos e fotos. Voc\u00ea tamb\u00e9m pode enviar informa\u00e7\u00f5es \u00e0 Reda\u00e7\u00e3o do Portal Cariri em A\u00e7\u00e3o pelo WhatsApp (83) 9 9634.5791, (83) 9 9601-1162.<\/strong><\/p>\n<\/div>\n","protected":false},"excerpt":{"rendered":"<p>O Governo Federal autoriza na pr\u00f3xima sexta-feira (10), o in\u00edcio das obras da 2\u00aa etapa da barregam de Camala\u00fa, no Cariri paraibano. A solenidade ter\u00e1&hellip; <\/p>\n","protected":false},"author":2,"featured_media":16661,"comment_status":"closed","ping_status":"closed","sticky":false,"template":"","format":"standard","meta":{"sfsi_plus_gutenberg_text_before_share":"","sfsi_plus_gutenberg_show_text_before_share":"","sfsi_plus_gutenberg_icon_type":"","sfsi_plus_gutenberg_icon_alignemt":"","sfsi_plus_gutenburg_max_per_row":"","footnotes":""},"categories":[6],"tags":[],"class_list":["post-32587","post","type-post","status-publish","format-standard","has-post-thumbnail","hentry","category-cidades"],"_links":{"self":[{"href":"https:\/\/www.caririemacao.com\/1\/wp-json\/wp\/v2\/posts\/32587","targetHints":{"allow":["GET"]}}],"collection":[{"href":"https:\/\/www.caririemacao.com\/1\/wp-json\/wp\/v2\/posts"}],"about":[{"href":"https:\/\/www.caririemacao.com\/1\/wp-json\/wp\/v2\/types\/post"}],"author":[{"embeddable":true,"href":"https:\/\/www.caririemacao.com\/1\/wp-json\/wp\/v2\/users\/2"}],"replies":[{"embeddable":true,"href":"https:\/\/www.caririemacao.com\/1\/wp-json\/wp\/v2\/comments?post=32587"}],"version-history":[{"count":0,"href":"https:\/\/www.caririemacao.com\/1\/wp-json\/wp\/v2\/posts\/32587\/revisions"}],"wp:featuredmedia":[{"embeddable":true,"href":"https:\/\/www.caririemacao.com\/1\/wp-json\/wp\/v2\/media\/16661"}],"wp:attachment":[{"href":"https:\/\/www.caririemacao.com\/1\/wp-json\/wp\/v2\/media?parent=32587"}],"wp:term":[{"taxonomy":"category","embeddable":true,"href":"https:\/\/www.caririemacao.com\/1\/wp-json\/wp\/v2\/categories?post=32587"},{"taxonomy":"post_tag","embeddable":true,"href":"https:\/\/www.caririemacao.com\/1\/wp-json\/wp\/v2\/tags?post=32587"}],"curies":[{"name":"wp","href":"https:\/\/api.w.org\/{rel}","templated":true}]}}