{"id":32590,"date":"2017-11-07T13:11:19","date_gmt":"2017-11-07T16:11:19","guid":{"rendered":"http:\/\/caririemacao.com\/1\/?p=32590"},"modified":"2017-11-07T13:11:19","modified_gmt":"2017-11-07T16:11:19","slug":"bolsonaro-entra-na-polemica-entre-policial-e-uepb-e-sugere-danos-morais","status":"publish","type":"post","link":"https:\/\/www.caririemacao.com\/1\/2017\/11\/07\/bolsonaro-entra-na-polemica-entre-policial-e-uepb-e-sugere-danos-morais\/","title":{"rendered":"Bolsonaro entra na pol\u00eamica entre policial e UEPB e sugere danos morais"},"content":{"rendered":"<p>O pr\u00e9-candidato a presidente da Rep\u00fablica, Jair Bolsonaro, entrou na pol\u00eamica da policial militar que foi impedida de fazer prova na UEPB de Guarabira por esta fardada e armada. Em entrevista \u00e0 R\u00e1dio Rural, o deputado federal sugeriu que ela processe a institui\u00e7\u00e3o de ensino por danos morais.<\/p>\n<p>\u201cEu espero que essa policial militar entre na Justi\u00e7a. Meta um processo em cima dessa faculdade e pe\u00e7a uma grana preta com danos morais. Eu acho que qualquer uma estudante que chegasse l\u00e1 com os peitos de fora, com os cabelos embaixo do bra\u00e7o falando sou feminista, meu corpo minhas regras, se chegasse um cara com um cigarr\u00e3o de maconha n\u00e3o teria problema nenhum\u201d, declarou.<\/p>\n<p>De acordo com o parlamentar, a faculdade n\u00e3o deveria ter tomado a atitude de tomou contra uma mulher que defende a sociedade da viol\u00eancia.<\/p>\n<p>\u201cA dire\u00e7\u00e3o da faculdade toma uma decis\u00e3o como essa, pelo amor de Deus. Como est\u00e1 o nosso ensino no Brasil. No ensino superior, isso \u00e9 repugnante conversar sobre isso a\u00ed. D\u00e1 nojo at\u00e9 em tocar nesse assunto. Discriminar uma mulher fardada. Se ela estivesse fazendo um faxina em uma empresa do munic\u00edpio ou do Estado, ela seria impedida tamb\u00e9m. \u00c9 uma discrimina\u00e7\u00e3o com a policial\u201d, alegou.<\/p>\n<p><strong>CARIRI EM A\u00c7\u00c3O<\/strong><\/p>\n<p><em>Com MaisPB \/Foto: Google\u00a0\u00a0 <\/em><\/p>\n<p><strong>Leia mais not\u00edcias em\u00a0<\/strong><a href=\"http:\/\/www.caririemacao.com\/\"><strong>caririemacao.com<\/strong><\/a><strong>, siga nossa p\u00e1gina no\u00a0<\/strong><a href=\"https:\/\/www.facebook.com\/CaririEmAcao\/?ref=aymt_homepage_panel\"><strong>Facebook<\/strong><\/a>,<strong>\u00a0<\/strong><a href=\"https:\/\/www.instagram.com\/cariri_em_acao\/?hl=pt-br\"><strong>Instagram<\/strong><\/a><strong>\u00a0e <\/strong><a href=\"https:\/\/www.youtube.com\/channel\/UCAptA0jQuYQy8vMhLt2m4qg\"><strong>Youtube<\/strong><\/a><strong>\u00a0e veja nossas mat\u00e9rias, v\u00eddeos e fotos. Voc\u00ea tamb\u00e9m pode enviar informa\u00e7\u00f5es \u00e0 Reda\u00e7\u00e3o do Portal Cariri em A\u00e7\u00e3o pelo WhatsApp (83) 9 9634.5791, (83) 9 9601-1162.<\/strong><\/p>\n","protected":false},"excerpt":{"rendered":"<p>O pr\u00e9-candidato a presidente da Rep\u00fablica, Jair Bolsonaro, entrou na pol\u00eamica da policial militar que foi impedida de fazer prova na UEPB de Guarabira por&hellip; <\/p>\n","protected":false},"author":2,"featured_media":25031,"comment_status":"closed","ping_status":"closed","sticky":false,"template":"","format":"standard","meta":{"sfsi_plus_gutenberg_text_before_share":"","sfsi_plus_gutenberg_show_text_before_share":"","sfsi_plus_gutenberg_icon_type":"","sfsi_plus_gutenberg_icon_alignemt":"","sfsi_plus_gutenburg_max_per_row":"","footnotes":""},"categories":[2],"tags":[],"class_list":["post-32590","post","type-post","status-publish","format-standard","has-post-thumbnail","hentry","category-geral"],"_links":{"self":[{"href":"https:\/\/www.caririemacao.com\/1\/wp-json\/wp\/v2\/posts\/32590","targetHints":{"allow":["GET"]}}],"collection":[{"href":"https:\/\/www.caririemacao.com\/1\/wp-json\/wp\/v2\/posts"}],"about":[{"href":"https:\/\/www.caririemacao.com\/1\/wp-json\/wp\/v2\/types\/post"}],"author":[{"embeddable":true,"href":"https:\/\/www.caririemacao.com\/1\/wp-json\/wp\/v2\/users\/2"}],"replies":[{"embeddable":true,"href":"https:\/\/www.caririemacao.com\/1\/wp-json\/wp\/v2\/comments?post=32590"}],"version-history":[{"count":0,"href":"https:\/\/www.caririemacao.com\/1\/wp-json\/wp\/v2\/posts\/32590\/revisions"}],"wp:featuredmedia":[{"embeddable":true,"href":"https:\/\/www.caririemacao.com\/1\/wp-json\/wp\/v2\/media\/25031"}],"wp:attachment":[{"href":"https:\/\/www.caririemacao.com\/1\/wp-json\/wp\/v2\/media?parent=32590"}],"wp:term":[{"taxonomy":"category","embeddable":true,"href":"https:\/\/www.caririemacao.com\/1\/wp-json\/wp\/v2\/categories?post=32590"},{"taxonomy":"post_tag","embeddable":true,"href":"https:\/\/www.caririemacao.com\/1\/wp-json\/wp\/v2\/tags?post=32590"}],"curies":[{"name":"wp","href":"https:\/\/api.w.org\/{rel}","templated":true}]}}