{"id":32592,"date":"2017-11-07T13:15:11","date_gmt":"2017-11-07T16:15:11","guid":{"rendered":"http:\/\/caririemacao.com\/1\/?p=32592"},"modified":"2017-11-07T13:15:11","modified_gmt":"2017-11-07T16:15:11","slug":"rc-sanciona-nova-lei-para-ipva-na-paraiba-que-causou-polemica-na-alpb","status":"publish","type":"post","link":"https:\/\/www.caririemacao.com\/1\/2017\/11\/07\/rc-sanciona-nova-lei-para-ipva-na-paraiba-que-causou-polemica-na-alpb\/","title":{"rendered":"RC sanciona nova lei para IPVA na Para\u00edba que causou pol\u00eamica na ALPB"},"content":{"rendered":"<p>O governador Ricardo Coutinho sancionou a lei que estabelece novos crit\u00e9rios para o Imposto sobre Propriedade de Ve\u00edculos Automotores (IPVA) na Para\u00edba. O projeto, de autoria do Poder Executivo, foi aprovado pela Assembleia Legislativa da Para\u00edba (ALPB) no dia 10 de outubro. A san\u00e7\u00e3o do governador foi publicada no Di\u00e1rio Oficial do Estado desta ter\u00e7a-feira (7).<\/p>\n<div>O projeto de lei causou pol\u00eamica na ALPB. A oposi\u00e7\u00e3o acusou o governo pelo Artigo de n\u00famero 31 do Cap\u00edtulo XV, que segundo os deputados previa aplica\u00e7\u00e3o de multa de 100% no valor do imposto, caso o propriet\u00e1rio do ve\u00edculo n\u00e3o pagasse o IPVA na data prevista.<\/div>\n<div><\/div>\n<div>No entanto, o Governo apontou um equ\u00edvoco dos opositores. Segundo o deputado Herv\u00e1zio Bezerra, l\u00edder de Ricardo na ALPB,\u00a0 \u201ca multa de 100% \u00e9 para quem for acusado de fraude ao programa de benef\u00edcios do IPVA, e ser\u00e1 aplicada apenas aos que burlarem o fisco estadual e federal\u201d.<\/div>\n<div>\n<p><strong>CARIRI EM A\u00c7\u00c3O<\/strong><\/p>\n<p><em>Com VC \/Foto: Google\u00a0\u00a0 <\/em><\/p>\n<p><strong>Leia mais not\u00edcias em\u00a0<\/strong><a href=\"http:\/\/www.caririemacao.com\/\"><strong>caririemacao.com<\/strong><\/a><strong>, siga nossa p\u00e1gina no\u00a0<\/strong><a href=\"https:\/\/www.facebook.com\/CaririEmAcao\/?ref=aymt_homepage_panel\"><strong>Facebook<\/strong><\/a>,<strong>\u00a0<\/strong><a href=\"https:\/\/www.instagram.com\/cariri_em_acao\/?hl=pt-br\"><strong>Instagram<\/strong><\/a><strong>\u00a0e <\/strong><a href=\"https:\/\/www.youtube.com\/channel\/UCAptA0jQuYQy8vMhLt2m4qg\"><strong>Youtube<\/strong><\/a><strong>\u00a0e veja nossas mat\u00e9rias, v\u00eddeos e fotos. Voc\u00ea tamb\u00e9m pode enviar informa\u00e7\u00f5es \u00e0 Reda\u00e7\u00e3o do Portal Cariri em A\u00e7\u00e3o pelo WhatsApp (83) 9 9634.5791, (83) 9 9601-1162.<\/strong><\/p>\n<\/div>\n","protected":false},"excerpt":{"rendered":"<p>O governador Ricardo Coutinho sancionou a lei que estabelece novos crit\u00e9rios para o Imposto sobre Propriedade de Ve\u00edculos Automotores (IPVA) na Para\u00edba. O projeto, de&hellip; <\/p>\n","protected":false},"author":2,"featured_media":31402,"comment_status":"closed","ping_status":"closed","sticky":false,"template":"","format":"standard","meta":{"sfsi_plus_gutenberg_text_before_share":"","sfsi_plus_gutenberg_show_text_before_share":"","sfsi_plus_gutenberg_icon_type":"","sfsi_plus_gutenberg_icon_alignemt":"","sfsi_plus_gutenburg_max_per_row":"","footnotes":""},"categories":[11],"tags":[],"class_list":["post-32592","post","type-post","status-publish","format-standard","has-post-thumbnail","hentry","category-politica"],"_links":{"self":[{"href":"https:\/\/www.caririemacao.com\/1\/wp-json\/wp\/v2\/posts\/32592","targetHints":{"allow":["GET"]}}],"collection":[{"href":"https:\/\/www.caririemacao.com\/1\/wp-json\/wp\/v2\/posts"}],"about":[{"href":"https:\/\/www.caririemacao.com\/1\/wp-json\/wp\/v2\/types\/post"}],"author":[{"embeddable":true,"href":"https:\/\/www.caririemacao.com\/1\/wp-json\/wp\/v2\/users\/2"}],"replies":[{"embeddable":true,"href":"https:\/\/www.caririemacao.com\/1\/wp-json\/wp\/v2\/comments?post=32592"}],"version-history":[{"count":0,"href":"https:\/\/www.caririemacao.com\/1\/wp-json\/wp\/v2\/posts\/32592\/revisions"}],"wp:featuredmedia":[{"embeddable":true,"href":"https:\/\/www.caririemacao.com\/1\/wp-json\/wp\/v2\/media\/31402"}],"wp:attachment":[{"href":"https:\/\/www.caririemacao.com\/1\/wp-json\/wp\/v2\/media?parent=32592"}],"wp:term":[{"taxonomy":"category","embeddable":true,"href":"https:\/\/www.caririemacao.com\/1\/wp-json\/wp\/v2\/categories?post=32592"},{"taxonomy":"post_tag","embeddable":true,"href":"https:\/\/www.caririemacao.com\/1\/wp-json\/wp\/v2\/tags?post=32592"}],"curies":[{"name":"wp","href":"https:\/\/api.w.org\/{rel}","templated":true}]}}