{"id":32594,"date":"2017-11-07T13:15:54","date_gmt":"2017-11-07T16:15:54","guid":{"rendered":"http:\/\/caririemacao.com\/1\/?p=32594"},"modified":"2017-11-07T13:15:54","modified_gmt":"2017-11-07T16:15:54","slug":"ossadas-de-corpos-humanos-sao-encontradas-em-escola-abandonada-na-paraiba","status":"publish","type":"post","link":"https:\/\/www.caririemacao.com\/1\/2017\/11\/07\/ossadas-de-corpos-humanos-sao-encontradas-em-escola-abandonada-na-paraiba\/","title":{"rendered":"Ossadas de corpos humanos s\u00e3o encontradas em escola abandonada na Para\u00edba"},"content":{"rendered":"<p>Ossadas de corpo humano foram encontradas na manh\u00e3 desta ter\u00e7a-feira (7) dentro da Escola Estadual Pedro Augusto Porto Caminha, mais conhecida como EEPAC, localizada no bairro de Jaguaribe, em Jo\u00e3o Pessoa.\u00a0<strong><a href=\"http:\/\/www.portalcorreio.com.br\/noticias\" target=\"_blank\" rel=\"noopener\"><br \/>\n<\/a><\/strong><br \/>\nDe acordo com o delegado Marcelo Bion, da Central de Flagrantes da Pol\u00edcia Civil, s\u00f3 a per\u00edcia \u00e9 quem poder\u00e1 apontar alguma coisa. Por\u00e9m, ele acredita que os ossos poderiam ser usados em aulas de anatomia, pelas condi\u00e7\u00f5es que foram encontrados. Resultado da per\u00edcia deve sair em 15 dias.<\/p>\n<p>A pol\u00edcia chegou ao local ap\u00f3s ter sido acionado atrav\u00e9s do 190. Os ossos estavam quase todos em uma \u00fanica sala, mas havia um cr\u00e2nio no p\u00e1tio da escola, que est\u00e1 desativada.<\/p>\n<p><strong>CARIRI EM A\u00c7\u00c3O<\/strong><\/p>\n<p><em>Com Portal Correio\/Foto: Reprodu\u00e7\u00e3o<\/em><\/p>\n<p><strong>Leia mais not\u00edcias em\u00a0<\/strong><a href=\"http:\/\/www.caririemacao.com\/\"><strong>caririemacao.com<\/strong><\/a><strong>, siga nossa p\u00e1gina no\u00a0<\/strong><a href=\"https:\/\/www.facebook.com\/CaririEmAcao\/?ref=aymt_homepage_panel\"><strong>Facebook<\/strong><\/a>,<strong>\u00a0<\/strong><a href=\"https:\/\/www.instagram.com\/cariri_em_acao\/?hl=pt-br\"><strong>Instagram<\/strong><\/a><strong>\u00a0e <\/strong><a href=\"https:\/\/www.youtube.com\/channel\/UCAptA0jQuYQy8vMhLt2m4qg\"><strong>Youtube<\/strong><\/a><strong>\u00a0e veja nossas mat\u00e9rias, v\u00eddeos e fotos. Voc\u00ea tamb\u00e9m pode enviar informa\u00e7\u00f5es \u00e0 Reda\u00e7\u00e3o do Portal Cariri em A\u00e7\u00e3o pelo WhatsApp (83) 9 9634.5791, (83) 9 9601-1162.<\/strong><\/p>\n","protected":false},"excerpt":{"rendered":"<p>Ossadas de corpo humano foram encontradas na manh\u00e3 desta ter\u00e7a-feira (7) dentro da Escola Estadual Pedro Augusto Porto Caminha, mais conhecida como EEPAC, localizada no&hellip; <\/p>\n","protected":false},"author":2,"featured_media":32595,"comment_status":"closed","ping_status":"closed","sticky":false,"template":"","format":"standard","meta":{"sfsi_plus_gutenberg_text_before_share":"","sfsi_plus_gutenberg_show_text_before_share":"","sfsi_plus_gutenberg_icon_type":"","sfsi_plus_gutenberg_icon_alignemt":"","sfsi_plus_gutenburg_max_per_row":"","footnotes":""},"categories":[12],"tags":[],"class_list":["post-32594","post","type-post","status-publish","format-standard","has-post-thumbnail","hentry","category-policia"],"_links":{"self":[{"href":"https:\/\/www.caririemacao.com\/1\/wp-json\/wp\/v2\/posts\/32594","targetHints":{"allow":["GET"]}}],"collection":[{"href":"https:\/\/www.caririemacao.com\/1\/wp-json\/wp\/v2\/posts"}],"about":[{"href":"https:\/\/www.caririemacao.com\/1\/wp-json\/wp\/v2\/types\/post"}],"author":[{"embeddable":true,"href":"https:\/\/www.caririemacao.com\/1\/wp-json\/wp\/v2\/users\/2"}],"replies":[{"embeddable":true,"href":"https:\/\/www.caririemacao.com\/1\/wp-json\/wp\/v2\/comments?post=32594"}],"version-history":[{"count":0,"href":"https:\/\/www.caririemacao.com\/1\/wp-json\/wp\/v2\/posts\/32594\/revisions"}],"wp:featuredmedia":[{"embeddable":true,"href":"https:\/\/www.caririemacao.com\/1\/wp-json\/wp\/v2\/media\/32595"}],"wp:attachment":[{"href":"https:\/\/www.caririemacao.com\/1\/wp-json\/wp\/v2\/media?parent=32594"}],"wp:term":[{"taxonomy":"category","embeddable":true,"href":"https:\/\/www.caririemacao.com\/1\/wp-json\/wp\/v2\/categories?post=32594"},{"taxonomy":"post_tag","embeddable":true,"href":"https:\/\/www.caririemacao.com\/1\/wp-json\/wp\/v2\/tags?post=32594"}],"curies":[{"name":"wp","href":"https:\/\/api.w.org\/{rel}","templated":true}]}}