{"id":32597,"date":"2017-11-07T13:20:51","date_gmt":"2017-11-07T16:20:51","guid":{"rendered":"http:\/\/caririemacao.com\/1\/?p=32597"},"modified":"2017-11-07T13:20:51","modified_gmt":"2017-11-07T16:20:51","slug":"camara-de-ssu-realiza-audiencia-publica-para-discutir-seguranca-publica","status":"publish","type":"post","link":"https:\/\/www.caririemacao.com\/1\/2017\/11\/07\/camara-de-ssu-realiza-audiencia-publica-para-discutir-seguranca-publica\/","title":{"rendered":"C\u00e2mara de SSU realiza audi\u00eancia p\u00fablica para discutir Seguran\u00e7a P\u00fablica"},"content":{"rendered":"<p>Nesta segunda-feira (06), em S\u00e3o Sebasti\u00e3o do Umbuzeiro, foi realizado pela C\u00e2mara Municipal de Vereadores uma Audi\u00eancia P\u00fablica sobre Seguran\u00e7a P\u00fablica, o evento foi realizado no Centro Pastoral, estiveram presentes a Dra. Tau\u00e1 Domiciano, representando a OAB\/PB, o Dr. Gilson Duarte, Delegado, Coronel Sim\u00e3o, Cabo Miguel, Presidentes das C\u00e2maras de Zabel\u00ea, S\u00e3o Jo\u00e3o do Tigre, bem como os vereadores, prefeito Adriano Wolff, Vice-Prefeito Chico de Mariano, Padre Adauto, M\u00e9dico Veterin\u00e1rio Jo\u00e3o Alexandrino Neto e Secret\u00e1rios do munic\u00edpio de S\u00e3o Sebasti\u00e3o do Umbuzeiro.<\/p>\n<p>Para a Audi\u00eancia P\u00fablica, foram convidadas entidades representativas das Pol\u00edcias Civil e Militar, al\u00e9m de organiza\u00e7\u00f5es n\u00e3o governamentais e associa\u00e7\u00f5es das categorias que lidam com a seguran\u00e7a p\u00fablica no estado e demais autoridades envolvidas com a tem\u00e1tica.<\/p>\n<p>Na oportunidade, foram debatidos diversos temas relativos \u00e0 Seguran\u00e7a P\u00fablica, tais como: Roubos e Furtos a animais, bancos; Acidentes com animais; viol\u00eancia dom\u00e9stica; homic\u00eddio; \u00e1reas fronteiri\u00e7as, dentre outros.<\/p>\n<p>As autoridades participantes trouxeram diversas solu\u00e7\u00f5es para os problemas debatidos, como por exemplo, a cria\u00e7\u00e3o de um conselho municipal de seguran\u00e7a, a cria\u00e7\u00e3o de leis para coibir acidentes com animais, a educa\u00e7\u00e3o como sa\u00edda para diminui\u00e7\u00e3o da criminalidade.<\/p>\n<p>Al\u00e9m disso, diversos populares se manifestaram sobre o tema da seguran\u00e7a, principalmente sobre os acidentes causados por animais e os furtos a animais.<\/p>\n<p>No t\u00e9rmino, fora dito pelo advogado do munic\u00edpio, Leonardo Ventura de Figueiredo, que seria encaminhado o relat\u00f3rio da audi\u00eancia p\u00fablica para todos os \u00f3rg\u00e3os convidados. Al\u00e9m disso, no que diz respeito \u00e0 seguran\u00e7a, a gest\u00e3o do presidente Denis quer dar ao Parlamento Municipal condi\u00e7\u00e3o para que seja criada uma agenda de trabalho conjunto para coibir o crime mediante novas ideias, que certamente surgiriam no transcurso dos trabalhos legislativos pertinentes ao tema.<\/p>\n<p><strong>CARIRI EM A\u00c7\u00c3O<\/strong><\/p>\n<p><em>Com Bolg do Didi \/Foto: Reprodu\u00e7\u00e3o\u00a0\u00a0<\/em><\/p>\n<p><strong>Leia mais not\u00edcias em\u00a0<\/strong><a href=\"http:\/\/www.caririemacao.com\/\"><strong>caririemacao.com<\/strong><\/a><strong>, siga nossa p\u00e1gina no\u00a0<\/strong><a href=\"https:\/\/www.facebook.com\/CaririEmAcao\/?ref=aymt_homepage_panel\"><strong>Facebook<\/strong><\/a>,<strong>\u00a0<\/strong><a href=\"https:\/\/www.instagram.com\/cariri_em_acao\/?hl=pt-br\"><strong>Instagram<\/strong><\/a><strong>\u00a0e <\/strong><a href=\"https:\/\/www.youtube.com\/channel\/UCAptA0jQuYQy8vMhLt2m4qg\"><strong>Youtube<\/strong><\/a><strong>\u00a0e veja nossas mat\u00e9rias, v\u00eddeos e fotos. Voc\u00ea tamb\u00e9m pode enviar informa\u00e7\u00f5es \u00e0 Reda\u00e7\u00e3o do Portal Cariri em A\u00e7\u00e3o pelo WhatsApp (83) 9 9634.5791, (83) 9 9601-1162.<\/strong><\/p>\n","protected":false},"excerpt":{"rendered":"<p>Nesta segunda-feira (06), em S\u00e3o Sebasti\u00e3o do Umbuzeiro, foi realizado pela C\u00e2mara Municipal de Vereadores uma Audi\u00eancia P\u00fablica sobre Seguran\u00e7a P\u00fablica, o evento foi realizado&hellip; <\/p>\n","protected":false},"author":2,"featured_media":32599,"comment_status":"closed","ping_status":"closed","sticky":false,"template":"","format":"standard","meta":{"sfsi_plus_gutenberg_text_before_share":"","sfsi_plus_gutenberg_show_text_before_share":"","sfsi_plus_gutenberg_icon_type":"","sfsi_plus_gutenberg_icon_alignemt":"","sfsi_plus_gutenburg_max_per_row":"","footnotes":""},"categories":[11],"tags":[],"class_list":["post-32597","post","type-post","status-publish","format-standard","has-post-thumbnail","hentry","category-politica"],"_links":{"self":[{"href":"https:\/\/www.caririemacao.com\/1\/wp-json\/wp\/v2\/posts\/32597","targetHints":{"allow":["GET"]}}],"collection":[{"href":"https:\/\/www.caririemacao.com\/1\/wp-json\/wp\/v2\/posts"}],"about":[{"href":"https:\/\/www.caririemacao.com\/1\/wp-json\/wp\/v2\/types\/post"}],"author":[{"embeddable":true,"href":"https:\/\/www.caririemacao.com\/1\/wp-json\/wp\/v2\/users\/2"}],"replies":[{"embeddable":true,"href":"https:\/\/www.caririemacao.com\/1\/wp-json\/wp\/v2\/comments?post=32597"}],"version-history":[{"count":0,"href":"https:\/\/www.caririemacao.com\/1\/wp-json\/wp\/v2\/posts\/32597\/revisions"}],"wp:featuredmedia":[{"embeddable":true,"href":"https:\/\/www.caririemacao.com\/1\/wp-json\/wp\/v2\/media\/32599"}],"wp:attachment":[{"href":"https:\/\/www.caririemacao.com\/1\/wp-json\/wp\/v2\/media?parent=32597"}],"wp:term":[{"taxonomy":"category","embeddable":true,"href":"https:\/\/www.caririemacao.com\/1\/wp-json\/wp\/v2\/categories?post=32597"},{"taxonomy":"post_tag","embeddable":true,"href":"https:\/\/www.caririemacao.com\/1\/wp-json\/wp\/v2\/tags?post=32597"}],"curies":[{"name":"wp","href":"https:\/\/api.w.org\/{rel}","templated":true}]}}