{"id":32604,"date":"2017-11-07T13:28:22","date_gmt":"2017-11-07T16:28:22","guid":{"rendered":"http:\/\/caririemacao.com\/1\/?p=32604"},"modified":"2017-11-07T13:28:22","modified_gmt":"2017-11-07T16:28:22","slug":"chapa-de-diretorio-do-psdb-afasta-possibilidade-de-romero-sair-candidato-a-governador","status":"publish","type":"post","link":"https:\/\/www.caririemacao.com\/1\/2017\/11\/07\/chapa-de-diretorio-do-psdb-afasta-possibilidade-de-romero-sair-candidato-a-governador\/","title":{"rendered":"Chapa de diret\u00f3rio do PSDB afasta possibilidade de Romero sair candidato a governador"},"content":{"rendered":"<p>Com uma chapa moldada para desestabilizar quaisquer futuras pretens\u00f5es de crescimento interno do prefeito de Campina Grande, Romero Rodrigues, na vida p\u00fablica, principalmente o sonho de vir a se candidatar ao Governo da Para\u00edba em 2018, o PSDB apostou numa nova executiva estadual com a cara e a determina\u00e7\u00e3o do cacique-mor da legenda, C\u00e1ssio Cunha Lima.<\/p>\n<p>O ex-deputado federal Ruy Carneiro, um dos principais cabos eleitorais do prefeito da Capital, Luciano Cartaxo, continuar\u00e1 na presid\u00eancia e se acaso precisar se ausentar do posto ter\u00e1 como substituto imediato (Primeiro vice) o ex-vice prefeito de Campina Grande Ronaldo Cunha Lima Filho.<\/p>\n<p>Para Romero Rodrigues sobrou no PSDB a insignificante Segunda vice-presid\u00eancia, esp\u00e9cie de \u201cpr\u00eamio de consola\u00e7\u00e3o\u201d do primo C\u00e1ssio \u00e0 sua fidelidade tucana absoluta nas \u00faltimas d\u00e9cadas.<\/p>\n<p>A nova executiva estadual do PSDB ser\u00e1 homologada neste s\u00e1bado pelo partido e j\u00e1 est\u00e1 fechada com nomes tidos como \u201cc\u00e3es de guarda\u201d do senador, historicamente cumpridores das suas ordens e desejos, a saber:<\/p>\n<p><a href=\"http:\/\/caririemacao.com\/1\/wp-content\/uploads\/2017\/11\/capa_07112017111434.jpg\"><img fetchpriority=\"high\" decoding=\"async\" class=\"wp-image-32608 size-full aligncenter\" src=\"http:\/\/caririemacao.com\/1\/wp-content\/uploads\/2017\/11\/capa_07112017111434.jpg\" alt=\"\" width=\"470\" height=\"455\" srcset=\"https:\/\/www.caririemacao.com\/1\/wp-content\/uploads\/2017\/11\/capa_07112017111434.jpg 470w, https:\/\/www.caririemacao.com\/1\/wp-content\/uploads\/2017\/11\/capa_07112017111434-300x290.jpg 300w\" sizes=\"(max-width: 470px) 100vw, 470px\" \/><\/a><\/p>\n<p><strong>CARIRI EM A\u00c7\u00c3O<\/strong><\/p>\n<p><em>Com P\u00e1gina 1 PB \/Foto:Google\u00a0\u00a0 <\/em><\/p>\n<p><strong>Leia mais not\u00edcias em\u00a0<\/strong><a href=\"http:\/\/www.caririemacao.com\/\"><strong>caririemacao.com<\/strong><\/a><strong>, siga nossa p\u00e1gina no\u00a0<\/strong><a href=\"https:\/\/www.facebook.com\/CaririEmAcao\/?ref=aymt_homepage_panel\"><strong>Facebook<\/strong><\/a>,<strong>\u00a0<\/strong><a href=\"https:\/\/www.instagram.com\/cariri_em_acao\/?hl=pt-br\"><strong>Instagram<\/strong><\/a><strong>\u00a0e <\/strong><a href=\"https:\/\/www.youtube.com\/channel\/UCAptA0jQuYQy8vMhLt2m4qg\"><strong>Youtube<\/strong><\/a><strong>\u00a0e veja nossas mat\u00e9rias, v\u00eddeos e fotos. Voc\u00ea tamb\u00e9m pode enviar informa\u00e7\u00f5es \u00e0 Reda\u00e7\u00e3o do Portal Cariri em A\u00e7\u00e3o pelo WhatsApp (83) 9 9634.5791, (83) 9 9601-1162.<\/strong><\/p>\n","protected":false},"excerpt":{"rendered":"<p>Com uma chapa moldada para desestabilizar quaisquer futuras pretens\u00f5es de crescimento interno do prefeito de Campina Grande, Romero Rodrigues, na vida p\u00fablica, principalmente o sonho&hellip; <\/p>\n","protected":false},"author":2,"featured_media":23778,"comment_status":"closed","ping_status":"closed","sticky":false,"template":"","format":"standard","meta":{"sfsi_plus_gutenberg_text_before_share":"","sfsi_plus_gutenberg_show_text_before_share":"","sfsi_plus_gutenberg_icon_type":"","sfsi_plus_gutenberg_icon_alignemt":"","sfsi_plus_gutenburg_max_per_row":"","footnotes":""},"categories":[11],"tags":[],"class_list":["post-32604","post","type-post","status-publish","format-standard","has-post-thumbnail","hentry","category-politica"],"_links":{"self":[{"href":"https:\/\/www.caririemacao.com\/1\/wp-json\/wp\/v2\/posts\/32604","targetHints":{"allow":["GET"]}}],"collection":[{"href":"https:\/\/www.caririemacao.com\/1\/wp-json\/wp\/v2\/posts"}],"about":[{"href":"https:\/\/www.caririemacao.com\/1\/wp-json\/wp\/v2\/types\/post"}],"author":[{"embeddable":true,"href":"https:\/\/www.caririemacao.com\/1\/wp-json\/wp\/v2\/users\/2"}],"replies":[{"embeddable":true,"href":"https:\/\/www.caririemacao.com\/1\/wp-json\/wp\/v2\/comments?post=32604"}],"version-history":[{"count":0,"href":"https:\/\/www.caririemacao.com\/1\/wp-json\/wp\/v2\/posts\/32604\/revisions"}],"wp:featuredmedia":[{"embeddable":true,"href":"https:\/\/www.caririemacao.com\/1\/wp-json\/wp\/v2\/media\/23778"}],"wp:attachment":[{"href":"https:\/\/www.caririemacao.com\/1\/wp-json\/wp\/v2\/media?parent=32604"}],"wp:term":[{"taxonomy":"category","embeddable":true,"href":"https:\/\/www.caririemacao.com\/1\/wp-json\/wp\/v2\/categories?post=32604"},{"taxonomy":"post_tag","embeddable":true,"href":"https:\/\/www.caririemacao.com\/1\/wp-json\/wp\/v2\/tags?post=32604"}],"curies":[{"name":"wp","href":"https:\/\/api.w.org\/{rel}","templated":true}]}}